{"id":7608,"date":"2018-02-23T11:34:23","date_gmt":"2018-02-23T10:34:23","guid":{"rendered":"https:\/\/balkon.art\/home\/?p=7608"},"modified":"2023-02-18T10:29:26","modified_gmt":"2023-02-18T09:29:26","slug":"hencze-tamas-1938-2018","status":"publish","type":"post","link":"https:\/\/balkon.art\/home\/hencze-tamas-1938-2018\/","title":{"rendered":"Hencze Tam\u00e1s | 1938\u20132018"},"content":{"rendered":"[vc_row type=&#8221;in_container&#8221; full_screen_row_position=&#8221;middle&#8221; scene_position=&#8221;center&#8221; text_color=&#8221;dark&#8221; text_align=&#8221;left&#8221; overlay_strength=&#8221;0.3&#8243; shape_divider_position=&#8221;bottom&#8221; bg_image_animation=&#8221;none&#8221;][vc_column column_padding=&#8221;no-extra-padding&#8221; column_padding_position=&#8221;all&#8221; background_color_opacity=&#8221;1&#8243; background_hover_color_opacity=&#8221;1&#8243; column_link_target=&#8221;_self&#8221; column_shadow=&#8221;none&#8221; column_border_radius=&#8221;none&#8221; width=&#8221;1\/1&#8243; tablet_width_inherit=&#8221;default&#8221; tablet_text_alignment=&#8221;default&#8221; phone_text_alignment=&#8221;default&#8221; column_border_width=&#8221;none&#8221; column_border_style=&#8221;solid&#8221; bg_image_animation=&#8221;none&#8221;][divider line_type=&#8221;No Line&#8221; custom_height=&#8221;5&#8243;][\/vc_column][\/vc_row][vc_row type=&#8221;in_container&#8221; full_screen_row_position=&#8221;middle&#8221; scene_position=&#8221;center&#8221; text_color=&#8221;dark&#8221; text_align=&#8221;left&#8221; top_padding=&#8221;0&#8243; bottom_padding=&#8221;0&#8243; overlay_strength=&#8221;0.3&#8243; shape_divider_position=&#8221;bottom&#8221; bg_image_animation=&#8221;none&#8221;][vc_column column_padding=&#8221;no-extra-padding&#8221; column_padding_position=&#8221;all&#8221; background_color_opacity=&#8221;1&#8243; background_hover_color_opacity=&#8221;1&#8243; column_link_target=&#8221;_self&#8221; column_shadow=&#8221;none&#8221; column_border_radius=&#8221;none&#8221; width=&#8221;2\/3&#8243; tablet_width_inherit=&#8221;default&#8221; tablet_text_alignment=&#8221;default&#8221; phone_text_alignment=&#8221;default&#8221; column_border_width=&#8221;none&#8221; column_border_style=&#8221;solid&#8221; bg_image_animation=&#8221;none&#8221;][vc_column_text]Hencz\u00e9nek, Tam\u00e1snak, Tomik\u00e1nak, Bandik\u00e1mnak volt egy metaforikus mondata: olyan, mint az angol f\u0171r\u00e9sz, h\u00faz is, visz is. Ezt a sok\u00e9rtelm\u0171 hasonlatot nagy virtuozit\u00e1ssal haszn\u00e1lta majd\u2019 minden helyzetben, f\u0151k\u00e9nt akkor, ha valaminek a viszonylagoss\u00e1g\u00e1ra, kisz\u00e1m\u00edthatatlans\u00e1g\u00e1ra, mindegys\u00e9g\u00e9re kellett illusztr\u00e1ci\u00f3t tal\u00e1lni. \u00c9n azonban ink\u00e1bb egyfajta fura, dandy-s szkepszist, mondhatjuk, dialektikus szkepticizmust hallottam ki a mondatb\u00f3l, mely \u2013 r\u00e1ad\u00e1sul \u2013 a hatvanas-hetvenes \u00e9vek cs\u00edkos \u00e9s p\u00f6tty\u00f6s k\u00e9peinek optikai ill\u00fazionizmus\u00e1ra is utalt.[\/vc_column_text][divider line_type=&#8221;No Line&#8221; custom_height=&#8221;40&#8243;][\/vc_column][vc_column column_padding=&#8221;no-extra-padding&#8221; column_padding_position=&#8221;all&#8221; background_color_opacity=&#8221;1&#8243; background_hover_color_opacity=&#8221;1&#8243; column_link_target=&#8221;_self&#8221; column_shadow=&#8221;none&#8221; column_border_radius=&#8221;none&#8221; top_margin=&#8221;0&#8243; bottom_margin=&#8221;0&#8243; width=&#8221;1\/3&#8243; tablet_width_inherit=&#8221;default&#8221; tablet_text_alignment=&#8221;default&#8221; phone_text_alignment=&#8221;default&#8221; column_border_width=&#8221;none&#8221; column_border_style=&#8221;solid&#8221; bg_image_animation=&#8221;none&#8221; offset=&#8221;vc_col-sm-offset-0 vc_hidden-sm vc_hidden-xs&#8221;][\/vc_column][\/vc_row][vc_row type=&#8221;in_container&#8221; full_screen_row_position=&#8221;middle&#8221; scene_position=&#8221;center&#8221; text_color=&#8221;dark&#8221; text_align=&#8221;left&#8221; class=&#8221;cont-20-0&#8243; overlay_strength=&#8221;0.3&#8243; shape_divider_position=&#8221;bottom&#8221; bg_image_animation=&#8221;none&#8221; shape_type=&#8221;&#8221;][vc_column column_padding=&#8221;no-extra-padding&#8221; column_padding_position=&#8221;all&#8221; background_color_opacity=&#8221;1&#8243; background_hover_color_opacity=&#8221;1&#8243; column_link_target=&#8221;_self&#8221; column_shadow=&#8221;none&#8221; column_border_radius=&#8221;none&#8221; width=&#8221;1\/1&#8243; tablet_width_inherit=&#8221;default&#8221; tablet_text_alignment=&#8221;default&#8221; phone_text_alignment=&#8221;default&#8221; column_border_width=&#8221;none&#8221; column_border_style=&#8221;solid&#8221; bg_image_animation=&#8221;none&#8221;][image_with_animation image_url=&#8221;7617&#8243; alignment=&#8221;center&#8221; animation=&#8221;Fade In&#8221; img_link_large=&#8221;yes&#8221; border_radius=&#8221;none&#8221; box_shadow=&#8221;none&#8221; max_width=&#8221;100%&#8221; el_class=&#8221;full-img&#8221;][vc_column_text]\n<p class=\"kepalir-1r\">Hencze Tam\u00e1s: <em>Horizont\u00e1lis strukt\u00fara,<\/em> 1970, olaj, karton, <span class=\"txt-x\">100\u00d770<\/span> cm<\/p>\n[\/vc_column_text][divider line_type=&#8221;No Line&#8221; custom_height=&#8221;30&#8243;][\/vc_column][\/vc_row][vc_row type=&#8221;in_container&#8221; full_screen_row_position=&#8221;middle&#8221; scene_position=&#8221;center&#8221; text_color=&#8221;dark&#8221; text_align=&#8221;left&#8221; overlay_strength=&#8221;0.3&#8243; shape_divider_position=&#8221;bottom&#8221; bg_image_animation=&#8221;none&#8221;][vc_column column_padding=&#8221;no-extra-padding&#8221; column_padding_position=&#8221;all&#8221; background_color_opacity=&#8221;1&#8243; background_hover_color_opacity=&#8221;1&#8243; column_link_target=&#8221;_self&#8221; column_shadow=&#8221;none&#8221; column_border_radius=&#8221;none&#8221; width=&#8221;2\/3&#8243; tablet_width_inherit=&#8221;default&#8221; tablet_text_alignment=&#8221;default&#8221; phone_text_alignment=&#8221;default&#8221; column_border_width=&#8221;none&#8221; column_border_style=&#8221;solid&#8221; bg_image_animation=&#8221;none&#8221;][vc_column_text]\u201eA szkeptikus (\u2026), miut\u00e1n az\u00e9rt kezdett el filozof\u00e1lni (<em>festeni \u2013 H. I.<\/em>), hogy a k\u00e9pzetekr\u0151l d\u00f6nts\u00f6n \u00e9s felfogja a zavartalan lelki\u00e1llapot el\u00e9r\u00e9se \u00e9rdek\u00e9ben, hogy melyik igaz \u00e9s melyik hamis, egym\u00e1snak ellentmond\u00f3, azonos s\u00faly\u00fa \u00e1ll\u00edt\u00e1sok t\u00f6meg\u00e9be \u00fctk\u00f6z\u00f6tt. Mivel azonban nem volt k\u00e9pes d\u00f6nteni fel\u0151l\u00fck, felf\u00fcggeszti \u00edt\u00e9let\u00e9t. Az \u00edt\u00e9let felf\u00fcggeszt\u00e9sekor pedig, mintegy v\u00e9letlen\u00fcl, r\u00e1k\u00f6\u00adsz\u00f6n a v\u00e9leked\u00e9s t\u00e1rgyaival kapcsolatos zavartalan lelki\u00ad\u00e1llapot.<\/p>\n<p>Aki ugyanis valamir\u0151l \u00fagy v\u00e9li, hogy term\u00e9\u00adszett\u0151l fogva j\u00f3 vagy rossz, annak lelke mindig zavarban lesz. (\u2026) Aki viszont semmi hat\u00e1rozottat nem gondol a term\u00e9szet szerint j\u00f3kr\u00f3l \u00e9s rosszakr\u00f3l, az nem is menek\u00fcl semmi el\u0151l \u00e9s nem is hajszol buzg\u00f3n semmit, enn\u00e9lfogva zavartalan lelki\u00e1lla\u00adpotban van.[\/vc_column_text][divider line_type=&#8221;No Line&#8221; custom_height=&#8221;40&#8243;][\/vc_column][vc_column column_padding=&#8221;no-extra-padding&#8221; column_padding_position=&#8221;all&#8221; background_color_opacity=&#8221;1&#8243; background_hover_color_opacity=&#8221;1&#8243; column_link_target=&#8221;_self&#8221; column_shadow=&#8221;none&#8221; column_border_radius=&#8221;none&#8221; width=&#8221;1\/3&#8243; tablet_width_inherit=&#8221;default&#8221; tablet_text_alignment=&#8221;default&#8221; phone_text_alignment=&#8221;default&#8221; column_border_width=&#8221;none&#8221; column_border_style=&#8221;solid&#8221; bg_image_animation=&#8221;none&#8221; offset=&#8221;vc_col-sm-offset-0 vc_hidden-sm vc_hidden-xs&#8221;][\/vc_column][\/vc_row][vc_row type=&#8221;in_container&#8221; full_screen_row_position=&#8221;middle&#8221; scene_position=&#8221;center&#8221; text_color=&#8221;dark&#8221; text_align=&#8221;left&#8221; class=&#8221;cont-20-0&#8243; overlay_strength=&#8221;0.3&#8243; shape_divider_position=&#8221;bottom&#8221; bg_image_animation=&#8221;none&#8221; shape_type=&#8221;&#8221;][vc_column column_padding=&#8221;no-extra-padding&#8221; column_padding_position=&#8221;all&#8221; background_color_opacity=&#8221;1&#8243; background_hover_color_opacity=&#8221;1&#8243; column_link_target=&#8221;_self&#8221; column_shadow=&#8221;none&#8221; column_border_radius=&#8221;none&#8221; width=&#8221;1\/1&#8243; tablet_width_inherit=&#8221;default&#8221; tablet_text_alignment=&#8221;default&#8221; phone_text_alignment=&#8221;default&#8221; column_border_width=&#8221;none&#8221; column_border_style=&#8221;solid&#8221; bg_image_animation=&#8221;none&#8221;][image_with_animation image_url=&#8221;7619&#8243; alignment=&#8221;center&#8221; animation=&#8221;Fade In&#8221; img_link_large=&#8221;yes&#8221; border_radius=&#8221;none&#8221; box_shadow=&#8221;none&#8221; max_width=&#8221;100%&#8221; el_class=&#8221;full-img&#8221;][vc_column_text]\n<p class=\"kepalir-1r\">Hencze Tam\u00e1s: <em>Forg\u00e1s,<\/em> 1970, olaj, karton, <span class=\"txt-x\">70\u00d770<\/span> cm | A Neon Gal\u00e9ria j\u00f3volt\u00e1b\u00f3l.<\/p>\n[\/vc_column_text][divider line_type=&#8221;No Line&#8221; custom_height=&#8221;30&#8243;][\/vc_column][\/vc_row][vc_row type=&#8221;in_container&#8221; full_screen_row_position=&#8221;middle&#8221; scene_position=&#8221;center&#8221; text_color=&#8221;dark&#8221; text_align=&#8221;left&#8221; overlay_strength=&#8221;0.3&#8243; shape_divider_position=&#8221;bottom&#8221; bg_image_animation=&#8221;none&#8221;][vc_column column_padding=&#8221;no-extra-padding&#8221; column_padding_position=&#8221;all&#8221; background_color_opacity=&#8221;1&#8243; background_hover_color_opacity=&#8221;1&#8243; column_link_target=&#8221;_self&#8221; column_shadow=&#8221;none&#8221; column_border_radius=&#8221;none&#8221; width=&#8221;2\/3&#8243; tablet_width_inherit=&#8221;default&#8221; tablet_text_alignment=&#8221;default&#8221; phone_text_alignment=&#8221;default&#8221; column_border_width=&#8221;none&#8221; column_border_style=&#8221;solid&#8221; bg_image_animation=&#8221;none&#8221;][vc_column_text]Amit pedig Apell\u00e9szr\u0151l, a fest\u0151r\u0151l mes\u00e9lnek, elmond\u00adhat\u00f3 a szkeptikusr\u00f3l is. Azt mondj\u00e1k ugyanis, hogy ami\u00adkor lovat festett \u00e9s festm\u00e9ny\u00e9n ut\u00e1nozni k\u00edv\u00e1nta a l\u00f3 ver\u00edt\u00e9k\u00e9t, ez annyira nem siker\u00fclt neki, hogy lemondott r\u00f3la \u00e9s a szivacsot, amire az ecsetj\u00e9r\u0151l lecs\u00f6ppen\u0151 fest\u00e9ket t\u00f6r\u00f6lte, hozz\u00e1v\u00e1gta a k\u00e9phez. Az odacsap\u00f3d\u00f3 szivacs pedig a l\u00f3 ver\u00edt\u00e9k\u00e9t mint\u00e1zta meg.<\/p>\n<p>A szkeptikusok is egyr\u00e9szt azt rem\u00e9lt\u00e9k, hogy zavartalan lelki\u00e1llapothoz jutnak el az\u00e1ltal, hogy d\u00f6ntenek a jelens\u00e9gekben \u00e9s elgondoltakban megl\u00e9v\u0151 rendezetlens\u00e9g fel\u0151l, mivel azon\u00adban ezt nem voltak k\u00e9pesek megtenni, az \u00edt\u00e9let felf\u00fcg\u00adgeszt\u00e9s\u00e9hez folyamodtak. De mid\u0151n \u00edt\u00e9let\u00fcket felf\u00fcg\u00adgesztett\u00e9k \u2013 mintegy v\u00e9letlen\u00fcl \u2013, a zavartalan lelki\u00e1llapot is mell\u00e9j\u00fck szeg\u0151d\u00f6tt, mint ahogy \u00e1rny\u00e9k a testhez.\u201d Az id\u00e9zet az \u00f3kori <span class=\"small\">Sextus Empiricus<\/span>t\u00f3l sz\u00e1rmazik, aki a n\u00e1la majd hatsz\u00e1z \u00e9vvel kor\u00e1bban \u00e9lt, ugyancsak g\u00f6r\u00f6g <span class=\"small\">P\u00fcrrh\u00f3n,<\/span> az els\u0151 szkeptikus filoz\u00f3fus, a p\u00fcrrhonizmus megalap\u00edt\u00f3j\u00e1nak k\u00f6vet\u0151je volt. A mester eredetileg maga is fest\u0151 volt.[\/vc_column_text][divider line_type=&#8221;No Line&#8221; custom_height=&#8221;40&#8243;][\/vc_column][vc_column column_padding=&#8221;no-extra-padding&#8221; column_padding_position=&#8221;all&#8221; background_color_opacity=&#8221;1&#8243; background_hover_color_opacity=&#8221;1&#8243; column_link_target=&#8221;_self&#8221; column_shadow=&#8221;none&#8221; column_border_radius=&#8221;none&#8221; width=&#8221;1\/3&#8243; tablet_width_inherit=&#8221;default&#8221; tablet_text_alignment=&#8221;default&#8221; phone_text_alignment=&#8221;default&#8221; column_border_width=&#8221;none&#8221; column_border_style=&#8221;solid&#8221; bg_image_animation=&#8221;none&#8221; offset=&#8221;vc_hidden-sm vc_hidden-xs&#8221;][\/vc_column][\/vc_row][vc_row type=&#8221;in_container&#8221; full_screen_row_position=&#8221;middle&#8221; scene_position=&#8221;center&#8221; text_color=&#8221;dark&#8221; text_align=&#8221;left&#8221; class=&#8221;cont-20-0&#8243; overlay_strength=&#8221;0.3&#8243; shape_divider_position=&#8221;bottom&#8221; bg_image_animation=&#8221;none&#8221; shape_type=&#8221;&#8221;][vc_column column_padding=&#8221;no-extra-padding&#8221; column_padding_position=&#8221;all&#8221; background_color_opacity=&#8221;1&#8243; background_hover_color_opacity=&#8221;1&#8243; column_link_target=&#8221;_self&#8221; column_shadow=&#8221;none&#8221; column_border_radius=&#8221;none&#8221; width=&#8221;1\/1&#8243; tablet_width_inherit=&#8221;default&#8221; tablet_text_alignment=&#8221;default&#8221; phone_text_alignment=&#8221;default&#8221; column_border_width=&#8221;none&#8221; column_border_style=&#8221;solid&#8221; bg_image_animation=&#8221;none&#8221;][image_with_animation image_url=&#8221;7618&#8243; alignment=&#8221;center&#8221; animation=&#8221;Fade In&#8221; img_link_large=&#8221;yes&#8221; border_radius=&#8221;none&#8221; box_shadow=&#8221;none&#8221; max_width=&#8221;100%&#8221; el_class=&#8221;full-img&#8221;][vc_column_text]\n<p class=\"kepalir-1r\">Hencze Tam\u00e1s: <em>Dinamikus strukt\u00fara,<\/em> 1969, olaj, v\u00e1szon, <span class=\"txt-x\">120\u00d760<\/span> cm | A Neon Gal\u00e9ria j\u00f3volt\u00e1b\u00f3l.<\/p>\n[\/vc_column_text][divider line_type=&#8221;No Line&#8221; custom_height=&#8221;30&#8243;][\/vc_column][\/vc_row][vc_row type=&#8221;in_container&#8221; full_screen_row_position=&#8221;middle&#8221; scene_position=&#8221;center&#8221; text_color=&#8221;dark&#8221; text_align=&#8221;left&#8221; overlay_strength=&#8221;0.3&#8243; shape_divider_position=&#8221;bottom&#8221; bg_image_animation=&#8221;none&#8221;][vc_column column_padding=&#8221;no-extra-padding&#8221; column_padding_position=&#8221;all&#8221; background_color_opacity=&#8221;1&#8243; background_hover_color_opacity=&#8221;1&#8243; column_link_target=&#8221;_self&#8221; column_shadow=&#8221;none&#8221; column_border_radius=&#8221;none&#8221; width=&#8221;2\/3&#8243; tablet_width_inherit=&#8221;default&#8221; tablet_text_alignment=&#8221;default&#8221; phone_text_alignment=&#8221;default&#8221; column_border_width=&#8221;none&#8221; column_border_style=&#8221;solid&#8221; bg_image_animation=&#8221;none&#8221;][vc_column_text]\u201eMa is eml\u00e9kszem \u2013 id\u00e9zte f\u00f6l Hencze 1993-ban \u2013, ahogy egy interj\u00faban <span class=\"no-hype\">Soulages<\/span> elmondja, hogyan lett fest\u0151. Breton parasztok ivad\u00e9ka volt, aki kiment a t\u00e1jba, \u00e9s ahogy a feh\u00e9r h\u00f3ban a k\u0151dolmenek kirajzol\u00f3dtak, \u00fagy alakultak ki a nagy t\u00f6mbform\u00e1ci\u00f3k a k\u00e9pen, teh\u00e1t abszol\u00fat meg lehetett \u00e9rteni a klasszikus absztrakci\u00f3 titk\u00e1t. (\u2026) Nekem nem a klasszikus t\u00e1jb\u00f3l vagy egy\u00e9b val\u00f3s\u00e1g\u00e9lm\u00e9nyb\u0151l j\u00f6tt \u00e1t az absztrakci\u00f3.<\/p>\n<p>Sz\u00e1momra az inspir\u00e1ci\u00f3 materi\u00e1lis volt, nem szellemi. Teh\u00e1t hogyan mozog az anyag, hogyan m\u0171k\u00f6dik egy fest\u00e9k, mondjuk nagyk\u00e9p\u0171en: a m\u00e9di\u00e1ra, a k\u00f6zvet\u00edt\u0151re alapozott technik\u00e1k vagy m\u0171v\u00e9szet \u00e9rdekelt, \u00e9s nem a jelent\u00e9s, sz\u00f3val nem az asszoci\u00e1ci\u00f3s r\u00e9sze \u00e9rdekelt, hanem maga a cselekedet, az anyag mozgat\u00e1sa.\u201d<\/p>\n<p>Hencze utols\u00f3 h\u00e1rom mondata, annak ellen\u00e9re vagy \u00e9ppen azzal egy\u00fctt, hogy egy, az elhangz\u00e1suk idej\u00e9n\u00e9l harminc \u00e9vvel kor\u00e1bbi helyzetre vonatkoztak, rendk\u00edv\u00fcl fontosak a fest\u0151 sz\u00e1nd\u00e9kainak \u00e9s az \u00e9letm\u0171 eg\u00e9sz\u00e9nek meg\u00edt\u00e9l\u00e9se szempontj\u00e1b\u00f3l. Jelent\u0151s\u00e9g\u00fck abban \u00e1ll, hogy egyszer\u0171en \u00e9s tiszt\u00e1n fogalmaz\u00f3dik meg \u00e1ltaluk, miszerint Hencz\u00e9t a legkev\u00e9sb\u00e9 sem spiritu\u00e1lis-ideologikus, <em>eszmei eszm\u00e9k<\/em> vez\u00e9relt\u00e9k; sem a hatvanas \u00e9vek k\u00f6zep\u00e9n festett tasiszta vagy gesztus-k\u00e9pei, sem a k\u00e9s\u0151bbi, saj\u00e1tos, csak r\u00e1 jellemz\u0151 kinetikus-illuzionista absztrakt festm\u00e9nyei \u2013 j\u00f3 n\u00e9h\u00e1ny kort\u00e1rs\u00e1nak praxis\u00e1val szemben \u2013 nem t\u00e1maszkodtak <em>ide\u00e1l-te\u00f3ri\u00e1kra<\/em> vagy filoz\u00f3fiai alapokra. Ugyan\u00edgy <span class=\"no-hype\">Kass\u00e1k Lajos<\/span> vagy <span class=\"no-hype\">Moholy-Nagy L\u00e1szl\u00f3<\/span> \u00f6r\u00f6ks\u00e9g\u00e9nek \u201ev\u00e1llal\u00e1sa\u201d is \u2013 ez szinte minden vele k\u00e9sz\u00fclt interj\u00faban megfogalmaz\u00f3dott \u2013 els\u0151sorban erk\u00f6lcsi-etikai v\u00e1laszt\u00e1s \u00e9s d\u00f6nt\u00e9s, mintsem a form\u00e1l\u00e1s teoretikus megalapozotts\u00e1g\u00e1nak folytat\u00e1sa.[\/vc_column_text][divider line_type=&#8221;No Line&#8221; custom_height=&#8221;30&#8243;][\/vc_column][vc_column column_padding=&#8221;no-extra-padding&#8221; column_padding_position=&#8221;all&#8221; background_color_opacity=&#8221;1&#8243; background_hover_color_opacity=&#8221;1&#8243; column_link_target=&#8221;_self&#8221; column_shadow=&#8221;none&#8221; column_border_radius=&#8221;none&#8221; width=&#8221;1\/3&#8243; tablet_width_inherit=&#8221;default&#8221; tablet_text_alignment=&#8221;default&#8221; phone_text_alignment=&#8221;default&#8221; column_border_width=&#8221;none&#8221; column_border_style=&#8221;solid&#8221; bg_image_animation=&#8221;none&#8221; offset=&#8221;vc_hidden-sm vc_hidden-xs&#8221;][\/vc_column][\/vc_row][vc_row type=&#8221;full_width_content&#8221; full_screen_row_position=&#8221;middle&#8221; scene_position=&#8221;center&#8221; text_color=&#8221;dark&#8221; text_align=&#8221;left&#8221; overlay_strength=&#8221;0.3&#8243; shape_divider_position=&#8221;bottom&#8221; bg_image_animation=&#8221;none&#8221; shape_type=&#8221;&#8221;][vc_column column_padding=&#8221;no-extra-padding&#8221; column_padding_position=&#8221;left-right&#8221; background_color_opacity=&#8221;1&#8243; background_hover_color_opacity=&#8221;1&#8243; column_link_target=&#8221;_self&#8221; column_shadow=&#8221;none&#8221; column_border_radius=&#8221;none&#8221; el_class=&#8221;he-4&#8243; width=&#8221;1\/4&#8243; tablet_width_inherit=&#8221;default&#8221; tablet_text_alignment=&#8221;default&#8221; phone_text_alignment=&#8221;default&#8221; column_border_width=&#8221;none&#8221; column_border_style=&#8221;solid&#8221; bg_image_animation=&#8221;none&#8221;][divider line_type=&#8221;No Line&#8221; custom_height=&#8221;30&#8243;][image_with_animation image_url=&#8221;7613&#8243; alignment=&#8221;&#8221; animation=&#8221;Fade In&#8221; img_link_large=&#8221;yes&#8221; border_radius=&#8221;none&#8221; box_shadow=&#8221;none&#8221; max_width=&#8221;100%&#8221;][\/vc_column][vc_column column_padding=&#8221;no-extra-padding&#8221; column_padding_position=&#8221;left-right&#8221; background_color_opacity=&#8221;1&#8243; background_hover_color_opacity=&#8221;1&#8243; column_link_target=&#8221;_self&#8221; column_shadow=&#8221;none&#8221; column_border_radius=&#8221;none&#8221; el_class=&#8221;he-4&#8243; width=&#8221;1\/4&#8243; tablet_width_inherit=&#8221;default&#8221; tablet_text_alignment=&#8221;default&#8221; phone_text_alignment=&#8221;default&#8221; column_border_width=&#8221;none&#8221; column_border_style=&#8221;solid&#8221; bg_image_animation=&#8221;none&#8221;][divider line_type=&#8221;No Line&#8221; custom_height=&#8221;30&#8243;][image_with_animation image_url=&#8221;7614&#8243; alignment=&#8221;&#8221; animation=&#8221;Fade In&#8221; img_link_large=&#8221;yes&#8221; border_radius=&#8221;none&#8221; box_shadow=&#8221;none&#8221; max_width=&#8221;100%&#8221;][\/vc_column][vc_column column_padding=&#8221;no-extra-padding&#8221; column_padding_position=&#8221;left-right&#8221; background_color_opacity=&#8221;1&#8243; background_hover_color_opacity=&#8221;1&#8243; column_link_target=&#8221;_self&#8221; column_shadow=&#8221;none&#8221; column_border_radius=&#8221;none&#8221; el_class=&#8221;he-4&#8243; width=&#8221;1\/4&#8243; tablet_width_inherit=&#8221;default&#8221; tablet_text_alignment=&#8221;default&#8221; phone_text_alignment=&#8221;default&#8221; column_border_width=&#8221;none&#8221; column_border_style=&#8221;solid&#8221; bg_image_animation=&#8221;none&#8221;][divider line_type=&#8221;No Line&#8221; custom_height=&#8221;30&#8243;][image_with_animation image_url=&#8221;7615&#8243; alignment=&#8221;&#8221; animation=&#8221;Fade In&#8221; img_link_large=&#8221;yes&#8221; border_radius=&#8221;none&#8221; box_shadow=&#8221;none&#8221; max_width=&#8221;100%&#8221;][\/vc_column][vc_column column_padding=&#8221;no-extra-padding&#8221; column_padding_position=&#8221;left-right&#8221; background_color_opacity=&#8221;1&#8243; background_hover_color_opacity=&#8221;1&#8243; column_link_target=&#8221;_self&#8221; column_shadow=&#8221;none&#8221; column_border_radius=&#8221;none&#8221; el_class=&#8221;he-4&#8243; width=&#8221;1\/4&#8243; tablet_width_inherit=&#8221;default&#8221; tablet_text_alignment=&#8221;default&#8221; phone_text_alignment=&#8221;default&#8221; column_border_width=&#8221;none&#8221; column_border_style=&#8221;solid&#8221; bg_image_animation=&#8221;none&#8221;][divider line_type=&#8221;No Line&#8221; custom_height=&#8221;30&#8243;][image_with_animation image_url=&#8221;7615&#8243; alignment=&#8221;center&#8221; animation=&#8221;Fade In&#8221; img_link_large=&#8221;yes&#8221; border_radius=&#8221;none&#8221; box_shadow=&#8221;none&#8221; max_width=&#8221;100%&#8221;][vc_column_text]\n<p class=\"kepalir-1r\">Hencze Tam\u00e1s: <em>\u00d6narck\u00e9p sorozat,<\/em> 1970-es \u00e9vek, fot\u00f3, koll\u00e1zs, filctoll, tempera, <span class=\"txt-x\">30\u00d721<\/span> cm egyenk\u00e9nt | A Neon Gal\u00e9ria j\u00f3volt\u00e1b\u00f3l.<\/p>\n[\/vc_column_text][\/vc_column][\/vc_row][vc_row type=&#8221;in_container&#8221; full_screen_row_position=&#8221;middle&#8221; scene_position=&#8221;center&#8221; text_color=&#8221;dark&#8221; text_align=&#8221;left&#8221; overlay_strength=&#8221;0.3&#8243; shape_divider_position=&#8221;bottom&#8221; bg_image_animation=&#8221;none&#8221;][vc_column column_padding=&#8221;no-extra-padding&#8221; column_padding_position=&#8221;all&#8221; background_color_opacity=&#8221;1&#8243; background_hover_color_opacity=&#8221;1&#8243; column_link_target=&#8221;_self&#8221; column_shadow=&#8221;none&#8221; column_border_radius=&#8221;none&#8221; width=&#8221;2\/3&#8243; tablet_width_inherit=&#8221;default&#8221; tablet_text_alignment=&#8221;default&#8221; phone_text_alignment=&#8221;default&#8221; column_border_width=&#8221;none&#8221; column_border_style=&#8221;solid&#8221; bg_image_animation=&#8221;none&#8221;][divider line_type=&#8221;No Line&#8221; custom_height=&#8221;50&#8243;][vc_column_text]Hencze Tam\u00e1s, mint f\u00e9lig-meddig naiv, nonsalansszal \u00e1ldott-vert, vid\u00e9kr\u0151l a f\u0151v\u00e1rosba (s\u0151t, a m\u0171v\u00e9szet f\u0151v\u00e1ros\u00e1ba, P\u00e1rizsba) szabadult Flaubert- vagy Maupassant-h\u0151s igyekezett megkapaszkodni Budapesten, s persze sikerrel. Alkalmazott grafikai \u00e9s dekor\u00e1ci\u00f3s munk\u00e1kb\u00f3l, ipari v\u00e1s\u00e1ri tervek kivitelez\u00e9s\u00e9b\u0151l \u00e9lt \u2013 mint p\u00e1lya- \u00e9s kort\u00e1rsainak nagy r\u00e9sze eg\u00e9szen a hetvenes \u00e9vek k\u00f6zep\u00e9ig \u2013 \u00e9s e munk\u00e1k meg T\u00f3t Endre r\u00e9v\u00e9n ismerkedett meg Bak Imr\u00e9vel, N\u00e1dler Istv\u00e1nnal, majd Csiky Tiborral, s rajtuk kereszt\u00fcl, pontosabban vel\u00fck lett Moln\u00e1r S\u00e1ndor zugl\u00f3i k\u00f6r\u00e9nek tagja. Ebben a szociol\u00f3giailag gazdagon r\u00e9tegzett t\u00e1rsas\u00e1gban <span class=\"no-hype\">Hencz\u00e9nek<\/span> saj\u00e1tos helye volt: miut\u00e1n szinte mindannyian vid\u00e9kr\u0151l sz\u00e1rmaztak, elvileg azonos es\u00e9lyeik lehettek volna, \u00e1m <span class=\"no-hype\">Hencz\u00e9nek<\/span> apja (csal\u00e1dja) r\u00e9v\u00e9n \u2013 \u201evon haus aus\u201d \u2013 kultur\u00e1lis el\u0151nye volt, annak ellen\u00e9re is, hogy nem j\u00e1rt a K\u00e9pz\u0151m\u0171v\u00e9szeti F\u0151iskol\u00e1ra; s b\u00e1r szakmai-technikai \u00e9rtelemben teh\u00e1t h\u00e1tr\u00e1nyba ker\u00fclt, a hendikeppet valami frivol k\u00f6nnyeds\u00e9ggel nagyon gyorsan lek\u00fczd\u00f6tte\u2026[\/vc_column_text][divider line_type=&#8221;No Line&#8221; custom_height=&#8221;60&#8243;][\/vc_column][vc_column column_padding=&#8221;no-extra-padding&#8221; column_padding_position=&#8221;all&#8221; background_color_opacity=&#8221;1&#8243; background_hover_color_opacity=&#8221;1&#8243; column_link_target=&#8221;_self&#8221; column_shadow=&#8221;none&#8221; column_border_radius=&#8221;none&#8221; width=&#8221;1\/3&#8243; tablet_width_inherit=&#8221;default&#8221; tablet_text_alignment=&#8221;default&#8221; phone_text_alignment=&#8221;default&#8221; column_border_width=&#8221;none&#8221; column_border_style=&#8221;solid&#8221; bg_image_animation=&#8221;none&#8221; offset=&#8221;vc_hidden-sm vc_hidden-xs&#8221;][\/vc_column][\/vc_row][vc_row type=&#8221;in_container&#8221; full_screen_row_position=&#8221;middle&#8221; scene_position=&#8221;center&#8221; text_color=&#8221;dark&#8221; text_align=&#8221;left&#8221; class=&#8221;cont-20-0&#8243; overlay_strength=&#8221;0.3&#8243; shape_divider_position=&#8221;bottom&#8221; bg_image_animation=&#8221;none&#8221; shape_type=&#8221;&#8221;][vc_column column_padding=&#8221;no-extra-padding&#8221; column_padding_position=&#8221;all&#8221; background_color_opacity=&#8221;1&#8243; background_hover_color_opacity=&#8221;1&#8243; column_link_target=&#8221;_self&#8221; column_shadow=&#8221;none&#8221; column_border_radius=&#8221;none&#8221; width=&#8221;1\/1&#8243; tablet_width_inherit=&#8221;default&#8221; tablet_text_alignment=&#8221;default&#8221; phone_text_alignment=&#8221;default&#8221; column_border_width=&#8221;none&#8221; column_border_style=&#8221;solid&#8221; bg_image_animation=&#8221;none&#8221;][image_with_animation image_url=&#8221;7621&#8243; alignment=&#8221;center&#8221; animation=&#8221;Fade In&#8221; img_link_large=&#8221;yes&#8221; border_radius=&#8221;none&#8221; box_shadow=&#8221;none&#8221; max_width=&#8221;100%&#8221; el_class=&#8221;full-img&#8221;][vc_column_text]\n<p class=\"kepalir-1r\">Hencze Tam\u00e1s: <em>Strukt\u00fara,<\/em> 1968, olaj, karton, <span class=\"txt-x\">100\u00d770<\/span> cm | A Neon Gal\u00e9ria j\u00f3volt\u00e1b\u00f3l.<\/p>\n[\/vc_column_text][divider line_type=&#8221;No Line&#8221; custom_height=&#8221;30&#8243;][\/vc_column][\/vc_row][vc_row type=&#8221;in_container&#8221; full_screen_row_position=&#8221;middle&#8221; scene_position=&#8221;center&#8221; text_color=&#8221;dark&#8221; text_align=&#8221;left&#8221; overlay_strength=&#8221;0.3&#8243; shape_divider_position=&#8221;bottom&#8221; bg_image_animation=&#8221;none&#8221;][vc_column column_padding=&#8221;no-extra-padding&#8221; column_padding_position=&#8221;all&#8221; background_color_opacity=&#8221;1&#8243; background_hover_color_opacity=&#8221;1&#8243; column_link_target=&#8221;_self&#8221; column_shadow=&#8221;none&#8221; column_border_radius=&#8221;none&#8221; width=&#8221;2\/3&#8243; tablet_width_inherit=&#8221;default&#8221; tablet_text_alignment=&#8221;default&#8221; phone_text_alignment=&#8221;default&#8221; column_border_width=&#8221;none&#8221; column_border_style=&#8221;solid&#8221; bg_image_animation=&#8221;none&#8221;][vc_column_text]A hatvanas \u00e9vek elej\u00e9n-k\u00f6zep\u00e9n Hencze a francia tasizmus, majd az amerikai absztrakt expresszionizmus hat\u00e1s\u00e1ra \u2013 ezeket egy korai p\u00e1rizsi \u00fatj\u00e1n, valamint reprodukci\u00f3k r\u00e9v\u00e9n ismerte meg \u2013 kirobban\u00f3 \u00e9rzelmekkel teli, a monochromhoz k\u00f6zeli \u201egesztus\u201d-k\u00e9peket festett. Az \u00e9vtized v\u00e9g\u00e9re k\u00e9pei \u201ekih\u0171ltek\u201d, s egy saj\u00e1tos technikai elj\u00e1r\u00e1s birtokba v\u00e9tel\u00e9vel alapvet\u0151en megv\u00e1ltoztak. 1966\u201367-t\u0151l festm\u00e9nyeib\u0151l sz\u00e1m\u0171zte a fakt\u00far\u00e1ban \u00e9s a jelben rejl\u0151 szem\u00e9lyess\u00e9get, s egy csak r\u00e1 jellemz\u0151, m\u00e9gis elt\u00e1vol\u00edt\u00f3 objektivit\u00e1st sugall\u00f3, a kinetikus m\u0171v\u00e9szetre, m\u00e1s szempontb\u00f3l pedig a francia Support\/Surface csoport t\u00f6rekv\u00e9seire r\u00edmel\u0151, de ezek befoly\u00e1s\u00e1t\u00f3l t\u00f6k\u00e9letesen mentes m\u0171v\u00e9szetet teremtett. Hencze k\u00e9pei \u00f6nmagukra utaltak, intellektu\u00e1lis erej\u00fck a n\u00e9z\u0151t nem elind\u00edtott\u00e1k, nem vonatkoz\u00e1sok felfedez\u00e9s\u00e9re cs\u00e1b\u00edtott\u00e1k, hanem magukra-magukba sz\u00edvt\u00e1k.<\/p>\n<p>A k\u00e9p-\u00e9p\u00edt\u0151 elemek \u2013 a s\u00e1vok, melyek az id\u0151k sor\u00e1n kerek foltokk\u00e1 t\u00f6m\u00f6r\u00f6dtek, majd ism\u00e9t s\u00e1vokk\u00e1 ny\u00faltak, s a sz\u00fcrke monochromhoz hol csatlakoz\u00f3, hol azt elhagy\u00f3 alapsz\u00ednek \u2013 lass\u00fa, mindig konzekvens m\u00f3dosul\u00e1sai jelezt\u00e9k a p\u00e1lya alakul\u00e1s\u00e1t eg\u00e9szen a nyolcvanas \u00e9vek elej\u00e9ig. E k\u00e9peken a f\u00e9nyes-f\u00e9nytelen, homor\u00fa-dombor\u00fa ellent\u00e9tp\u00e1rok olyan k\u00f6zegben jelentek meg, mely t\u00e1rgyilagosan kim\u00e9rt, egyszersmind kisz\u00e1m\u00edthatatlanul egyedi. A szikr\u00e1z\u00f3an h\u0171v\u00f6s objektivit\u00e1st k\u00e9s\u0151bb k\u00fcl\u00f6n\u00f6s dr\u00e1mais\u00e1g sz\u00ednezte \u00e1t. Hencze form\u00e1zott, t\u00f6bbnyire h\u00e1romsz\u00f6glet\u0171 v\u00e1sznain szokatlan \u201eroncsol\u00e1sok\u201d vagy v\u00e1ratlan er\u0151vel f\u00f6lgyullad\u00f3 sz\u00ednek id\u00e9ztek fel kifejlet n\u00e9lk\u00fcli t\u00f6rt\u00e9neteket az illuzionisztikus terekben. 1983\u201384 t\u00e1j\u00e1n a fest\u0151 hat\u00e1rozott mozdulattal ny\u00falt vissza a h\u00fasz \u00e9vvel kor\u00e1bbi gesztus-fest\u00e9szet\u00e9hez, s a kalligrafikus fest\u00e9kp\u00e1szm\u00e1t egy \u00fcres t\u00e9rben lebeg\u0151 embl\u00e9m\u00e1v\u00e1 emelte. Ekkori k\u00e9pei az energikus k\u00e9zmozdulat eszt\u00e9tiz\u00e1l\u00f3d\u00e1s\u00e1t r\u00f6gz\u00edtett\u00e9k. K\u00e9peinek \u201et\u00e9m\u00e1ja\u201d a keleties pszeud\u00f3-\u00edr\u00e1s \u00e9s a t\u00e9r, a t\u00e9r \u201eatmoszf\u00e9r\u00e1j\u00e1nak\u201d viszony\u00e1b\u00f3l keletkez\u0151 fesz\u00fclts\u00e9g lett.[\/vc_column_text][divider line_type=&#8221;No Line&#8221; custom_height=&#8221;60&#8243;][\/vc_column][vc_column column_padding=&#8221;no-extra-padding&#8221; column_padding_position=&#8221;all&#8221; background_color_opacity=&#8221;1&#8243; background_hover_color_opacity=&#8221;1&#8243; column_link_target=&#8221;_self&#8221; column_shadow=&#8221;none&#8221; column_border_radius=&#8221;none&#8221; width=&#8221;1\/3&#8243; tablet_width_inherit=&#8221;default&#8221; tablet_text_alignment=&#8221;default&#8221; phone_text_alignment=&#8221;default&#8221; column_border_width=&#8221;none&#8221; column_border_style=&#8221;solid&#8221; bg_image_animation=&#8221;none&#8221; offset=&#8221;vc_hidden-sm vc_hidden-xs&#8221;][\/vc_column][\/vc_row][vc_row type=&#8221;in_container&#8221; full_screen_row_position=&#8221;middle&#8221; scene_position=&#8221;center&#8221; text_color=&#8221;dark&#8221; text_align=&#8221;left&#8221; class=&#8221;cont-20-0&#8243; overlay_strength=&#8221;0.3&#8243; shape_divider_position=&#8221;bottom&#8221; bg_image_animation=&#8221;none&#8221; shape_type=&#8221;&#8221;][vc_column column_padding=&#8221;no-extra-padding&#8221; column_padding_position=&#8221;all&#8221; background_color_opacity=&#8221;1&#8243; background_hover_color_opacity=&#8221;1&#8243; column_link_target=&#8221;_self&#8221; column_shadow=&#8221;none&#8221; column_border_radius=&#8221;none&#8221; width=&#8221;1\/1&#8243; tablet_width_inherit=&#8221;default&#8221; tablet_text_alignment=&#8221;default&#8221; phone_text_alignment=&#8221;default&#8221; column_border_width=&#8221;none&#8221; column_border_style=&#8221;solid&#8221; bg_image_animation=&#8221;none&#8221;][image_with_animation image_url=&#8221;7620&#8243; alignment=&#8221;center&#8221; animation=&#8221;Fade In&#8221; img_link_large=&#8221;yes&#8221; border_radius=&#8221;none&#8221; box_shadow=&#8221;none&#8221; max_width=&#8221;100%&#8221; el_class=&#8221;full-img&#8221;][vc_column_text]\n<p class=\"kepalir-1r\">Hencze Tam\u00e1s: <em>Kalligrafikus strukt\u00fara,<\/em> 1973, olaj, karton, <span class=\"txt-x\">100\u00d771<\/span> cm | A Neon Gal\u00e9ria j\u00f3volt\u00e1b\u00f3l.<\/p>\n[\/vc_column_text][divider line_type=&#8221;No Line&#8221; custom_height=&#8221;30&#8243;][\/vc_column][\/vc_row][vc_row type=&#8221;in_container&#8221; full_screen_row_position=&#8221;middle&#8221; scene_position=&#8221;center&#8221; text_color=&#8221;dark&#8221; text_align=&#8221;left&#8221; overlay_strength=&#8221;0.3&#8243; shape_divider_position=&#8221;bottom&#8221; bg_image_animation=&#8221;none&#8221;][vc_column column_padding=&#8221;no-extra-padding&#8221; column_padding_position=&#8221;all&#8221; background_color_opacity=&#8221;1&#8243; background_hover_color_opacity=&#8221;1&#8243; column_link_target=&#8221;_self&#8221; column_shadow=&#8221;none&#8221; column_border_radius=&#8221;none&#8221; width=&#8221;2\/3&#8243; tablet_width_inherit=&#8221;default&#8221; tablet_text_alignment=&#8221;default&#8221; phone_text_alignment=&#8221;default&#8221; column_border_width=&#8221;none&#8221; column_border_style=&#8221;solid&#8221; bg_image_animation=&#8221;none&#8221;][vc_column_text]A jelent\u00e9s n\u00e9lk\u00fcli, a v\u00e1szonra sokszoros \u00e1tt\u00e9tellel felker\u00fcl\u0151 \u201e\u00edr\u00e1s\u201d egyszerre viselkedett intellektu\u00e1lis \u00e9s \u00fcres jelk\u00e9nt, utalva a jelent\u00e9s \u00e9s a dekorativit\u00e1s paradoxon viszony\u00e1ra.<\/p>\n<p>Az utols\u00f3 10-15 \u00e9vben \u2013 \u00f6sszefoglal\u00e1s m\u00f3dj\u00e1ra \u2013 kor\u00e1bbi mot\u00edvumait \u00f6sszekarolta \u00e9s \u00faj rendszerbe szervezte: a f\u00fcgg\u0151leges, oszlop szer\u0171 s\u00e1vok, a kalligrafikus pszeud\u00f3-jelek, s a monochrom sz\u00ednmez\u0151k \u2013 melyek egyre \u00e9l\u00e9nkebbek lettek \u2013 \u00f6n-t\u00fckr\u00f6z\u0151 szint\u00e9zisk\u00e9nt id\u00e9zik meg a p\u00e1lya st\u00e1ci\u00f3it, M\u00f6bius-szalagk\u00e9nt az id\u0151k folyam\u00e1n, melyben \u00fajra \u00e9s \u00e1t\u00e9rt\u00e9kel\u0151dtek m\u0171vek \u00e9s gesztusok; \u00fajra aktu\u00e1liss\u00e1 v\u00e1ltak egy \u00faj \u00f6sszef\u00fcgg\u00e9sben kor\u00e1bbi, \u00e9s sok\u00e1ig tal\u00e1n \u00e9rdektelennek is hitt gondolatok. Hencze \u00f3vatos-szem\u00e9rmes \u00f6nreflexi\u00f3val mintegy sz\u00e1lakat h\u00fazott az id\u0151ben egym\u00e1st\u00f3l elt\u00e1volod\u00f3-elt\u00e1vol\u00edtott mot\u00edvumai k\u00f6z\u00e9 \u00e9s az id\u0151ben, mint virtu\u00e1lis t\u00e9rben e sz\u00e1lakon kereszt\u00fcl a gesztusok, s az azokat befogad\u00f3, vagy azoknak ki\u00e1rad\u00e1st nyit\u00f3 fel\u00fcletek \u00faj kapcsolatokat teremtettek \u00e9s t\u00e1rtak fel.[\/vc_column_text][divider line_type=&#8221;No Line&#8221; custom_height=&#8221;30&#8243;][\/vc_column][vc_column column_padding=&#8221;no-extra-padding&#8221; column_padding_position=&#8221;all&#8221; background_color_opacity=&#8221;1&#8243; background_hover_color_opacity=&#8221;1&#8243; column_link_target=&#8221;_self&#8221; column_shadow=&#8221;none&#8221; column_border_radius=&#8221;none&#8221; width=&#8221;1\/3&#8243; tablet_width_inherit=&#8221;default&#8221; tablet_text_alignment=&#8221;default&#8221; phone_text_alignment=&#8221;default&#8221; column_border_width=&#8221;none&#8221; column_border_style=&#8221;solid&#8221; bg_image_animation=&#8221;none&#8221; offset=&#8221;vc_hidden-sm vc_hidden-xs&#8221;][\/vc_column][\/vc_row][vc_row type=&#8221;full_width_content&#8221; full_screen_row_position=&#8221;middle&#8221; scene_position=&#8221;center&#8221; text_color=&#8221;dark&#8221; text_align=&#8221;left&#8221; overlay_strength=&#8221;0.3&#8243; shape_divider_position=&#8221;bottom&#8221; bg_image_animation=&#8221;none&#8221; shape_type=&#8221;&#8221;][vc_column column_padding=&#8221;no-extra-padding&#8221; column_padding_position=&#8221;left-right&#8221; background_color_opacity=&#8221;1&#8243; background_hover_color_opacity=&#8221;1&#8243; column_link_target=&#8221;_self&#8221; column_shadow=&#8221;none&#8221; column_border_radius=&#8221;none&#8221; el_class=&#8221;he-3&#8243; width=&#8221;1\/3&#8243; tablet_width_inherit=&#8221;default&#8221; tablet_text_alignment=&#8221;default&#8221; phone_text_alignment=&#8221;default&#8221; column_border_width=&#8221;none&#8221; column_border_style=&#8221;solid&#8221; bg_image_animation=&#8221;none&#8221;][divider line_type=&#8221;No Line&#8221; custom_height=&#8221;30&#8243;][image_with_animation image_url=&#8221;7627&#8243; alignment=&#8221;&#8221; animation=&#8221;Fade In&#8221; img_link_large=&#8221;yes&#8221; border_radius=&#8221;none&#8221; box_shadow=&#8221;none&#8221; max_width=&#8221;100%&#8221;][vc_column_text]\n<p class=\"kepalir-1r\">Jobbr\u00f3l: Attalai G\u00e1bor \u00e9s Hencze Tam\u00e1s, 1973<\/p>\n[\/vc_column_text][\/vc_column][vc_column column_padding=&#8221;no-extra-padding&#8221; column_padding_position=&#8221;left-right&#8221; background_color_opacity=&#8221;1&#8243; background_hover_color_opacity=&#8221;1&#8243; column_link_target=&#8221;_self&#8221; column_shadow=&#8221;none&#8221; column_border_radius=&#8221;none&#8221; el_class=&#8221;he-3&#8243; width=&#8221;1\/3&#8243; tablet_width_inherit=&#8221;default&#8221; tablet_text_alignment=&#8221;default&#8221; phone_text_alignment=&#8221;default&#8221; column_border_width=&#8221;none&#8221; column_border_style=&#8221;solid&#8221; bg_image_animation=&#8221;none&#8221;][divider line_type=&#8221;No Line&#8221; custom_height=&#8221;30&#8243;][image_with_animation image_url=&#8221;7629&#8243; alignment=&#8221;&#8221; animation=&#8221;Fade In&#8221; img_link_large=&#8221;yes&#8221; border_radius=&#8221;none&#8221; box_shadow=&#8221;none&#8221; max_width=&#8221;100%&#8221;][vc_column_text]\n<p class=\"kepalir-1r\">Hencze Tam\u00e1s, Hajdu Istv\u00e1n, Perneczky G\u00e9za, Frank J\u00e1nos, 1984, Hencze Tam\u00e1s m\u0171terme<\/p>\n[\/vc_column_text][\/vc_column][vc_column column_padding=&#8221;no-extra-padding&#8221; column_padding_position=&#8221;left-right&#8221; background_color_opacity=&#8221;1&#8243; background_hover_color_opacity=&#8221;1&#8243; column_link_target=&#8221;_self&#8221; column_shadow=&#8221;none&#8221; column_border_radius=&#8221;none&#8221; el_class=&#8221;he-3&#8243; width=&#8221;1\/3&#8243; tablet_width_inherit=&#8221;default&#8221; tablet_text_alignment=&#8221;default&#8221; phone_text_alignment=&#8221;default&#8221; column_border_width=&#8221;none&#8221; column_border_style=&#8221;solid&#8221; bg_image_animation=&#8221;none&#8221;][divider line_type=&#8221;No Line&#8221; custom_height=&#8221;30&#8243;][image_with_animation image_url=&#8221;7628&#8243; alignment=&#8221;center&#8221; animation=&#8221;Fade In&#8221; img_link_large=&#8221;yes&#8221; border_radius=&#8221;none&#8221; box_shadow=&#8221;none&#8221; max_width=&#8221;100%&#8221;][vc_column_text]\n<p class=\"kepalir-1r\">Hencze Tam\u00e1s, Hajdu Istv\u00e1n, Frank J\u00e1nos, K\u00f6rner \u00c9va, 1984, Hencze Tam\u00e1s m\u0171terme<\/p>\n[\/vc_column_text][\/vc_column][\/vc_row][vc_row type=&#8221;in_container&#8221; full_screen_row_position=&#8221;middle&#8221; scene_position=&#8221;center&#8221; text_color=&#8221;dark&#8221; text_align=&#8221;left&#8221; overlay_strength=&#8221;0.3&#8243; shape_divider_position=&#8221;bottom&#8221; bg_image_animation=&#8221;none&#8221;][vc_column column_padding=&#8221;no-extra-padding&#8221; column_padding_position=&#8221;all&#8221; background_color_opacity=&#8221;1&#8243; background_hover_color_opacity=&#8221;1&#8243; column_link_target=&#8221;_self&#8221; column_shadow=&#8221;none&#8221; column_border_radius=&#8221;none&#8221; width=&#8221;2\/3&#8243; tablet_width_inherit=&#8221;default&#8221; tablet_text_alignment=&#8221;default&#8221; phone_text_alignment=&#8221;default&#8221; column_border_width=&#8221;none&#8221; column_border_style=&#8221;solid&#8221; bg_image_animation=&#8221;none&#8221;][divider line_type=&#8221;No Line&#8221; custom_height=&#8221;60&#8243;][vc_column_text]Jaj, Bandik\u00e1m, nem \u00e9rem meg a tavaszt! \u2013 mondta sokszor az ut\u00f3bbi teleken, s most utolj\u00e1ra, a kar\u00e1csony t\u00e1j\u00e1n egyre v\u00e9konyabb hangon rebegett j\u00f3slata beteljesedett.[\/vc_column_text][\/vc_column][vc_column column_padding=&#8221;no-extra-padding&#8221; column_padding_position=&#8221;all&#8221; background_color_opacity=&#8221;1&#8243; background_hover_color_opacity=&#8221;1&#8243; column_link_target=&#8221;_self&#8221; column_shadow=&#8221;none&#8221; column_border_radius=&#8221;none&#8221; width=&#8221;1\/3&#8243; tablet_width_inherit=&#8221;default&#8221; tablet_text_alignment=&#8221;default&#8221; phone_text_alignment=&#8221;default&#8221; column_border_width=&#8221;none&#8221; column_border_style=&#8221;solid&#8221; bg_image_animation=&#8221;none&#8221; offset=&#8221;vc_hidden-sm vc_hidden-xs&#8221;][\/vc_column][\/vc_row][vc_row type=&#8221;full_width_content&#8221; full_screen_row_position=&#8221;middle&#8221; vertically_center_columns=&#8221;true&#8221; scene_position=&#8221;center&#8221; text_color=&#8221;dark&#8221; text_align=&#8221;center&#8221; color_overlay=&#8221;rgba(255,255,255,0.92)&#8221; overlay_strength=&#8221;0.95&#8243; shape_divider_position=&#8221;bottom&#8221; bg_image_animation=&#8221;none&#8221; shape_type=&#8221;&#8221;][vc_column column_padding=&#8221;no-extra-padding&#8221; column_padding_position=&#8221;all&#8221; background_color_opacity=&#8221;1&#8243; background_hover_color_opacity=&#8221;1&#8243; column_link_target=&#8221;_self&#8221; column_shadow=&#8221;none&#8221; column_border_radius=&#8221;none&#8221; el_class=&#8221;p-3-0&#8243; width=&#8221;1\/1&#8243; tablet_width_inherit=&#8221;default&#8221; tablet_text_alignment=&#8221;default&#8221; phone_text_alignment=&#8221;default&#8221; column_border_width=&#8221;none&#8221; column_border_style=&#8221;solid&#8221; bg_image_animation=&#8221;none&#8221;]<div class=\"sharing-default-minimal\"><div class=\"nectar-social default\" data-position=\"left\" data-color-override=\"override\"><div class=\"nectar-social-inner\"><a class='facebook-share nectar-sharing' href='#' title='Share this'>  <i class='fa fa-facebook'><\/i> <span class='social-text'>Share<\/span> <\/a><a class='twitter-share nectar-sharing' href='#' title='Share this'> <i class='fa icon-salient-x-twitter'><\/i> <span class='social-text'>Share<\/span> <\/a><a class='pinterest-share nectar-sharing' href='#' title='Pin this'> <i class='fa fa-pinterest'><\/i> <span class='social-text'>Pin<\/span> <\/a><\/div><\/div><\/div>[\/vc_column][\/vc_row]\n","protected":false},"excerpt":{"rendered":"<p>[vc_row type=&#8221;in_container&#8221; full_screen_row_position=&#8221;middle&#8221; scene_position=&#8221;center&#8221; text_color=&#8221;dark&#8221; text_align=&#8221;left&#8221; overlay_strength=&#8221;0.3&#8243; shape_divider_position=&#8221;bottom&#8221; bg_image_animation=&#8221;none&#8221;][vc_column column_padding=&#8221;no-extra-padding&#8221; column_padding_position=&#8221;all&#8221; background_color_opacity=&#8221;1&#8243; background_hover_color_opacity=&#8221;1&#8243; column_link_target=&#8221;_self&#8221; column_shadow=&#8221;none&#8221; column_border_radius=&#8221;none&#8221; width=&#8221;1\/1&#8243; tablet_width_inherit=&#8221;default&#8221; tablet_text_alignment=&#8221;default&#8221; phone_text_alignment=&#8221;default&#8221; column_border_width=&#8221;none&#8221; column_border_style=&#8221;solid&#8221; bg_image_animation=&#8221;none&#8221;][divider line_type=&#8221;No Line&#8221; custom_height=&#8221;5&#8243;][\/vc_column][\/vc_row][vc_row type=&#8221;in_container&#8221; full_screen_row_position=&#8221;middle&#8221; scene_position=&#8221;center&#8221; text_color=&#8221;dark&#8221;&#8230;<\/p>\n","protected":false},"author":29,"featured_media":7677,"comment_status":"closed","ping_status":"closed","sticky":false,"template":"","format":"standard","meta":{"_acf_changed":false,"h5ap_radio_sources":[],"footnotes":""},"categories":[32],"tags":[],"post_kiemeles":[],"class_list":{"0":"post-7608","1":"post","2":"type-post","3":"status-publish","4":"format-standard","5":"has-post-thumbnail","7":"category-nekrolog-2018"},"acf":[],"_links":{"self":[{"href":"https:\/\/balkon.art\/home\/wp-json\/wp\/v2\/posts\/7608","targetHints":{"allow":["GET"]}}],"collection":[{"href":"https:\/\/balkon.art\/home\/wp-json\/wp\/v2\/posts"}],"about":[{"href":"https:\/\/balkon.art\/home\/wp-json\/wp\/v2\/types\/post"}],"author":[{"embeddable":true,"href":"https:\/\/balkon.art\/home\/wp-json\/wp\/v2\/users\/29"}],"replies":[{"embeddable":true,"href":"https:\/\/balkon.art\/home\/wp-json\/wp\/v2\/comments?post=7608"}],"version-history":[{"count":0,"href":"https:\/\/balkon.art\/home\/wp-json\/wp\/v2\/posts\/7608\/revisions"}],"wp:featuredmedia":[{"embeddable":true,"href":"https:\/\/balkon.art\/home\/wp-json\/wp\/v2\/media\/7677"}],"wp:attachment":[{"href":"https:\/\/balkon.art\/home\/wp-json\/wp\/v2\/media?parent=7608"}],"wp:term":[{"taxonomy":"category","embeddable":true,"href":"https:\/\/balkon.art\/home\/wp-json\/wp\/v2\/categories?post=7608"},{"taxonomy":"post_tag","embeddable":true,"href":"https:\/\/balkon.art\/home\/wp-json\/wp\/v2\/tags?post=7608"},{"taxonomy":"post_kiemeles","embeddable":true,"href":"https:\/\/balkon.art\/home\/wp-json\/wp\/v2\/post_kiemeles?post=7608"}],"curies":[{"name":"wp","href":"https:\/\/api.w.org\/{rel}","templated":true}]}}