{"id":26043,"date":"2021-03-12T18:32:56","date_gmt":"2021-03-12T17:32:56","guid":{"rendered":"https:\/\/balkon.art\/home\/?p=26043"},"modified":"2024-02-15T15:14:27","modified_gmt":"2024-02-15T14:14:27","slug":"onnon-tanuja-onnon-visszfenye","status":"publish","type":"post","link":"https:\/\/balkon.art\/home\/onnon-tanuja-onnon-visszfenye\/","title":{"rendered":"\u00d6nn\u00f6n tan\u00faja, \u00f6nn\u00f6n visszf\u00e9nye"},"content":{"rendered":"[vc_row type=&#8221;in_container&#8221; full_screen_row_position=&#8221;middle&#8221; column_margin=&#8221;default&#8221; column_direction=&#8221;default&#8221; column_direction_tablet=&#8221;default&#8221; column_direction_phone=&#8221;default&#8221; scene_position=&#8221;center&#8221; top_padding=&#8221;0&#8243; bottom_padding=&#8221;0&#8243; text_color=&#8221;dark&#8221; text_align=&#8221;left&#8221; row_border_radius=&#8221;none&#8221; row_border_radius_applies=&#8221;bg&#8221; overflow=&#8221;visible&#8221; overlay_strength=&#8221;0.3&#8243; gradient_direction=&#8221;left_to_right&#8221; shape_divider_position=&#8221;bottom&#8221; bg_image_animation=&#8221;none&#8221; shape_type=&#8221;&#8221;][vc_column column_padding=&#8221;no-extra-padding&#8221; column_padding_tablet=&#8221;inherit&#8221; column_padding_phone=&#8221;inherit&#8221; column_padding_position=&#8221;all&#8221; column_element_spacing=&#8221;default&#8221; background_color_opacity=&#8221;1&#8243; background_hover_color_opacity=&#8221;1&#8243; column_shadow=&#8221;none&#8221; column_border_radius=&#8221;none&#8221; column_link_target=&#8221;_self&#8221; column_position=&#8221;default&#8221; gradient_direction=&#8221;left_to_right&#8221; overlay_strength=&#8221;0.3&#8243; width=&#8221;2\/3&#8243; tablet_width_inherit=&#8221;default&#8221; tablet_text_alignment=&#8221;default&#8221; phone_text_alignment=&#8221;default&#8221; animation_type=&#8221;default&#8221; bg_image_animation=&#8221;none&#8221; border_type=&#8221;simple&#8221; column_border_width=&#8221;none&#8221; column_border_style=&#8221;solid&#8221;][vc_column_text]M\u00e1rcius 11-\u00e9n 64 \u00e9ves kor\u00e1ban v\u00e1ratlanul meghalt <span class=\"small\">R\u00e9v\u00e9sz L\u00e1szl\u00f3 L\u00e1szl\u00f3<\/span> fest\u0151- \u00e9s vide\u00f3m\u0171v\u00e9sz, tan\u00e1r, a Magyar K\u00e9pz\u0151m\u0171v\u00e9szeti Egyetem docense.[\/vc_column_text][\/vc_column][vc_column column_padding=&#8221;no-extra-padding&#8221; column_padding_tablet=&#8221;inherit&#8221; column_padding_phone=&#8221;inherit&#8221; column_padding_position=&#8221;all&#8221; top_margin=&#8221;0&#8243; bottom_margin=&#8221;0&#8243; column_element_spacing=&#8221;default&#8221; background_color_opacity=&#8221;1&#8243; background_hover_color_opacity=&#8221;1&#8243; column_shadow=&#8221;none&#8221; column_border_radius=&#8221;none&#8221; column_link_target=&#8221;_self&#8221; column_position=&#8221;default&#8221; el_class=&#8221;box-l20&#8243; gradient_direction=&#8221;left_to_right&#8221; overlay_strength=&#8221;0.3&#8243; width=&#8221;1\/3&#8243; tablet_width_inherit=&#8221;default&#8221; tablet_text_alignment=&#8221;default&#8221; phone_text_alignment=&#8221;default&#8221; animation_type=&#8221;default&#8221; bg_image_animation=&#8221;none&#8221; border_type=&#8221;simple&#8221; column_border_width=&#8221;none&#8221; column_border_style=&#8221;solid&#8221; offset=&#8221;vc_col-sm-offset-0 vc_hidden-sm vc_hidden-xs&#8221;][\/vc_column][\/vc_row][vc_row type=&#8221;full_width_background&#8221; full_screen_row_position=&#8221;middle&#8221; column_margin=&#8221;default&#8221; column_direction=&#8221;default&#8221; column_direction_tablet=&#8221;default&#8221; column_direction_phone=&#8221;default&#8221; scene_position=&#8221;center&#8221; text_color=&#8221;dark&#8221; text_align=&#8221;left&#8221; row_border_radius=&#8221;none&#8221; row_border_radius_applies=&#8221;bg&#8221; overflow=&#8221;visible&#8221; class=&#8221;p-cont-4-0 img-840&#8243; advanced_gradient_angle=&#8221;0&#8243; overlay_strength=&#8221;0.3&#8243; gradient_direction=&#8221;left_to_right&#8221; shape_divider_position=&#8221;bottom&#8221; bg_image_animation=&#8221;none&#8221; shape_type=&#8221;&#8221; gradient_type=&#8221;default&#8221;][vc_column column_padding=&#8221;no-extra-padding&#8221; column_padding_tablet=&#8221;inherit&#8221; column_padding_phone=&#8221;inherit&#8221; column_padding_position=&#8221;all&#8221; column_element_spacing=&#8221;default&#8221; background_color_opacity=&#8221;1&#8243; background_hover_color_opacity=&#8221;1&#8243; column_shadow=&#8221;none&#8221; column_border_radius=&#8221;none&#8221; column_link_target=&#8221;_self&#8221; column_position=&#8221;default&#8221; gradient_direction=&#8221;left_to_right&#8221; overlay_strength=&#8221;0.3&#8243; width=&#8221;1\/1&#8243; tablet_width_inherit=&#8221;default&#8221; tablet_text_alignment=&#8221;default&#8221; phone_text_alignment=&#8221;default&#8221; animation_type=&#8221;default&#8221; bg_image_animation=&#8221;none&#8221; border_type=&#8221;simple&#8221; column_border_width=&#8221;none&#8221; column_border_style=&#8221;solid&#8221;][image_with_animation image_url=&#8221;26051&#8243; image_size=&#8221;full&#8221; animation_type=&#8221;entrance&#8221; animation=&#8221;Fade In&#8221; hover_animation=&#8221;none&#8221; alignment=&#8221;center&#8221; border_radius=&#8221;none&#8221; box_shadow=&#8221;none&#8221; image_loading=&#8221;default&#8221; max_width=&#8221;100%&#8221; max_width_mobile=&#8221;default&#8221; el_class=&#8221;full-img&#8221;][vc_column_text]\n<p class=\"kepalir-1r\">R\u00e9v\u00e9sz L\u00e1szl\u00f3 L\u00e1szl\u00f3, R\u00e9v\u00e9sz Lotte \u00e9s R\u00e9v\u00e9sz Mirk\u00f3<br \/>\n2019. november 27. Paksi K\u00e9pt\u00e1r, a <em>V\u00e9gzet hatalmas<\/em> c\u00edm\u0171 ki\u00e1ll\u00edt\u00e1s rendez\u00e9se k\u00f6zben | Fot\u00f3: Hajdu Istv\u00e1n[\/vc_column_text][\/vc_column][\/vc_row][vc_row type=&#8221;in_container&#8221; full_screen_row_position=&#8221;middle&#8221; column_margin=&#8221;default&#8221; column_direction=&#8221;default&#8221; column_direction_tablet=&#8221;default&#8221; column_direction_phone=&#8221;default&#8221; scene_position=&#8221;center&#8221; top_padding=&#8221;0&#8243; bottom_padding=&#8221;0&#8243; text_color=&#8221;dark&#8221; text_align=&#8221;left&#8221; row_border_radius=&#8221;none&#8221; row_border_radius_applies=&#8221;bg&#8221; overflow=&#8221;visible&#8221; class=&#8221;p-6-0&#8243; advanced_gradient_angle=&#8221;0&#8243; overlay_strength=&#8221;0.3&#8243; gradient_direction=&#8221;left_to_right&#8221; shape_divider_position=&#8221;bottom&#8221; bg_image_animation=&#8221;none&#8221; shape_type=&#8221;&#8221; gradient_type=&#8221;default&#8221;][vc_column column_padding=&#8221;no-extra-padding&#8221; column_padding_tablet=&#8221;inherit&#8221; column_padding_phone=&#8221;inherit&#8221; column_padding_position=&#8221;all&#8221; column_element_spacing=&#8221;default&#8221; background_color_opacity=&#8221;1&#8243; background_hover_color_opacity=&#8221;1&#8243; column_shadow=&#8221;none&#8221; column_border_radius=&#8221;none&#8221; column_link_target=&#8221;_self&#8221; column_position=&#8221;default&#8221; gradient_direction=&#8221;left_to_right&#8221; overlay_strength=&#8221;0.3&#8243; width=&#8221;2\/3&#8243; tablet_width_inherit=&#8221;default&#8221; tablet_text_alignment=&#8221;default&#8221; phone_text_alignment=&#8221;default&#8221; animation_type=&#8221;default&#8221; bg_image_animation=&#8221;none&#8221; border_type=&#8221;simple&#8221; column_border_width=&#8221;none&#8221; column_border_style=&#8221;solid&#8221;][vc_column_text]2010-ben<em> A k\u00e9pi elbesz\u00e9l\u00e9s a k\u00e9pz\u0151m\u0171v\u00e9szetben<\/em> c\u00edm\u0171 DLA \u00e9rtekez\u00e9s\u00e9ben \u00edrta:<\/p>\n<p><em>Munk\u00e1ss\u00e1gom kisebb ciklusokra, csoportokra bonthat\u00f3. Ezek k\u00f6z\u00f6tt a halmazok k\u00f6z\u00f6tt l\u00e1tsz\u00f3lag nincs \u2013 mik\u00e9nt nem volt \u2013 m\u00e1s kapocs, mint az \u00e9ppen arra a peri\u00f3dusra jellemz\u0151 hozz\u00e1\u00e1ll\u00e1som az elbesz\u00e9l\u00e9s-jelens\u00e9ghez, valamint a kult\u00fark\u00f6ri \u00e9rtelemben elfogadott jelenid\u0151s kollekt\u00edv k\u00f3dhoz.<\/em><\/p>\n<p><em>Ezt a kollekt\u00edv k\u00f3dot m\u00edtosznak \u00e9rtelmezem. Sz\u00f3haszn\u00e1latomban a m\u00edtosz vagy kollekt\u00edv k\u00f3d a mindenkori m\u00e1sodlagos, medializ\u00e1lt val\u00f3s\u00e1g. A m\u00edtosz hajt\u00f3ereje, a m\u00edtosz szerelv\u00e9nyeinek mozdonya a film, a mozi. V\u00e9lem\u00e9nyem szerint ez jelenleg is \u2013 mondhatni, a sz\u00e1m\u00edt\u00f3g\u00e9pek uralta vil\u00e1gban is \u2013 \u00edgy van.<\/em><\/p>\n<p><em>Ugyanakkor az is jellemzi eddigi tev\u00e9kenys\u00e9gemet, hogy indirekt metafor\u00e1kat alkottam, a \u201epontosabb\u201d megfogalmaz\u00e1s \u00e9rdek\u00e9ben. Ez az elj\u00e1r\u00e1s kett\u0151s utal\u00e1sokat jelent, minthogy a m\u0171 mindannyiszor eleve m\u00e1sodlagos realit\u00e1sra \u00e9p\u00fclt, \u00e9s ezt megtet\u00e9ztem m\u00e9g egy \u201ebevont\u201d metafor\u00e1val is, amely az \u00e1ltalam kre\u00e1lt tartalom r\u00e9sze. (&#8230;)<\/em><\/p>\n<p><em>Az els\u0151 metafora a \u201etan\u00fa\u201d metafor\u00e1ja. A metaforiz\u00e1l\u00e1s itt abb\u00f3l indul ki, hogy az alkot\u00f3nak valamikor be kellett fogadnia valamit a vil\u00e1gb\u00f3l, hogy azt k\u00e9s\u0151bb m\u00e1sokkal k\u00f6z\u00f6lhesse, jelen kell lennie a vil\u00e1gban, szeml\u00e9l\u0151dnie kell, \u00e9s ehhez a tan\u00fanak megfelel\u0151 poz\u00edci\u00f3ban kell lennie. Ezenfel\u00fcl sz\u00fcks\u00e9ges a \u201etan\u00fa\u201d m\u0171k\u00f6d\u00e9s\u00e9hez, hogy legyen valamif\u00e9le le\u00edrhat\u00f3 \u00e9s etikailag is \u00e9rtelmezhet\u0151 megk\u00f6zel\u00edt\u00e9sm\u00f3dja a dolgokhoz. Fontos aspektus tov\u00e1bb\u00e1, hogy valamif\u00e9le mem\u00f3riarendszert is l\u00e9tre kell hoznia ahhoz, hogy ezt a tartalmat kifejezhesse.<\/em><\/p>\n<p><em>Ezzel jutottam el a m\u00e1sodik metafora megform\u00e1l\u00e1s\u00e1hoz: a \u201etan\u00fa\u201d test\u00e9ben l\u00e9tez\u0151 \u201emem\u00f3ri\u00e1hoz\u201d, illetve a test \u00e9s a mem\u00f3ria egys\u00e9g\u00e9hez. Ezt a \u201emem\u00f3ri\u00e1t\u201d egy imagin\u00e1rius s\u00edknak k\u00e9pzelem el, amely t\u00e1rolja a l\u00e1tottakat, a meg\u00e9lt dolgokat.<\/em><\/p>\n<p><em>Amennyiben elfogadtam, hogy a tudati mechanizmusok mellett l\u00e9tezhet egy ilyen testi alap\u00fa mem\u00f3rias\u00edk, akkor a k\u00f6vetkez\u0151 l\u00e9p\u00e9s, a k\u00f6vetkez\u0151 metafora az alkot\u00e1skor haszn\u00e1lt, alkot\u00e1skor keletkez\u0151 s\u00edkok rendszere. A \u201emem\u00f3ria\u201d s\u00edkja \u2013 ahogyan felfogom \u2013 nem k\u00f6zvetlen\u00fcl vet\u00edt\u0151dik az egyik alaps\u00edkra, a festm\u00e9nyre, hanem el\u0151sz\u00f6r l\u00e9trehoz egy k\u00f6zvet\u00edt\u0151 s\u00edkot, amit alaprajznak, floor-plannek h\u00edvok. Ezen a s\u00edkon \u2013 ebben a metafor\u00e1ban \u2013 hozza l\u00e9tre azt a diagramot, koreogr\u00e1fi\u00e1t, amelyik m\u00e9g tartalmaz id\u0151beli inform\u00e1ci\u00f3kat is.<\/em><\/p>\n<p><em>Eljutottam ahhoz a felismer\u00e9shez, hogy azok a jelens\u00e9gek, amiket s\u00edkoknak nevezek, \u00f6nmagukban is hordoz\u00f3i k\u00fcl\u00f6nb\u00f6z\u0151 dimenzi\u00f3knak, k\u00f6zt\u00fck pedig kommunik\u00e1ci\u00f3 j\u00f6n l\u00e9tre, \u00e9s dimenzi\u00f3v\u00e1lt\u00e1sok mutatkoznak. Ezekre a \u201edimenzi\u00f3ugr\u00e1s\u201d metafor\u00e1j\u00e1t alkalmazom, \u00e9s l\u00e9nyeges elem\u00e9nek tekintem, hogy az ugr\u00e1sokat v\u00e9grehajt\u00f3 szem\u00e9ly az alkot\u00e1sfolyamatban reduk\u00e1lt, \u00e9s emiatt sejt\u00e9sekkel kieg\u00e9sz\u00fcl\u0151 inform\u00e1ci\u00f3khoz jut.<\/em>[\/vc_column_text][\/vc_column][vc_column column_padding=&#8221;no-extra-padding&#8221; column_padding_tablet=&#8221;inherit&#8221; column_padding_phone=&#8221;inherit&#8221; column_padding_position=&#8221;all&#8221; top_margin=&#8221;0&#8243; bottom_margin=&#8221;0&#8243; column_element_spacing=&#8221;default&#8221; background_color_opacity=&#8221;1&#8243; background_hover_color_opacity=&#8221;1&#8243; column_shadow=&#8221;none&#8221; column_border_radius=&#8221;none&#8221; column_link_target=&#8221;_self&#8221; column_position=&#8221;default&#8221; el_class=&#8221;box-l20&#8243; gradient_direction=&#8221;left_to_right&#8221; overlay_strength=&#8221;0.3&#8243; width=&#8221;1\/3&#8243; tablet_width_inherit=&#8221;default&#8221; tablet_text_alignment=&#8221;default&#8221; phone_text_alignment=&#8221;default&#8221; animation_type=&#8221;default&#8221; bg_image_animation=&#8221;none&#8221; border_type=&#8221;simple&#8221; column_border_width=&#8221;none&#8221; column_border_style=&#8221;solid&#8221; offset=&#8221;vc_col-sm-offset-0 vc_hidden-sm vc_hidden-xs&#8221;][\/vc_column][\/vc_row][vc_row type=&#8221;full_width_background&#8221; full_screen_row_position=&#8221;middle&#8221; column_margin=&#8221;default&#8221; column_direction=&#8221;default&#8221; column_direction_tablet=&#8221;default&#8221; column_direction_phone=&#8221;default&#8221; scene_position=&#8221;center&#8221; text_color=&#8221;dark&#8221; text_align=&#8221;left&#8221; row_border_radius=&#8221;none&#8221; row_border_radius_applies=&#8221;bg&#8221; overflow=&#8221;visible&#8221; class=&#8221;p-cont-4-0 img-840&#8243; advanced_gradient_angle=&#8221;0&#8243; overlay_strength=&#8221;0.3&#8243; gradient_direction=&#8221;left_to_right&#8221; shape_divider_position=&#8221;bottom&#8221; bg_image_animation=&#8221;none&#8221; shape_type=&#8221;&#8221; gradient_type=&#8221;default&#8221;][vc_column column_padding=&#8221;no-extra-padding&#8221; column_padding_tablet=&#8221;inherit&#8221; column_padding_phone=&#8221;inherit&#8221; column_padding_position=&#8221;all&#8221; column_element_spacing=&#8221;default&#8221; background_color_opacity=&#8221;1&#8243; background_hover_color_opacity=&#8221;1&#8243; column_shadow=&#8221;none&#8221; column_border_radius=&#8221;none&#8221; column_link_target=&#8221;_self&#8221; column_position=&#8221;default&#8221; gradient_direction=&#8221;left_to_right&#8221; overlay_strength=&#8221;0.3&#8243; width=&#8221;1\/1&#8243; tablet_width_inherit=&#8221;default&#8221; tablet_text_alignment=&#8221;default&#8221; phone_text_alignment=&#8221;default&#8221; animation_type=&#8221;default&#8221; bg_image_animation=&#8221;none&#8221; border_type=&#8221;simple&#8221; column_border_width=&#8221;none&#8221; column_border_style=&#8221;solid&#8221;][image_with_animation image_url=&#8221;26060&#8243; image_size=&#8221;full&#8221; animation_type=&#8221;entrance&#8221; animation=&#8221;Fade In&#8221; hover_animation=&#8221;none&#8221; alignment=&#8221;center&#8221; border_radius=&#8221;none&#8221; box_shadow=&#8221;none&#8221; image_loading=&#8221;default&#8221; max_width=&#8221;100%&#8221; max_width_mobile=&#8221;default&#8221; el_class=&#8221;full-img&#8221;][vc_column_text]\n<p class=\"kepalir-1r\">R\u00e9v\u00e9sz L\u00e1szl\u00f3 L\u00e1szl\u00f3, B\u00f6r\u00f6cz Andr\u00e1s: <em>Jubileum,<\/em> Sz\u00e9pm\u0171v\u00e9szeti M\u00fazeum, 1982<\/p>\n[\/vc_column_text][\/vc_column][\/vc_row][vc_row type=&#8221;in_container&#8221; full_screen_row_position=&#8221;middle&#8221; column_margin=&#8221;default&#8221; column_direction=&#8221;default&#8221; column_direction_tablet=&#8221;default&#8221; column_direction_phone=&#8221;default&#8221; scene_position=&#8221;center&#8221; top_padding=&#8221;0&#8243; bottom_padding=&#8221;0&#8243; text_color=&#8221;dark&#8221; text_align=&#8221;left&#8221; row_border_radius=&#8221;none&#8221; row_border_radius_applies=&#8221;bg&#8221; overflow=&#8221;visible&#8221; class=&#8221;p-6-0&#8243; advanced_gradient_angle=&#8221;0&#8243; overlay_strength=&#8221;0.3&#8243; gradient_direction=&#8221;left_to_right&#8221; shape_divider_position=&#8221;bottom&#8221; bg_image_animation=&#8221;none&#8221; shape_type=&#8221;&#8221; gradient_type=&#8221;default&#8221;][vc_column column_padding=&#8221;no-extra-padding&#8221; column_padding_tablet=&#8221;inherit&#8221; column_padding_phone=&#8221;inherit&#8221; column_padding_position=&#8221;all&#8221; column_element_spacing=&#8221;default&#8221; background_color_opacity=&#8221;1&#8243; background_hover_color_opacity=&#8221;1&#8243; column_shadow=&#8221;none&#8221; column_border_radius=&#8221;none&#8221; column_link_target=&#8221;_self&#8221; column_position=&#8221;default&#8221; gradient_direction=&#8221;left_to_right&#8221; overlay_strength=&#8221;0.3&#8243; width=&#8221;2\/3&#8243; tablet_width_inherit=&#8221;default&#8221; tablet_text_alignment=&#8221;default&#8221; phone_text_alignment=&#8221;default&#8221; animation_type=&#8221;default&#8221; bg_image_animation=&#8221;none&#8221; border_type=&#8221;simple&#8221; column_border_width=&#8221;none&#8221; column_border_style=&#8221;solid&#8221;][vc_column_text]\u201eDimenzi\u00f3ugr\u00e1s\u201d \u2013 t\u00f6k\u00e9letes \u00e9s s\u0171r\u0171 sz\u00f3; \u00f6nk\u00e9ntelen seg\u00edts\u00e9g (milyen is lehetne ebben a borzalmas helyzetben) az alanyb\u00f3l t\u00e1rggy\u00e1 elhalt m\u0171v\u00e9szt\u0151l (j\u00f3bar\u00e1tt\u00f3l), s csakugyan: a rettenetes h\u00edrt k\u00f6vet\u0151, r\u00e9m\u00e1lom s\u00fajtotta \u00e9jszaka ut\u00e1n nem telik m\u00e1sra, mint az id\u0151k, helysz\u00ednek \u00e9s \u00e9rzelmek k\u00f6z\u00f6tti ideges dobbant\u00e1sra \u00e9s ugr\u00e1l\u00e1sra. Mondatfoszl\u00e1nyokra, mondatr\u00e1ng\u00e1sokra, mondat m\u00edmel\u00e9sre. R\u00e9gi szavak hirtelen el\u0151 r\u00e1ncig\u00e1l\u00e1s\u00e1ra&#8230;<\/p>\n<p>R\u00e9v\u00e9sz L\u00e1szl\u00f3 L\u00e1szl\u00f3 \u2013 mondtam \u00f6t \u00e9ve ki\u00e1ll\u00edt\u00e1sa megnyit\u00f3j\u00e1n a Neon Gal\u00e9ri\u00e1ban \u2013, ambivalens-ironikus posztre\u00e1lkonceptualista fest\u0151, aki egzisztenci\u00e1l-patol\u00f3giai zs\u00e1nerek \u00e1br\u00e1zol\u00e1s\u00e1val b\u00edbel\u0151dik. K\u00e9peit illet\u0151en, egy \u00e1ltal\u00e1nos \u00e9s speci\u00e1lis hermeneutikai t\u00f6red\u00e9kess\u00e9g bilincs\u00e9be verve (meg persze a par\u00f3dia maszkja m\u00f6g\u00f6tt), nem feledkezhet\u00fcnk meg a m\u0171vek sujet-ir\u0151l sem, melyek \u00e9pp\u00fagy az ambivalencia \u00e9s a hibridit\u00e1s t\u00e1gass\u00e1g\u00e1ban \u00e9rtelmez\u0151dhetnek, mint megform\u00e1lts\u00e1guk.[\/vc_column_text][\/vc_column][vc_column column_padding=&#8221;no-extra-padding&#8221; column_padding_tablet=&#8221;inherit&#8221; column_padding_phone=&#8221;inherit&#8221; column_padding_position=&#8221;all&#8221; top_margin=&#8221;0&#8243; bottom_margin=&#8221;0&#8243; column_element_spacing=&#8221;default&#8221; background_color_opacity=&#8221;1&#8243; background_hover_color_opacity=&#8221;1&#8243; column_shadow=&#8221;none&#8221; column_border_radius=&#8221;none&#8221; column_link_target=&#8221;_self&#8221; column_position=&#8221;default&#8221; el_class=&#8221;box-l20&#8243; gradient_direction=&#8221;left_to_right&#8221; overlay_strength=&#8221;0.3&#8243; width=&#8221;1\/3&#8243; tablet_width_inherit=&#8221;default&#8221; tablet_text_alignment=&#8221;default&#8221; phone_text_alignment=&#8221;default&#8221; animation_type=&#8221;default&#8221; bg_image_animation=&#8221;none&#8221; border_type=&#8221;simple&#8221; column_border_width=&#8221;none&#8221; column_border_style=&#8221;solid&#8221; offset=&#8221;vc_col-sm-offset-0 vc_hidden-sm vc_hidden-xs&#8221;][\/vc_column][\/vc_row][vc_row type=&#8221;full_width_content&#8221; full_screen_row_position=&#8221;middle&#8221; column_margin=&#8221;default&#8221; column_direction=&#8221;default&#8221; column_direction_tablet=&#8221;default&#8221; column_direction_phone=&#8221;default&#8221; scene_position=&#8221;center&#8221; top_padding=&#8221;0&#8243; bottom_padding=&#8221;0&#8243; text_color=&#8221;dark&#8221; text_align=&#8221;left&#8221; row_border_radius=&#8221;none&#8221; row_border_radius_applies=&#8221;bg&#8221; overflow=&#8221;visible&#8221; class=&#8221;p-cont-4-0 full-5-25&#8243; advanced_gradient_angle=&#8221;0&#8243; overlay_strength=&#8221;0.3&#8243; gradient_direction=&#8221;left_to_right&#8221; shape_divider_position=&#8221;bottom&#8221; bg_image_animation=&#8221;none&#8221; shape_type=&#8221;&#8221; gradient_type=&#8221;default&#8221;][vc_column column_padding=&#8221;no-extra-padding&#8221; column_padding_tablet=&#8221;inherit&#8221; column_padding_phone=&#8221;inherit&#8221; column_padding_position=&#8221;all&#8221; column_element_spacing=&#8221;default&#8221; background_color_opacity=&#8221;1&#8243; background_hover_color_opacity=&#8221;1&#8243; column_shadow=&#8221;none&#8221; column_border_radius=&#8221;none&#8221; column_link_target=&#8221;_self&#8221; column_position=&#8221;default&#8221; gradient_direction=&#8221;left_to_right&#8221; overlay_strength=&#8221;0.3&#8243; width=&#8221;1\/1&#8243; tablet_width_inherit=&#8221;default&#8221; tablet_text_alignment=&#8221;default&#8221; phone_text_alignment=&#8221;default&#8221; animation_type=&#8221;default&#8221; bg_image_animation=&#8221;none&#8221; border_type=&#8221;simple&#8221; column_border_width=&#8221;none&#8221; column_border_style=&#8221;solid&#8221;][image_with_animation image_url=&#8221;26064&#8243; image_size=&#8221;full&#8221; animation_type=&#8221;entrance&#8221; animation=&#8221;Fade In&#8221; hover_animation=&#8221;none&#8221; alignment=&#8221;&#8221; border_radius=&#8221;none&#8221; box_shadow=&#8221;none&#8221; image_loading=&#8221;default&#8221; max_width=&#8221;100%&#8221; max_width_mobile=&#8221;default&#8221;][vc_column_text]\n<p class=\"kepalir-1r\">R\u00e9v\u00e9sz L\u00e1szl\u00f3 L\u00e1szl\u00f3: <em>Archives Pictures I,<\/em> 2009<\/p>\n[\/vc_column_text][\/vc_column][\/vc_row][vc_row type=&#8221;in_container&#8221; full_screen_row_position=&#8221;middle&#8221; column_margin=&#8221;default&#8221; column_direction=&#8221;default&#8221; column_direction_tablet=&#8221;default&#8221; column_direction_phone=&#8221;default&#8221; scene_position=&#8221;center&#8221; top_padding=&#8221;0&#8243; bottom_padding=&#8221;0&#8243; text_color=&#8221;dark&#8221; text_align=&#8221;left&#8221; row_border_radius=&#8221;none&#8221; row_border_radius_applies=&#8221;bg&#8221; overflow=&#8221;visible&#8221; class=&#8221;p-6-0&#8243; advanced_gradient_angle=&#8221;0&#8243; overlay_strength=&#8221;0.3&#8243; gradient_direction=&#8221;left_to_right&#8221; shape_divider_position=&#8221;bottom&#8221; bg_image_animation=&#8221;none&#8221; shape_type=&#8221;&#8221; gradient_type=&#8221;default&#8221;][vc_column column_padding=&#8221;no-extra-padding&#8221; column_padding_tablet=&#8221;inherit&#8221; column_padding_phone=&#8221;inherit&#8221; column_padding_position=&#8221;all&#8221; column_element_spacing=&#8221;default&#8221; background_color_opacity=&#8221;1&#8243; background_hover_color_opacity=&#8221;1&#8243; column_shadow=&#8221;none&#8221; column_border_radius=&#8221;none&#8221; column_link_target=&#8221;_self&#8221; column_position=&#8221;default&#8221; gradient_direction=&#8221;left_to_right&#8221; overlay_strength=&#8221;0.3&#8243; width=&#8221;2\/3&#8243; tablet_width_inherit=&#8221;default&#8221; tablet_text_alignment=&#8221;default&#8221; phone_text_alignment=&#8221;default&#8221; animation_type=&#8221;default&#8221; bg_image_animation=&#8221;none&#8221; border_type=&#8221;simple&#8221; column_border_width=&#8221;none&#8221; column_border_style=&#8221;solid&#8221;][vc_column_text]A k\u00e9p-t\u00f6rt\u00e9netek k\u00eds\u00e9rteties hom\u00e1lyban szerkesztik meg \u00f6nmagukat, vagyis \u00e9pp oly megfejthetetlenek, egyben eg\u00e9sz vil\u00e1gokat id\u00e9znek meg, mint F\u00fcst Mil\u00e1n rejt\u00e9lyes ismerked\u00e9s-geneal\u00f3gi\u00e1ja a <em>Feles\u00e9gem t\u00f6rt\u00e9nete<\/em> c\u00edm\u0171 reg\u00e9ny elej\u00e9n. Sz\u00ednpadias, t\u00f6bbnyire b\u00faval vert, olykor persze m\u00e9gis vigalommal sz\u00ednekbe mer\u00edtett festm\u00e9nyei l\u00e1tt\u00e1n t\u00f6rt\u00e9netv\u00e1zak id\u00e9z\u0151dnek meg, titkolt jelent\u00e9s\u0171 metaf\u00f3r\u00e1k \u2013 vagyis \u00e9pp annyira rejtettek, amilyenek egy pszichi\u00e1ter vagy h\u00e1zass\u00e1gi tan\u00e1csad\u00f3 vagy medi\u00e1tor el\u0151tt szoktak elhangzani, s r\u00f6gz\u00fclni a szakember vagy szakasszony notesz\u00e1ban. B\u00e1b szer\u0171, alig-arc\u00fa figur\u00e1k hallgatnak a v\u00e1sznakon, pap\u00edrlapokon \u00e9s a farostlemezeken: a n\u00e9z\u0151nek fogalma sincs, m\u00faltjuk vagy j\u00f6v\u0151j\u00fck rettenetesebb-e?<\/p>\n<p>Azt\u00e1n a m\u0171vek \u00e9rtelmez\u00e9s\u00e9hez (befogad\u00e1s, dek\u00f3dol\u00e1s, megfejt\u00e9s, <span class=\"no-hype\">interpret\u00e1ci\u00f3,<\/span> meghat\u00e1roz\u00e1s, defini\u00e1l\u00e1s) n\u00e9h\u00e1ny szem\u00e9lyes \u00e9s n\u00e9h\u00e1ny k\u00f6z-szempontot aj\u00e1nlottam: biztosnak mondtam magam afel\u0151l, hogy a nyolcvanas \u00e9vek els\u0151 fele, R\u00e9v\u00e9sz L\u00e1szl\u00f3 L\u00e1szl\u00f3v\u00e1 v\u00e1l\u00e1s\u00e1nak, p\u00e1lyakezd\u00e9s\u00e9nek ideje, de meg v\u00e9g\u00fcl is az eg\u00e9sz \u00e9vtized a f\u00e9ligazs\u00e1gok, a sanzs\u00e1nos ambivalencia korszaka volt. Napjaink, jelen\u00fcnk most szint\u00fagy, k\u00eds\u00e9rtetiesen \u00e9pp ilyen.<br \/>\nA majdnem tudhatatlan\u00e9.<\/p>\n<p>Arr\u00f3l az id\u0151r\u0151l (meg a m\u00e1r\u00f3l) egy billeg\u0151 l\u00e1tv\u00e1nyt id\u00e9ztem f\u00f6l: az \u00f6tvenes-hatvanas \u00e9vek fordul\u00f3j\u00e1n a k\u00e9t id\u0151sebb f\u00e9rfi rokonomnak csod\u00e1latos ballonkab\u00e1tja volt. Ezek tavaszt\u00e1jt, mint most, miszteri\u00f3zus j\u00e1t\u00e9kot j\u00e1tszottak: az egyiken a textil red\u0151i, gy\u0171r\u0151d\u00e9sei apr\u00f3 mozdulatokra pirosb\u00f3l z\u00f6ldbe, majd z\u00f6ldb\u0151l pirosba v\u00e1ltottak, a m\u00e1sikon pedig valami s\u00e1rga-k\u00e9k ragyog\u00e1s-v\u00e1lt\u00e1s ment v\u00e9gbe (kieg\u00e9sz\u00edt\u0151 sz\u00ednek!); az \u00e1rnyalatok k\u00f6z\u00f6tt rafin\u00e1ltan oda-vissza j\u00e1tsz\u00f3 sz\u00ednes f\u00e9ny engem mindannyiszor megbabon\u00e1zott, s alig is v\u00e1rtam, hogy hol egyik\u00fck, hol m\u00e1sikuk, de legf\u0151k\u00e9pp, hogy mind a ketten, vagyis egy\u00fctt b\u00fcszk\u00e9n forgol\u00f3djanak, de legal\u00e1bb is mocorogjanak a kedvem\u00e9rt a napf\u00e9nyben, hogy a sz\u00ednev\u00e1ltoz\u00e1s l\u00e1tv\u00e1nyos \u00e9s misztikus legyen. \u0150k pedig az\u00e9rt, hogy \u00e9n, a kicsiny gyermek, \u00f6r\u00fcljek, sz\u00edvesen \u00e1lltak szolg\u00e1latomra. Ezek az \u0151s auto-kinetikusok a sanzs\u00e1n na\u00edv, vas\u00e1rnapi \u00e9s amat\u0151r f\u00f6lhaszn\u00e1l\u00f3i voltak persze: nem vett\u00e9k, nem vehett\u00e9k \u00e9szre, \u00edgy nem is \u00e9rtett\u00e9k, hogy az anyagban nem is oly m\u00e9lyen roppant er\u0151s szimb\u00f3lum rejtekezik, mert a metaforikus viselked\u00e9s, valamint a viselked\u00e9s metafor\u00e1ja ir\u00e1nt nem volt k\u00fcl\u00f6n\u00f6sebb \u00e9rz\u00e9k\u00fck.[\/vc_column_text][\/vc_column][vc_column column_padding=&#8221;no-extra-padding&#8221; column_padding_tablet=&#8221;inherit&#8221; column_padding_phone=&#8221;inherit&#8221; column_padding_position=&#8221;all&#8221; top_margin=&#8221;0&#8243; bottom_margin=&#8221;0&#8243; column_element_spacing=&#8221;default&#8221; background_color_opacity=&#8221;1&#8243; background_hover_color_opacity=&#8221;1&#8243; column_shadow=&#8221;none&#8221; column_border_radius=&#8221;none&#8221; column_link_target=&#8221;_self&#8221; column_position=&#8221;default&#8221; el_class=&#8221;box-l20&#8243; gradient_direction=&#8221;left_to_right&#8221; overlay_strength=&#8221;0.3&#8243; width=&#8221;1\/3&#8243; tablet_width_inherit=&#8221;default&#8221; tablet_text_alignment=&#8221;default&#8221; phone_text_alignment=&#8221;default&#8221; animation_type=&#8221;default&#8221; bg_image_animation=&#8221;none&#8221; border_type=&#8221;simple&#8221; column_border_width=&#8221;none&#8221; column_border_style=&#8221;solid&#8221; offset=&#8221;vc_col-sm-offset-0 vc_hidden-sm vc_hidden-xs&#8221;][\/vc_column][\/vc_row][vc_row type=&#8221;full_width_background&#8221; full_screen_row_position=&#8221;middle&#8221; column_margin=&#8221;default&#8221; column_direction=&#8221;default&#8221; column_direction_tablet=&#8221;default&#8221; column_direction_phone=&#8221;default&#8221; scene_position=&#8221;center&#8221; top_padding=&#8221;0&#8243; bottom_padding=&#8221;0&#8243; text_color=&#8221;dark&#8221; text_align=&#8221;left&#8221; row_border_radius=&#8221;none&#8221; row_border_radius_applies=&#8221;bg&#8221; overflow=&#8221;visible&#8221; class=&#8221;p-cont-4-0 img-840&#8243; advanced_gradient_angle=&#8221;0&#8243; overlay_strength=&#8221;0.3&#8243; gradient_direction=&#8221;left_to_right&#8221; shape_divider_position=&#8221;bottom&#8221; bg_image_animation=&#8221;none&#8221; shape_type=&#8221;&#8221; gradient_type=&#8221;default&#8221;][vc_column column_padding=&#8221;no-extra-padding&#8221; column_padding_tablet=&#8221;inherit&#8221; column_padding_phone=&#8221;inherit&#8221; column_padding_position=&#8221;all&#8221; column_element_spacing=&#8221;default&#8221; background_color_opacity=&#8221;1&#8243; background_hover_color_opacity=&#8221;1&#8243; column_shadow=&#8221;none&#8221; column_border_radius=&#8221;none&#8221; column_link_target=&#8221;_self&#8221; column_position=&#8221;default&#8221; gradient_direction=&#8221;left_to_right&#8221; overlay_strength=&#8221;0.3&#8243; width=&#8221;1\/1&#8243; tablet_width_inherit=&#8221;default&#8221; tablet_text_alignment=&#8221;default&#8221; phone_text_alignment=&#8221;default&#8221; animation_type=&#8221;default&#8221; bg_image_animation=&#8221;none&#8221; border_type=&#8221;simple&#8221; column_border_width=&#8221;none&#8221; column_border_style=&#8221;solid&#8221;][image_with_animation image_url=&#8221;26067&#8243; image_size=&#8221;full&#8221; animation_type=&#8221;entrance&#8221; animation=&#8221;Fade In&#8221; hover_animation=&#8221;none&#8221; alignment=&#8221;&#8221; border_radius=&#8221;none&#8221; box_shadow=&#8221;none&#8221; image_loading=&#8221;default&#8221; max_width=&#8221;100%&#8221; max_width_mobile=&#8221;default&#8221;][vc_column_text]\n<p class=\"kepalir-1r\">R\u00e9v\u00e9sz L\u00e1szl\u00f3 L\u00e1szl\u00f3: <em>Not able to that job,<\/em> 2007<\/p>\n[\/vc_column_text][\/vc_column][\/vc_row][vc_row type=&#8221;in_container&#8221; full_screen_row_position=&#8221;middle&#8221; column_margin=&#8221;default&#8221; column_direction=&#8221;default&#8221; column_direction_tablet=&#8221;default&#8221; column_direction_phone=&#8221;default&#8221; scene_position=&#8221;center&#8221; text_color=&#8221;dark&#8221; text_align=&#8221;left&#8221; row_border_radius=&#8221;none&#8221; row_border_radius_applies=&#8221;bg&#8221; overflow=&#8221;visible&#8221; class=&#8221;p-6-0&#8243; advanced_gradient_angle=&#8221;0&#8243; overlay_strength=&#8221;0.3&#8243; gradient_direction=&#8221;left_to_right&#8221; shape_divider_position=&#8221;bottom&#8221; bg_image_animation=&#8221;none&#8221; shape_type=&#8221;&#8221; gradient_type=&#8221;default&#8221;][vc_column column_padding=&#8221;no-extra-padding&#8221; column_padding_tablet=&#8221;inherit&#8221; column_padding_phone=&#8221;inherit&#8221; column_padding_position=&#8221;all&#8221; column_element_spacing=&#8221;default&#8221; background_color_opacity=&#8221;1&#8243; background_hover_color_opacity=&#8221;1&#8243; column_shadow=&#8221;none&#8221; column_border_radius=&#8221;none&#8221; column_link_target=&#8221;_self&#8221; column_position=&#8221;default&#8221; gradient_direction=&#8221;left_to_right&#8221; overlay_strength=&#8221;0.3&#8243; width=&#8221;2\/3&#8243; tablet_width_inherit=&#8221;default&#8221; tablet_text_alignment=&#8221;default&#8221; phone_text_alignment=&#8221;default&#8221; animation_type=&#8221;default&#8221; bg_image_animation=&#8221;none&#8221; border_type=&#8221;simple&#8221; column_border_width=&#8221;none&#8221; column_border_style=&#8221;solid&#8221;][vc_column_text]Teh\u00e1t ambivalencia. Tov\u00e1bb\u00e1: sz\u00ednev\u00e1ltoz\u00e1s, maszk, rejt\u0151z\u00e9s, metamorf\u00f3zis. A 20. sz\u00e1zad egyik legnagyobb \u00edr\u00f3ja, Bruno Schulz v\u00e9lem\u00e9nye ez \u00fcgyben: \u201eValaki ember, m\u00e1svalaki sv\u00e1bbog\u00e1r (figyelj\u00fcnk: Kafka, mint felbukkan\u00f3 sorst\u00e1rs), de ez a forma nem \u00e9rinti a l\u00e9nyeget, csak egy pillanatra felvett szerep, h\u00e1mr\u00e9teg, amelyet a k\u00f6vetkez\u0151 pillanatban le lehet vetni. A szubsztancia v\u00e9gletes monizmusa statu\u00e1l\u00f3dik itt, ahol az egyes t\u00e1rgyak maszkok csup\u00e1n. A szubsztancia \u00e9lete megsz\u00e1ml\u00e1lhatatlan maszk felhaszn\u00e1l\u00e1s\u00e1b\u00f3l \u00e1ll. A form\u00e1k v\u00e1ndorl\u00e1sa adja az \u00e9let l\u00e9nyeg\u00e9t. Ez\u00e9rt a szubsztanci\u00e1b\u00f3l valamif\u00e9le p\u00e1nir\u00f3nia l\u00e9gk\u00f6re \u00e1rad.\u201d \u2013 mondta meg valamikor <span class=\"no-hype\">Bruno Schulz Ignaczi Witkiewicz-nek,<\/span> a m\u00e1sik zseninek.<\/p>\n<p>Minderr\u0151l tudva vagy sem, R\u00e9v\u00e9sz az \u00f6sszes gesztus\u00e1t eme p\u00e1nir\u00f3ni\u00e1val laz\u00farozta \u00e1t.<\/p>\n<p>Egyszer, r\u00e9gen, <em>citoyen fest\u00e9szet<\/em>nek neveztem R\u00e9v\u00e9sz\u00e9t, vil\u00e1gpolg\u00e1rinak teh\u00e1t.<\/p>\n<p><span class=\"small\">publicit\u00e9 \u2013 eclecticit\u00e9 \u2013 frivolit\u00e9!<\/span> Hiszen m\u00e1sok\u00e9 mellett <span class=\"no-hype\">Arnold B\u00f6cklin, Edvard Munch, Kees van Dongen<\/span> vagy <span class=\"no-hype\">Frans Masereel<\/span> kulissz\u00e1i szerkeszt\u0151dtek \u00fajra R\u00e9v\u00e9sz festm\u00e9nyein, rajzain, s nem kis fanyars\u00e1ggal, szarkazmussal, p\u00e1nir\u00f3ni\u00e1val a jelenetez\u00e9sbe minduntalan belesz\u0151tte, applik\u00e1lta az \u00e9ppen aktu\u00e1lis \u201ehirdet\u00e9skult\u00fara\u201d reszel\u00e9keit, man\u00edrjait. De tal\u00e1n enn\u00e9l is fontosabb: abban el\u00e9gg\u00e9 meggy\u0151z\u0151d\u00f6tt vagyok, hogy R\u00e9v\u00e9sz szellemi lelt\u00e1r\u00e1ban R\u00e9ti Istv\u00e1n legels\u0151 olajfestm\u00e9nye, a <em>Boh\u00e9mek kar\u00e1csonyest\u00e9je idegenben<\/em> szerepel. Amint val\u00f3sz\u00edn\u0171leg ott van Thorma J\u00e1nos <em>Szenved\u0151k<\/em>je \u00e9s Farkas Istv\u00e1n j\u00f3n\u00e9h\u00e1ny festm\u00e9nye, els\u0151sorban a <em>Fiatal r\u00e9szeg k\u00f6lt\u0151 az anyj\u00e1val<\/em> c\u00edm\u0171 remekm\u0171 \u2013 f\u00f6lid\u00e9zve ezeket megtelepedhet egy \u00f6tlet: meg kellene szerkeszteni egy b\u00e1nat-ki\u00e1ll\u00edt\u00e1st, a <em>szomor\u00fas\u00e1g Orbis Pictus\u00e1t.<\/em> Ebben imm\u00e1r <span class=\"no-hype\">R\u00e9v\u00e9sz L\u00e1szl\u00f3 L\u00e1szl\u00f3<\/span> a f\u0151falon szerepelne.[\/vc_column_text][\/vc_column][vc_column column_padding=&#8221;no-extra-padding&#8221; column_padding_tablet=&#8221;inherit&#8221; column_padding_phone=&#8221;inherit&#8221; column_padding_position=&#8221;all&#8221; top_margin=&#8221;0&#8243; bottom_margin=&#8221;0&#8243; column_element_spacing=&#8221;default&#8221; background_color_opacity=&#8221;1&#8243; background_hover_color_opacity=&#8221;1&#8243; column_shadow=&#8221;none&#8221; column_border_radius=&#8221;none&#8221; column_link_target=&#8221;_self&#8221; column_position=&#8221;default&#8221; el_class=&#8221;box-l20&#8243; gradient_direction=&#8221;left_to_right&#8221; overlay_strength=&#8221;0.3&#8243; width=&#8221;1\/3&#8243; tablet_width_inherit=&#8221;default&#8221; tablet_text_alignment=&#8221;default&#8221; phone_text_alignment=&#8221;default&#8221; animation_type=&#8221;default&#8221; bg_image_animation=&#8221;none&#8221; border_type=&#8221;simple&#8221; column_border_width=&#8221;none&#8221; column_border_style=&#8221;solid&#8221; offset=&#8221;vc_col-sm-offset-0 vc_hidden-sm vc_hidden-xs&#8221;][\/vc_column][\/vc_row][vc_row type=&#8221;full_width_content&#8221; full_screen_row_position=&#8221;middle&#8221; column_margin=&#8221;default&#8221; column_direction=&#8221;default&#8221; column_direction_tablet=&#8221;default&#8221; column_direction_phone=&#8221;default&#8221; scene_position=&#8221;center&#8221; text_color=&#8221;dark&#8221; text_align=&#8221;left&#8221; row_border_radius=&#8221;none&#8221; row_border_radius_applies=&#8221;bg&#8221; overflow=&#8221;visible&#8221; overlay_strength=&#8221;0.3&#8243; gradient_direction=&#8221;left_to_right&#8221; shape_divider_position=&#8221;bottom&#8221; bg_image_animation=&#8221;none&#8221; shape_type=&#8221;&#8221;][vc_column column_padding=&#8221;no-extra-padding&#8221; column_padding_tablet=&#8221;inherit&#8221; column_padding_phone=&#8221;inherit&#8221; column_padding_position=&#8221;all&#8221; column_element_spacing=&#8221;default&#8221; background_color_opacity=&#8221;1&#8243; background_hover_color_opacity=&#8221;1&#8243; column_shadow=&#8221;none&#8221; column_border_radius=&#8221;none&#8221; column_link_target=&#8221;_self&#8221; column_position=&#8221;default&#8221; el_class=&#8221;p-2-1&#8243; gradient_direction=&#8221;left_to_right&#8221; overlay_strength=&#8221;0.3&#8243; width=&#8221;1\/1&#8243; tablet_width_inherit=&#8221;default&#8221; tablet_text_alignment=&#8221;default&#8221; phone_text_alignment=&#8221;default&#8221; animation_type=&#8221;default&#8221; bg_image_animation=&#8221;none&#8221; border_type=&#8221;simple&#8221; column_border_width=&#8221;none&#8221; column_border_style=&#8221;solid&#8221;]<div class=\"sharing-default-minimal\"><div class=\"nectar-social default\" data-position=\"left\" data-color-override=\"override\"><div class=\"nectar-social-inner\"><a class='facebook-share nectar-sharing' href='#' title='Share this'>  <i class='fa fa-facebook'><\/i> <span class='social-text'>Share<\/span> <\/a><a class='twitter-share nectar-sharing' href='#' title='Share this'> <i class='fa icon-salient-x-twitter'><\/i> <span class='social-text'>Share<\/span> <\/a><a class='pinterest-share nectar-sharing' href='#' title='Pin this'> <i class='fa fa-pinterest'><\/i> <span class='social-text'>Pin<\/span> <\/a><\/div><\/div><\/div>[\/vc_column][\/vc_row]\n","protected":false},"excerpt":{"rendered":"<p>[vc_row type=&#8221;in_container&#8221; full_screen_row_position=&#8221;middle&#8221; column_margin=&#8221;default&#8221; column_direction=&#8221;default&#8221; column_direction_tablet=&#8221;default&#8221; column_direction_phone=&#8221;default&#8221; scene_position=&#8221;center&#8221; top_padding=&#8221;0&#8243; bottom_padding=&#8221;0&#8243; text_color=&#8221;dark&#8221; text_align=&#8221;left&#8221; row_border_radius=&#8221;none&#8221; row_border_radius_applies=&#8221;bg&#8221; overflow=&#8221;visible&#8221; overlay_strength=&#8221;0.3&#8243; gradient_direction=&#8221;left_to_right&#8221; shape_divider_position=&#8221;bottom&#8221; bg_image_animation=&#8221;none&#8221; shape_type=&#8221;&#8221;][vc_column column_padding=&#8221;no-extra-padding&#8221; column_padding_tablet=&#8221;inherit&#8221; column_padding_phone=&#8221;inherit&#8221; column_padding_position=&#8221;all&#8221; column_element_spacing=&#8221;default&#8221; background_color_opacity=&#8221;1&#8243; background_hover_color_opacity=&#8221;1&#8243; column_shadow=&#8221;none&#8221; column_border_radius=&#8221;none&#8221; column_link_target=&#8221;_self&#8221;&#8230;<\/p>\n","protected":false},"author":29,"featured_media":26071,"comment_status":"closed","ping_status":"closed","sticky":false,"template":"","format":"standard","meta":{"_acf_changed":false,"h5ap_radio_sources":[],"footnotes":""},"categories":[77],"tags":[],"post_kiemeles":[],"class_list":{"0":"post-26043","1":"post","2":"type-post","3":"status-publish","4":"format-standard","5":"has-post-thumbnail","7":"category-nekrolog-2021"},"acf":[],"_links":{"self":[{"href":"https:\/\/balkon.art\/home\/wp-json\/wp\/v2\/posts\/26043","targetHints":{"allow":["GET"]}}],"collection":[{"href":"https:\/\/balkon.art\/home\/wp-json\/wp\/v2\/posts"}],"about":[{"href":"https:\/\/balkon.art\/home\/wp-json\/wp\/v2\/types\/post"}],"author":[{"embeddable":true,"href":"https:\/\/balkon.art\/home\/wp-json\/wp\/v2\/users\/29"}],"replies":[{"embeddable":true,"href":"https:\/\/balkon.art\/home\/wp-json\/wp\/v2\/comments?post=26043"}],"version-history":[{"count":0,"href":"https:\/\/balkon.art\/home\/wp-json\/wp\/v2\/posts\/26043\/revisions"}],"wp:featuredmedia":[{"embeddable":true,"href":"https:\/\/balkon.art\/home\/wp-json\/wp\/v2\/media\/26071"}],"wp:attachment":[{"href":"https:\/\/balkon.art\/home\/wp-json\/wp\/v2\/media?parent=26043"}],"wp:term":[{"taxonomy":"category","embeddable":true,"href":"https:\/\/balkon.art\/home\/wp-json\/wp\/v2\/categories?post=26043"},{"taxonomy":"post_tag","embeddable":true,"href":"https:\/\/balkon.art\/home\/wp-json\/wp\/v2\/tags?post=26043"},{"taxonomy":"post_kiemeles","embeddable":true,"href":"https:\/\/balkon.art\/home\/wp-json\/wp\/v2\/post_kiemeles?post=26043"}],"curies":[{"name":"wp","href":"https:\/\/api.w.org\/{rel}","templated":true}]}}