{"id":25475,"date":"2020-10-25T16:16:03","date_gmt":"2020-10-25T15:16:03","guid":{"rendered":"https:\/\/balkon.art\/home\/?p=25475"},"modified":"2022-01-08T09:10:30","modified_gmt":"2022-01-08T08:10:30","slug":"kiserlet-gyakorlat-elmelet","status":"publish","type":"post","link":"https:\/\/balkon.art\/home\/kiserlet-gyakorlat-elmelet\/","title":{"rendered":"K\u00eds\u00e9rlet, gyakorlat, elm\u00e9let"},"content":{"rendered":"[vc_row type=&#8221;in_container&#8221; full_screen_row_position=&#8221;middle&#8221; column_margin=&#8221;default&#8221; column_direction=&#8221;default&#8221; column_direction_tablet=&#8221;default&#8221; column_direction_phone=&#8221;default&#8221; scene_position=&#8221;center&#8221; text_color=&#8221;dark&#8221; text_align=&#8221;left&#8221; row_border_radius=&#8221;none&#8221; row_border_radius_applies=&#8221;bg&#8221; class=&#8221;p-2-0&#8243; overlay_strength=&#8221;0.3&#8243; gradient_direction=&#8221;left_to_right&#8221; shape_divider_position=&#8221;bottom&#8221; bg_image_animation=&#8221;none&#8221; shape_type=&#8221;&#8221;][vc_column column_padding=&#8221;no-extra-padding&#8221; column_padding_tablet=&#8221;inherit&#8221; column_padding_phone=&#8221;inherit&#8221; column_padding_position=&#8221;all&#8221; background_color_opacity=&#8221;1&#8243; background_hover_color_opacity=&#8221;1&#8243; column_shadow=&#8221;none&#8221; column_border_radius=&#8221;none&#8221; column_link_target=&#8221;_self&#8221; gradient_direction=&#8221;left_to_right&#8221; overlay_strength=&#8221;0.3&#8243; width=&#8221;1\/1&#8243; tablet_width_inherit=&#8221;default&#8221; tablet_text_alignment=&#8221;default&#8221; phone_text_alignment=&#8221;default&#8221; column_border_width=&#8221;none&#8221; column_border_style=&#8221;solid&#8221; bg_image_animation=&#8221;none&#8221;][vc_column_text]\n<h3 class=\"title-1\">Tanulm\u00e1nyk\u00f6tet a m\u00e9dia archeol\u00f3gia meghat\u00e1roz\u00f3 szerz\u0151it\u0151l<\/h3>\n[\/vc_column_text][vc_column_text]\n<h4><em>New Media Archaeologies.<\/em> Amsterdam University Press, 2019<br \/>\nSzerk.: Ben Roberts \u00e9s Mark Goodall<\/h4>\n[\/vc_column_text][\/vc_column][\/vc_row][vc_row type=&#8221;in_container&#8221; full_screen_row_position=&#8221;middle&#8221; column_margin=&#8221;default&#8221; column_direction=&#8221;default&#8221; column_direction_tablet=&#8221;default&#8221; column_direction_phone=&#8221;default&#8221; scene_position=&#8221;center&#8221; top_padding=&#8221;0&#8243; bottom_padding=&#8221;0&#8243; text_color=&#8221;dark&#8221; text_align=&#8221;left&#8221; row_border_radius=&#8221;none&#8221; row_border_radius_applies=&#8221;bg&#8221; overlay_strength=&#8221;0.3&#8243; gradient_direction=&#8221;left_to_right&#8221; shape_divider_position=&#8221;bottom&#8221; bg_image_animation=&#8221;none&#8221; shape_type=&#8221;&#8221;][vc_column column_padding=&#8221;no-extra-padding&#8221; column_padding_tablet=&#8221;inherit&#8221; column_padding_phone=&#8221;inherit&#8221; column_padding_position=&#8221;all&#8221; background_color_opacity=&#8221;1&#8243; background_hover_color_opacity=&#8221;1&#8243; column_shadow=&#8221;none&#8221; column_border_radius=&#8221;none&#8221; column_link_target=&#8221;_self&#8221; gradient_direction=&#8221;left_to_right&#8221; overlay_strength=&#8221;0.3&#8243; width=&#8221;2\/3&#8243; tablet_width_inherit=&#8221;default&#8221; tablet_text_alignment=&#8221;default&#8221; phone_text_alignment=&#8221;default&#8221; column_border_width=&#8221;none&#8221; column_border_style=&#8221;solid&#8221; bg_image_animation=&#8221;none&#8221;][vc_column_text]Egy sokszerz\u0151s tematikus tanulm\u00e1nyk\u00f6tet \u00edr\u00e1sait legink\u00e1bb az elemz\u00e9sek t\u00e1rgyk\u00f6re, esetleg megk\u00f6zel\u00edt\u00e9si m\u00f3dszer\u00fck k\u00f6ti \u00f6ssze, f\u0171zi egys\u00e9gbe.<span class=\"index\">1<\/span> Jelen k\u00f6tetre mindkett\u0151 igaz. A t\u00f6bbsz\u00f6r case study jelleg\u0171 elemz\u00e9sek visszat\u00e9r\u0151 vez\u00e9rgondolataik \u2013 mint p\u00e9ld\u00e1ul a m\u00e9dia anyagszer\u0171s\u00e9g\u00e9nek hangs\u00falyoz\u00e1sa, az \u00fajraj\u00e1tsz\u00e1s, mint m\u00f3dszer prioriz\u00e1l\u00e1sa, a heurisztikus megk\u00f6zel\u00edt\u00e9s el\u0151t\u00e9rbe helyez\u00e9se \u2013 mellett, a kereszthivatkoz\u00e1sokb\u00f3l kiolvashat\u00f3 szoros kor\u00e1bbi egy\u00fcttm\u0171k\u00f6d\u00e9sek miatt is megk\u00edv\u00e1nj\u00e1k, hogy a tanulm\u00e1nyk\u00f6tetre egys\u00e9gk\u00e9nt \u00e9s nem k\u00fcl\u00f6n-k\u00fcl\u00f6n olvasand\u00f3 sz\u00f6vegek gy\u0171jtem\u00e9nyek\u00e9nt tekints\u00fcnk. Annak ellen\u00e9re, hogy a technika-t\u00f6rt\u00e9netben tal\u00e1n nehezebb elvonatkoztatni a \u201efejl\u0151d\u00e9s felfog\u00e1st\u00f3l\u201d \u2013 vagyis egy technol\u00f3gi\u00e1ban rejl\u0151 lehet\u0151s\u00e9gek egyre nagyobb m\u00e9rt\u00e9k\u0171 kibontakoz\u00e1s\u00e1t\u00f3l, az \u201einnov\u00e1ci\u00f3-centrizmust\u00f3l\u201d,<span class=\"index\">2<\/span> a \u201egy\u0151ztes\u201d technol\u00f3gi\u00e1k t\u00f6rt\u00e9net\u00e9t\u0151l<span class=\"index\">3<\/span> \u2013, nem \u00fajkelet\u0171 a m\u00e9dia t\u00f6rt\u00e9net linearit\u00e1s\u00e1nak megk\u00e9rd\u0151jelez\u00e9se. <span class=\"small\">Jussi Parikka<\/span> \u00e9s <span class=\"small\">Erik Huhtamo<\/span> polil\u00f3gus \u2013 a kett\u0151n\u00e9l t\u00f6bb r\u00e9sztvev\u0151s diskurzusra vonatkoz\u00f3 \u2013 fogalma, <span class=\"small\">Gilles Deleuz<\/span>e \u00e9s <span class=\"small\">F\u00e9lix Guattari<\/span> nomadol\u00f3gia gyakorlata vagy <span class=\"small\">Siegfried Zielinski<\/span> felh\u00edv\u00e1sa, hogy figyelm\u00fcnket a t\u00f6rt\u00e9nelmi mestertervekben \u00e9szlelhet\u0151 t\u00f6r\u00e9sekre \u00e9s fordul\u00f3pontokra ir\u00e1ny\u00edtsuk, mind a t\u00f6rt\u00e9net egys\u00e9ges folyamatk\u00e9nt val\u00f3 \u00e9rtelmez\u00e9se ellen sz\u00f3lnak.[\/vc_column_text][\/vc_column][vc_column column_padding=&#8221;no-extra-padding&#8221; column_padding_tablet=&#8221;inherit&#8221; column_padding_phone=&#8221;inherit&#8221; column_padding_position=&#8221;all&#8221; top_margin=&#8221;0&#8243; bottom_margin=&#8221;0&#8243; background_color_opacity=&#8221;1&#8243; background_hover_color_opacity=&#8221;1&#8243; column_shadow=&#8221;none&#8221; column_border_radius=&#8221;none&#8221; column_link_target=&#8221;_self&#8221; el_class=&#8221;box-l20&#8243; gradient_direction=&#8221;left_to_right&#8221; overlay_strength=&#8221;0.3&#8243; width=&#8221;1\/3&#8243; tablet_width_inherit=&#8221;default&#8221; tablet_text_alignment=&#8221;default&#8221; phone_text_alignment=&#8221;default&#8221; column_border_width=&#8221;none&#8221; column_border_style=&#8221;solid&#8221; bg_image_animation=&#8221;none&#8221; offset=&#8221;vc_col-sm-offset-0&#8243;][divider line_type=&#8221;Small Line&#8221; line_alignment=&#8221;default&#8221; line_thickness=&#8221;4&#8243; divider_color=&#8221;extra-color-2&#8243; custom_height=&#8221;20&#8243; custom_line_width=&#8221;100&#8243;][vc_column_text]\n<p class=\"footnote-anchor\">1<\/p>\n<p class=\"szcena-2014-lj\">A tanulm\u00e1nyoknak egy r\u00e9sze m\u00e1r kor\u00e1bban, k\u00fcl\u00f6n publik\u00e1ci\u00f3k\u00e9nt is napvil\u00e1got l\u00e1tott.<\/p>\n<p class=\"footnote-anchor\">2<\/p>\n<p class=\"szcena-2014-lj\"><span class=\"small\">Peter Buse:<\/span> Collector, Hoarder, Media Archaeologist. Walter Benjamin with Vivian Maier, 148.<\/p>\n<p class=\"footnote-anchor\">3<\/p>\n<p class=\"szcena-2014-lj\"><span class=\"small\">Ben Roberts:<\/span> Media Archaeology and Critical Theory of Technology, 157.<\/p>\n[\/vc_column_text][\/vc_column][\/vc_row][vc_row type=&#8221;full_width_background&#8221; full_screen_row_position=&#8221;middle&#8221; column_margin=&#8221;default&#8221; column_direction=&#8221;default&#8221; column_direction_tablet=&#8221;default&#8221; column_direction_phone=&#8221;default&#8221; scene_position=&#8221;center&#8221; text_color=&#8221;dark&#8221; text_align=&#8221;left&#8221; row_border_radius=&#8221;none&#8221; row_border_radius_applies=&#8221;bg&#8221; class=&#8221;p-cont-4-0&#8243; overlay_strength=&#8221;0.3&#8243; gradient_direction=&#8221;left_to_right&#8221; shape_divider_position=&#8221;bottom&#8221; bg_image_animation=&#8221;none&#8221; shape_type=&#8221;&#8221;][vc_column column_padding=&#8221;no-extra-padding&#8221; column_padding_tablet=&#8221;inherit&#8221; column_padding_phone=&#8221;inherit&#8221; column_padding_position=&#8221;all&#8221; background_color_opacity=&#8221;1&#8243; background_hover_color_opacity=&#8221;1&#8243; column_shadow=&#8221;none&#8221; column_border_radius=&#8221;none&#8221; column_link_target=&#8221;_self&#8221; gradient_direction=&#8221;left_to_right&#8221; overlay_strength=&#8221;0.3&#8243; width=&#8221;1\/1&#8243; tablet_width_inherit=&#8221;default&#8221; tablet_text_alignment=&#8221;default&#8221; phone_text_alignment=&#8221;default&#8221; column_border_width=&#8221;none&#8221; column_border_style=&#8221;solid&#8221; bg_image_animation=&#8221;none&#8221;][image_with_animation image_url=&#8221;25480&#8243; animation=&#8221;Fade In&#8221; hover_animation=&#8221;none&#8221; alignment=&#8221;center&#8221; border_radius=&#8221;none&#8221; box_shadow=&#8221;none&#8221; image_loading=&#8221;default&#8221; max_width=&#8221;100%&#8221; max_width_mobile=&#8221;default&#8221; el_class=&#8221;full-img&#8221;][\/vc_column][\/vc_row][vc_row type=&#8221;in_container&#8221; full_screen_row_position=&#8221;middle&#8221; column_margin=&#8221;default&#8221; column_direction=&#8221;default&#8221; column_direction_tablet=&#8221;default&#8221; column_direction_phone=&#8221;default&#8221; scene_position=&#8221;center&#8221; top_padding=&#8221;0&#8243; bottom_padding=&#8221;0&#8243; text_color=&#8221;dark&#8221; text_align=&#8221;left&#8221; row_border_radius=&#8221;none&#8221; row_border_radius_applies=&#8221;bg&#8221; class=&#8221;p-8-0&#8243; overlay_strength=&#8221;0.3&#8243; gradient_direction=&#8221;left_to_right&#8221; shape_divider_position=&#8221;bottom&#8221; bg_image_animation=&#8221;none&#8221; shape_type=&#8221;&#8221;][vc_column column_padding=&#8221;no-extra-padding&#8221; column_padding_tablet=&#8221;inherit&#8221; column_padding_phone=&#8221;inherit&#8221; column_padding_position=&#8221;all&#8221; background_color_opacity=&#8221;1&#8243; background_hover_color_opacity=&#8221;1&#8243; column_shadow=&#8221;none&#8221; column_border_radius=&#8221;none&#8221; column_link_target=&#8221;_self&#8221; gradient_direction=&#8221;left_to_right&#8221; overlay_strength=&#8221;0.3&#8243; width=&#8221;2\/3&#8243; tablet_width_inherit=&#8221;default&#8221; tablet_text_alignment=&#8221;default&#8221; phone_text_alignment=&#8221;default&#8221; column_border_width=&#8221;none&#8221; column_border_style=&#8221;solid&#8221; bg_image_animation=&#8221;none&#8221;][vc_column_text]A k\u00f6tetben szerepl\u0151 tanulm\u00e1nyokat a szerkeszt\u0151k h\u00e1rom f\u0151 tematikai r\u00e9szbe osztott\u00e1k: (1) <em>K\u00eds\u00e9rleti m\u00e9dia archeol\u00f3gia<\/em> c\u00edm\u0171 r\u00e9szben alapvet\u0151en a szerz\u0151k \u00e1ltal vezetett gyakorlatokb\u00f3l levont k\u00f6vetkeztet\u00e9sek olvashat\u00f3k, a (2) <em>M\u00e9dia archeol\u00f3gia elm\u00e9let<\/em> szakaszban a m\u00e9dia archeol\u00f3gia mint tudom\u00e1ny\u00e1g elm\u00e9leti forr\u00e1sair\u00f3l \u2013 k\u00fcl\u00f6n\u00f6s tekintettel <span class=\"small\">Walter Benjamin<\/span> \u00edr\u00e1saira \u2013 tal\u00e1lhat\u00f3k elemz\u00e9sek, m\u00edg a (3) <em>M\u00e9dia archeol\u00f3gia az interf\u00e9szn\u00e9l<\/em> r\u00e9szben a k\u00e9t tanulm\u00e1ny jelleg\u00e9ben er\u0151sen elt\u00e9r: <span class=\"small\">Angela Piccini<\/span> a bristoli Cube Microplex<span class=\"index\">4<\/span> ter\u00e9ben alkalmazott, klasszikus archeol\u00f3giai m\u00f3dszereinek gyakorlat\u00e1t \u00edrja le, tal\u00e1n t\u00falzott r\u00e9szletess\u00e9ggel, hogy bemutassa a klasszikus archeol\u00f3gia \u00e9s a m\u00e9dia archeol\u00f3gia \u00e1tfed\u00e9seit.<span class=\"index\">5<\/span> A k\u00f6tetet Parikka \u00edr\u00e1sa z\u00e1rja, aki t\u0151le megszokott m\u00f3don ism\u00e9t tov\u00e1bb t\u00e1g\u00edtja a m\u00e9dia archeol\u00f3gia elm\u00e9leti kereteit, ez\u00fattal a <em>spekulat\u00edv design \u00e9s a k\u00e9pzeletbeli m\u00e9dia kutat\u00e1s<\/em> ir\u00e1ny\u00e1ba.<\/p>\n<p>A t\u00f6rt\u00e9nelem\u00edr\u00e1s \u00e9s az elm\u00e9letalkot\u00e1s lehets\u00e9ges terepek\u00e9nt, \u201elaborat\u00f3riumak\u00e9nt\u201d tekint a m\u00e9dia archeol\u00f3gi\u00e1ra <span class=\"small\">Wanda Strauven.<\/span><span class=\"index\">6<\/span> Sean Cubitt <em>anekdota<\/em> haszn\u00e1lat\u00e1ra \u00e9s Jacques Derrida (Claude L\u00e9vi-Strausst\u00f3l \u00e1tvett) <em>bricolage<\/em> m\u00f3dszer\u00e9re hivatkozva, az <em>\u00fajraj\u00e1tsz\u00e1s<\/em> gyakorlat\u00e1t javasolja a r\u00e9gi m\u00e9diumok \u00fajra \u00e9rz\u00e9kel\u00e9s\u00e9re\/\u00e1t\u00e9l\u00e9s\u00e9re, melynek eredm\u00e9nyek\u00e9nt m\u00e1r l\u00e9tez\u0151 fogalmakat saj\u00e1t\u00edtunk ki \u00e9s haszn\u00e1lunk fel m\u00e1s c\u00e9lra. M\u00f3dszertani javaslat\u00e1t k\u00e9t konkr\u00e9t p\u00e9ld\u00e1n illusztr\u00e1lja: egyikben a di\u00e1kok \u00e1ltal alig ismert eszk\u00f6zzel \u2013 vet\u00edt\u0151g\u00e9ppel \u2013 olyan di\u00e1kat vet\u00edtettek, melyek kereteibe az utc\u00e1n vagy otthon tal\u00e1lt apr\u00f3 dolgokat helyeztek. A t\u00f6bbl\u00e9pcs\u0151s k\u00eds\u00e9rlet \u00e9rt\u00e9kel\u00e9s\u00e9nek egyik leg\u00e9rdekesebb meg\u00e1llap\u00edt\u00e1sa az, hogy a r\u00e9sztvev\u0151k nem tudtak megszabadulni az elvonatkoztat\u00e1sokt\u00f3l \u00e9s az \u00e9rtelmez\u00e9si k\u00e9nyszert\u0151l \u00e9s ennek k\u00f6vetkezt\u00e9ben szinte vakoknak bizonyultak a m\u00e9dia archeol\u00f3gia \u00e9rt\u00e9krendszer\u00e9ben kiemelt szerepet \u00e9lvez\u0151 anyagszer\u0171s\u00e9gre: \u00f6nk\u00e9ntelen\u00fcl asszoci\u00e1lni kezdtek \u00e9s a val\u00f3di t\u00e1rgyak helyett olyasmit l\u00e1ttak bele a k\u00e9pekbe, amelyek nem voltak ott. M\u00e1sodik k\u00eds\u00e9rlet\u00e9ben az \u00e9rint\u0151k\u00e9perny\u0151vel feln\u0151tt gener\u00e1ci\u00f3 tagjait szembes\u00edtette taktilis \u00e9rz\u00e9kel\u00e9s\u00fck korl\u00e1taival.<\/p>\n<p><span class=\"small\">Andreas Fickers<\/span> \u00e9s <span class=\"small\">Annie van den Oever<\/span> hasonl\u00f3an k\u00eds\u00e9rletek sorozat\u00e1ra \u00e9p\u00edtik \u00edr\u00e1sukat:<span class=\"index\">7<\/span> kimondott c\u00e9ljuk, hogy a m\u00e9dia technol\u00f3gi\u00e1khoz \u00e9rz\u00e9kibb m\u00f3don k\u00f6zel\u00edts\u00fcnk, figyelm\u00fcnket a t\u00f6rt\u00e9neti t\u00e1rgyak anyagi volt\u00e1ra ir\u00e1ny\u00edtsuk. \u00dajraj\u00e1tsz\u00f3 felhaszn\u00e1l\u00e1s r\u00e9v\u00e9n a m\u00falt <em>\u00e9rz\u00e9kel\u00e9se<\/em> (eredeti kiemel\u00e9s) a c\u00e9l. Fickers \u00e9s Oever nyolc k\u00fcl\u00f6nb\u00f6z\u0151 felhaszn\u00e1l\u00f3i t\u00edpust k\u00fcl\u00f6nb\u00f6ztet meg: elk\u00e9pzelt, konfigur\u00e1lt, szak\u00e9rt\u0151, amat\u0151r, visszaeml\u00e9kez\u0151, \u00fajraj\u00e1tsz\u00f3, mesters\u00e9ges (m\u0171v\u00e9szi) \u00e9s szimul\u00e1lt. M\u00edg a technol\u00f3giat\u00f6rt\u00e9netben jellemz\u0151en a szak\u00e9rt\u0151, az elk\u00e9pzelt \u00e9s konfigur\u00e1lt haszn\u00e1l\u00f3kon van a hangs\u00faly, a tanulm\u00e1ny els\u0151sorban az amat\u0151r \u00e9s az \u00fajraj\u00e1tsz\u00f3 t\u00edpus\u00fa felhaszn\u00e1l\u00f3k tapasztalataira \u00f6sszpontos\u00edtja a figyelmet, mondv\u00e1n, hogy m\u00edg az el\u0151bbi eset\u00e9ben szinte kiz\u00e1r\u00f3lag csak a szab\u00e1lyos felhaszn\u00e1l\u00e1s korl\u00e1tjain bel\u00fcli k\u00e9pi \u00e9s verb\u00e1lis forr\u00e1sok \u00e1llnak rendelkez\u00e9sre, addig az amat\u0151r\u00f6k azok, akik gyakran alkotnak kiterjedt \u00e9s akt\u00edv k\u00f6z\u00f6ss\u00e9geket: a technol\u00f3gia ir\u00e1nti elk\u00f6telezetts\u00e9g\u00fck jegy\u00e9ben el\u0151szeretettel osztj\u00e1k meg tapasztalataikat \u2013 bele\u00e9rtve a kudarcokat \u00e9s a helyes haszn\u00e1latt\u00f3l val\u00f3 elt\u00e9r\u00e9seket \u2013 az \u00e1ltaluk l\u00e9trehozott platformokon.[\/vc_column_text][\/vc_column][vc_column column_padding=&#8221;no-extra-padding&#8221; column_padding_tablet=&#8221;inherit&#8221; column_padding_phone=&#8221;inherit&#8221; column_padding_position=&#8221;all&#8221; top_margin=&#8221;0&#8243; bottom_margin=&#8221;0&#8243; background_color_opacity=&#8221;1&#8243; background_hover_color_opacity=&#8221;1&#8243; column_shadow=&#8221;none&#8221; column_border_radius=&#8221;none&#8221; column_link_target=&#8221;_self&#8221; el_class=&#8221;box-l20&#8243; gradient_direction=&#8221;left_to_right&#8221; overlay_strength=&#8221;0.3&#8243; width=&#8221;1\/3&#8243; tablet_width_inherit=&#8221;default&#8221; tablet_text_alignment=&#8221;default&#8221; phone_text_alignment=&#8221;default&#8221; column_border_width=&#8221;none&#8221; column_border_style=&#8221;solid&#8221; bg_image_animation=&#8221;none&#8221; offset=&#8221;vc_col-sm-offset-0&#8243;][divider line_type=&#8221;Small Line&#8221; line_alignment=&#8221;default&#8221; line_thickness=&#8221;4&#8243; divider_color=&#8221;extra-color-2&#8243; custom_height=&#8221;20&#8243; custom_line_width=&#8221;100&#8243;][vc_column_text]\n<p class=\"footnote-anchor\">4<\/p>\n<p class=\"szcena-2014-lj\">\u00d6nk\u00e9ntesek \u00e1ltal m\u0171k\u00f6dtetett, filmmel \u00e9s m\u0171v\u00e9szettel foglalkoz\u00f3 int\u00e9zm\u00e9ny, ld <a href=\"https:\/\/cubecinema.com\" target=\"_blank\" rel=\"noopener noreferrer\">https:\/\/cubecinema.com<\/a><\/p>\n<p class=\"footnote-anchor\">5<\/p>\n<p class=\"szcena-2014-lj\">8. The Cube: A Cinema Archaeology, 177\u2013204.<\/p>\n<p class=\"footnote-anchor\">6<\/p>\n<p class=\"szcena-2014-lj\">1. Media Archaeology as Laboratory for History Writing and Theory Making, 23-43.<\/p>\n<p class=\"footnote-anchor\">7<\/p>\n<p class=\"szcena-2014-lj\">2. Doing Experimental Media Archaeology. Epistemological and Methodological Reflections on Experiments with Historical Objects of Media Technologies, 46\u201368.<\/p>\n[\/vc_column_text][\/vc_column][\/vc_row][vc_row type=&#8221;in_container&#8221; full_screen_row_position=&#8221;middle&#8221; column_margin=&#8221;default&#8221; column_direction=&#8221;default&#8221; column_direction_tablet=&#8221;default&#8221; column_direction_phone=&#8221;default&#8221; scene_position=&#8221;center&#8221; top_padding=&#8221;0&#8243; bottom_padding=&#8221;0&#8243; text_color=&#8221;dark&#8221; text_align=&#8221;left&#8221; row_border_radius=&#8221;none&#8221; row_border_radius_applies=&#8221;bg&#8221; overlay_strength=&#8221;0.3&#8243; gradient_direction=&#8221;left_to_right&#8221; shape_divider_position=&#8221;bottom&#8221; bg_image_animation=&#8221;none&#8221; shape_type=&#8221;&#8221;][vc_column column_padding=&#8221;no-extra-padding&#8221; column_padding_tablet=&#8221;inherit&#8221; column_padding_phone=&#8221;inherit&#8221; column_padding_position=&#8221;all&#8221; background_color_opacity=&#8221;1&#8243; background_hover_color_opacity=&#8221;1&#8243; column_shadow=&#8221;none&#8221; column_border_radius=&#8221;none&#8221; column_link_target=&#8221;_self&#8221; gradient_direction=&#8221;left_to_right&#8221; overlay_strength=&#8221;0.3&#8243; width=&#8221;2\/3&#8243; tablet_width_inherit=&#8221;default&#8221; tablet_text_alignment=&#8221;default&#8221; phone_text_alignment=&#8221;default&#8221; column_border_width=&#8221;none&#8221; column_border_style=&#8221;solid&#8221; bg_image_animation=&#8221;none&#8221;][vc_column_text]Fickers \u00e9s Oever nem autentikus t\u00f6rt\u00e9neti tapasztal\u00e1sokat akarnak rekonstru\u00e1lni k\u00eds\u00e9rleteik nyom\u00e1n, hanem arra k\u00edv\u00e1ncsiak, hogy a g\u00e9peknek milyen alkalmaz\u00e1sai lehets\u00e9gesek a kreat\u00edv szab\u00e1lytalan haszn\u00e1lat r\u00e9v\u00e9n. A technikai t\u00e1rgyak performat\u00edv dimenzi\u00f3ja, a tapint\u00e1sra \u00e9s m\u00e1s \u00e9rz\u00e9kszervekre hat\u00f3 benyom\u00e1sok (pl. r\u00e9gi filmvet\u00edt\u0151k m\u0171k\u00f6d\u00e9s\u00e9vel j\u00e1r\u00f3 hangok \u00e9s illatok), valamint a haszn\u00e1l\u00f3 \u00e9s t\u00e1rgy, illetve t\u00f6bb haszn\u00e1l\u00f3 k\u00f6z\u00f6tti helyzetdinamik\u00e1k \u00e9rdeklik. <span class=\"no-hype\">Heurisztikusnak<\/span> c\u00edmk\u00e9zett \u00fajraj\u00e1tsz\u00e1saiknak fontos elemei az id\u0151- \u00e9s t\u00e9rbeli dimenzi\u00f3 ir\u00e1nti \u00e9rz\u00e9kenys\u00e9g, melyet mind a l\u00e9trehoz\u00e1s, mind a fogyaszt\u00e1s sor\u00e1n fontosnak tartanak.<\/p>\n<p><span class=\"small\">Alison Gazzard<\/span> a vide\u00f3j\u00e1t\u00e9k ter\u00fclet\u00e9r\u0151l hozott p\u00e9ld\u00e1kra alapozza meg\u00e1llap\u00edt\u00e1sait.<span class=\"index\">8<\/span> A nyolcvanas \u00e9vekb\u0151l sz\u00e1rmaz\u00f3 j\u00e1t\u00e9kok eset\u00e9ben az \u00fajm\u00e9dia archiv\u00e1l\u00e1sban \u00e9s ki\u00e1ll\u00edt\u00e1sban gyakran alkalmazott <em>emul\u00e1ci\u00f3<\/em><span class=\"index\">9<\/span> m\u00f3dszer\u00e9hez korabeli \u00fajs\u00e1gokban tal\u00e1lhat\u00f3 forr\u00e1sokat (list\u00e1z\u00e1sokat) rendel. Ezek a list\u00e1z\u00e1sok olyan dokument\u00e1ci\u00f3kat, p\u00e9ld\u00e1ul forr\u00e1sk\u00f3dokat tartalmaznak, amelyek a szoftver term\u00e9kb\u0151l nem felt\u00e9tlen\u00fcl visszak\u00f6vetkeztethet\u0151ek, \u00edgy nagyban el\u0151seg\u00edti az emul\u00e1ci\u00f3ra alapozott bemutat\u00e1st. K\u00f6vetend\u0151 mintak\u00e9nt \u00e1ll\u00edt be egy New York \u00e1llambeli j\u00e1t\u00e9km\u00fazeumot, a rochesteri Strong M\u00fazeumot,<span class=\"index\">10<\/span> ahol a ki\u00e1ll\u00edt\u00e1si m\u00f3d a \u201em\u0171t\u00e1rgy-interpret\u00e1ci\u00f3-interaktivit\u00e1s\u201d h\u00e1rmass\u00e1gon alapul.<\/p>\n<p>A k\u00f6tet els\u0151 r\u00e9sz\u00e9nek utols\u00f3 \u00edr\u00e1sa hangs\u00falyosan elm\u00e9leti szempont\u00fa \u00e9s m\u00e1r nem konkr\u00e9t k\u00eds\u00e9rletekre \u00e9p\u00fcl: j\u00f3 \u00e1tvezet\u0151 a k\u00f6vetkez\u0151, <em>M\u00e9dia archeol\u00f3gia elm\u00e9let<\/em> c\u00edm\u0171 r\u00e9szbe. Mark Goodall <em>A m\u00e9dia archeol\u00f3gia szelleme<\/em> c\u00edm\u0171 tanulm\u00e1ny\u00e1ban Derrida <em>hauntol\u00f3gia<\/em> gondolat\u00e1t <em>(Marx k\u00eds\u00e9rtetei,<\/em> 1993)<span class=\"index\">11<\/span> haszn\u00e1lja fel a m\u00e9dia technol\u00f3gi\u00e1k \u00e9rtelmez\u00e9s\u00e9hez. Ennek \u00e9rtelm\u00e9ben Derrida<em> m\u00e1r nem\/m\u00e9g nem \u00e9s a m\u00e9g nem t\u00f6rt\u00e9nt meg<\/em> \u00e1llapotokat alkalmazza a k\u00fcl\u00f6nf\u00e9le technol\u00f3gi\u00e1k \u00e9rtelmez\u00e9s\u00e9re. A <em>m\u00e1r nem<\/em> a t\u00e1rgyak eredeti haszn\u00e1lat\u00e1t vagy olyan t\u00e1rgyakat jel\u00f6lnek, melyek m\u00e1r nincsenek meg eredeti \u00e1llapotukban, m\u00edg a <em>m\u00e9g nem t\u00f6rt\u00e9nt meg<\/em> ezeknek a technol\u00f3gi\u00e1knak az \u00faj \u00e9lettel val\u00f3 megt\u00f6lt\u00e9s\u00e9t jelentheti. A m\u00e9dia \u00e9s az okkult jelens\u00e9gek kapcsolat\u00e1ra pedig \u2013 \u00edrja Goodall \u2013, <span class=\"small\">Geoffrey Winthrop-Young<\/span> \u00e9s <span class=\"small\">Michael Wutz<\/span> is felh\u00edvta a figyelmet: szerint\u00fck a m\u00e9dium gondolata (mint ahogyan maga a sz\u00f3 is) mindig is mag\u00e1ban hordozta a spiritualizmus megid\u00e9z\u00e9s\u00e9t.<span class=\"index\">12<\/span><\/p>\n<p>A m\u00e1sodik r\u00e9sz kezd\u0151 tanulm\u00e1ny\u00e1ban <span class=\"small\">Thomas Elsaesser<\/span><span class=\"index\">13<\/span> a filmt\u00f6rt\u00e9neti feldolgoz\u00e1soknak azt a sz\u00e1z \u00e9ve uralkod\u00f3 megk\u00f6zel\u00edt\u00e9sm\u00f3dj\u00e1t k\u00e9rd\u0151jelezi meg, miszerint a film alapj\u00e1ban a f\u00e9nyk\u00e9pez\u00e9s tov\u00e1bbfejleszt\u00e9se, mely egyr\u00e9szt a <em>l\u00e1t\u00e1si perzisztencia<\/em><span class=\"index\">14<\/span> felismer\u00e9s\u00e9re, m\u00e1sr\u00e9szt a vet\u00edtett k\u00e9p el\u0151t\u00f6rt\u00e9net\u00e9re \u00e9p\u00fcl. Ennek \u00e9rtelm\u00e9ben a filmre vet\u00edtett k\u00e9pk\u00e9nt vagy lenyomatk\u00e9nt tekint\u00fcnk. Ehelyett \u2013 <span class=\"no-hype\">Elsaesser<\/span> szerint \u2013 \u00fajra kell gondolni a filmt\u00f6rt\u00e9net archeol\u00f3gi\u00e1j\u00e1t olyan fogalmak ment\u00e9n, mint p\u00e9ld\u00e1ul a mozg\u00e1s, az energia, a hat\u00f3er\u0151k \u00e9s az automatizmus. Az \u00e1t\u00edr\u00e1s jogosults\u00e1ga mellett sz\u00f3l a mozg\u00f3k\u00e9p huszadik sz\u00e1zad sor\u00e1n megfigyelhet\u0151 \u00e1talakul\u00e1sa mellett (tv, sz\u00e1m\u00edt\u00f3g\u00e9p, LED kijelz\u0151k) az is, hogy a kor\u00e1bbi \u00e9rtelmez\u00e9sekben sz\u00e1mos olyan t\u00e9nyez\u0151t figyelmen k\u00edv\u00fcl hagytak, amely gyeng\u00edtette volna a filmt\u00f6rt\u00e9net <em>vet\u00edt\u00e9s-f\u00e9nyk\u00e9p-l\u00e1t\u00e1si perzisztencia<\/em> h\u00e1rmass\u00e1gban<span class=\"index\">15<\/span> gy\u00f6kerez\u0151 vonal\u00e1t. A szerz\u0151 megk\u00fcl\u00f6nb\u00f6zteti a mozg\u00f3k\u00e9p t\u00f6rt\u00e9net kezdet\u00e9nek k\u00e9t meghat\u00e1roz\u00f3 alakj\u00e1nak \u2013 <span class=\"small\">\u00c9tienne-Jules Marey<\/span> \u00e9s <span class=\"small\">Eadweard Muybridge<\/span> \u2013 mozg\u00e1sf\u00e9nyk\u00e9pez\u00e9si m\u00f3dj\u00e1t: m\u00edg Marey az eur\u00f3pai, csoportos\u00edt\u00f3 hagyom\u00e1nyt folytatta \u00e9s alapvet\u0151en a mozg\u00e1s \u00e9s az id\u0151 lenyomatait k\u00edv\u00e1nta megjelen\u00edteni, addig Muybridge a taylorizmushoz vezet\u0151 amerikai vonalat teremtette meg, melynek els\u0151dleges c\u00e9lja az emberi \u00e9s a g\u00e9pi energi\u00e1k maximaliz\u00e1l\u00e1sa \u00e9s szinkroniz\u00e1l\u00e1sa volt. Ennek \u00e9rtelm\u00e9ben, \u2013 \u00edrja <span class=\"no-hype\">Elsaesser<\/span> \u2013 Marey megmaradt a f\u00e9nyk\u00e9p eredeti c\u00e9lkit\u0171z\u00e9s\u00e9n\u00e9l, m\u00edg a Muybridge-f\u00e9le vonal, vagyis a kinetikus energia megjelen\u00edt\u00e9se a mai napig meghat\u00e1roz\u00f3 elv\u00e1r\u00e1s a mozit\u00f3l. \u00d6t energia-t\u00edpust k\u00fcl\u00f6nb\u00f6ztet meg \u00e9s r\u00e9szletez hosszasan, p\u00e9ld\u00e1kon kereszt\u00fcl: 1. agit\u00e1ci\u00f3 (l\u00e1thatatlan er\u0151k megnyilv\u00e1nul\u00e1sa), 2. anim\u00e1ci\u00f3 (az alkot\u00f3 szakaszokra bontott jelenetekkel anim\u00e1l, vagyis \u201e\u00e9letet ad\u201d a dolgoknak), 3. dolgok hat\u00f3ereje (mechanikai \u00e9s pszichol\u00f3giai energi\u00e1k egy\u00fcttese), 4. automatiz\u00e1l\u00e1s (energia \u00e1tad\u00e1s ember-g\u00e9p-metropolisz mont\u00e1zsokban), \u00e9s 5. figyelem vagy v\u00e1r\u00e1s, mint tev\u00e9kenys\u00e9g (a voyeurizmust\u00f3l a korunkra jellemz\u0151 megfigyel\u00e9sekig). Tanulm\u00e1ny\u00e1nak v\u00e9g\u00e9n hangs\u00falyozza: a film t\u00f6rt\u00e9nete nem v\u00e1laszthat\u00f3 el az urbaniz\u00e1ci\u00f3t\u00f3l, a villamos\u00edt\u00e1st\u00f3l \u00e9s munka \u00e1tszervez\u00e9s\u00e9t\u0151l, melynek egyik fontos mell\u00e9kk\u00f6vetkezm\u00e9nyek\u00e9nt, a szabadid\u0151ben t\u00f6rt\u00e9n\u0151 a moziba j\u00e1r\u00e1s egy fegyelmezett \u00e9s t\u00e1rsadalmilag elfogadott sz\u00f3rakoz\u00e1ss\u00e1 v\u00e1lt.[\/vc_column_text][\/vc_column][vc_column column_padding=&#8221;no-extra-padding&#8221; column_padding_tablet=&#8221;inherit&#8221; column_padding_phone=&#8221;inherit&#8221; column_padding_position=&#8221;all&#8221; top_margin=&#8221;0&#8243; bottom_margin=&#8221;0&#8243; background_color_opacity=&#8221;1&#8243; background_hover_color_opacity=&#8221;1&#8243; column_shadow=&#8221;none&#8221; column_border_radius=&#8221;none&#8221; column_link_target=&#8221;_self&#8221; el_class=&#8221;box-l20&#8243; gradient_direction=&#8221;left_to_right&#8221; overlay_strength=&#8221;0.3&#8243; width=&#8221;1\/3&#8243; tablet_width_inherit=&#8221;default&#8221; tablet_text_alignment=&#8221;default&#8221; phone_text_alignment=&#8221;default&#8221; column_border_width=&#8221;none&#8221; column_border_style=&#8221;solid&#8221; bg_image_animation=&#8221;none&#8221; offset=&#8221;vc_col-sm-offset-0&#8243;][divider line_type=&#8221;Small Line&#8221; line_alignment=&#8221;default&#8221; line_thickness=&#8221;4&#8243; divider_color=&#8221;extra-color-2&#8243; custom_height=&#8221;20&#8243; custom_line_width=&#8221;100&#8243;][vc_column_text]\n<p class=\"footnote-anchor\">8<\/p>\n<p class=\"szcena-2014-lj\">4. (game)(code) re-playing program listings from 1980s British computer magazines, 83\u2013103.<\/p>\n<p class=\"footnote-anchor\">9<\/p>\n<p class=\"szcena-2014-lj\">Egy adott m\u0171k\u00f6d\u00e9si k\u00f6rnyezetet m\u00e1s k\u00f6r\u00fclm\u00e9nyek k\u00f6z\u00f6tt ut\u00e1nz\u00f3 technol\u00f3gia.<\/p>\n<p class=\"footnote-anchor\">10<\/p>\n<p class=\"szcena-2014-lj\"><a href=\"https:\/\/www.museumofplay.org\" target=\"_blank\" rel=\"noopener noreferrer\">https:\/\/www.museumofplay.org<\/a><\/p>\n<p class=\"footnote-anchor\">11<\/p>\n<p class=\"szcena-2014-lj\"><span class=\"small\">Jacques Derrida:<\/span> <em>Marx k\u00eds\u00e9rtetei.<\/em> Ford. <span class=\"small\">Boros J\u00e1nos, Csord\u00e1s G\u00e1bor, Orb\u00e1n Jol\u00e1n,<\/span> Jelenkor, P\u00e9cs, 1995.<\/p>\n<p class=\"footnote-anchor\">12<\/p>\n<p class=\"szcena-2014-lj\">Id\u00e9zi <span class=\"small\">Goodall:<\/span> Geoffrey Winthrop-Young and Michael Wutz, \u2018Introduction\u2019 in Kittler, F.A.: Gramophone, Film, Typewriter. Stanford, CA: Stanford University Press, 1999. xii.<\/p>\n<p class=\"footnote-anchor\">13<\/p>\n<p class=\"szcena-2014-lj\">5. Cinema, Motion, Energy, and Entropy, 107\u2013234.<\/p>\n<p class=\"footnote-anchor\">14<\/p>\n<p class=\"szcena-2014-lj\">A l\u00e1t\u00e1si perzisztencia arra a fiziol\u00f3giai jelens\u00e9gre vonatkozik, hogy a f\u00e9ny\u00e9rzet a f\u00e9nyinger megsz\u0171nte ut\u00e1n m\u00e9g r\u00f6vid ideig megmarad. Ennek k\u00f6sz\u00f6nhet\u0151, hogy a r\u00f6vid id\u0151k\u00f6zben egym\u00e1st k\u00f6vet\u0151 k\u00e9pek folyamatos k\u00e9p benyom\u00e1s\u00e1t keltik, ezt a jelens\u00e9get hasznos\u00edtja a\u00a0mozg\u00f3k\u00e9p.<\/p>\n<p class=\"footnote-anchor\">15<\/p>\n<p class=\"szcena-2014-lj\">A <em>vet\u00edt\u00e9s-f\u00e9nyk\u00e9p-l\u00e1t\u00e1si perzisztencia<\/em> h\u00e1rmass\u00e1g a l\u00e1t\u00e1si perzisztencia mellett bevonja a mozg\u00f3k\u00e9p lesz\u00e1rmaz\u00e1s-t\u00f6rt\u00e9netbe azokat a v\u00e9lt el\u0151zm\u00e9nyeit is, amelyek a vet\u00edt\u00e9sre (\u00e1rnyk\u00e9pek, lanterna magica-jelleg\u0171 eszk\u00f6z\u00f6k), illetve a f\u00e9nyk\u00e9p-eredetre teszik a hangs\u00falyt.<\/p>\n[\/vc_column_text][\/vc_column][\/vc_row][vc_row type=&#8221;in_container&#8221; full_screen_row_position=&#8221;middle&#8221; column_margin=&#8221;default&#8221; column_direction=&#8221;default&#8221; column_direction_tablet=&#8221;default&#8221; column_direction_phone=&#8221;default&#8221; scene_position=&#8221;center&#8221; top_padding=&#8221;0&#8243; bottom_padding=&#8221;0&#8243; text_color=&#8221;dark&#8221; text_align=&#8221;left&#8221; row_border_radius=&#8221;none&#8221; row_border_radius_applies=&#8221;bg&#8221; overlay_strength=&#8221;0.3&#8243; gradient_direction=&#8221;left_to_right&#8221; shape_divider_position=&#8221;bottom&#8221; bg_image_animation=&#8221;none&#8221; shape_type=&#8221;&#8221;][vc_column column_padding=&#8221;no-extra-padding&#8221; column_padding_tablet=&#8221;inherit&#8221; column_padding_phone=&#8221;inherit&#8221; column_padding_position=&#8221;all&#8221; background_color_opacity=&#8221;1&#8243; background_hover_color_opacity=&#8221;1&#8243; column_shadow=&#8221;none&#8221; column_border_radius=&#8221;none&#8221; column_link_target=&#8221;_self&#8221; gradient_direction=&#8221;left_to_right&#8221; overlay_strength=&#8221;0.3&#8243; width=&#8221;2\/3&#8243; tablet_width_inherit=&#8221;default&#8221; tablet_text_alignment=&#8221;default&#8221; phone_text_alignment=&#8221;default&#8221; column_border_width=&#8221;none&#8221; column_border_style=&#8221;solid&#8221; bg_image_animation=&#8221;none&#8221;][vc_column_text]<span class=\"small\">Peter Buse<\/span> Walter Benjamin p\u00e1rizsi passz\u00e1zsokr\u00f3l \u00edrt fejteget\u00e9seire<span class=\"index\">16<\/span> hivatkozva a nemr\u00e9g felfedezett chicag\u00f3i utcai f\u00e9nyk\u00e9p\u00e9sz, <span class=\"small\">Vivian Maier<\/span> \u00e9letm\u0171v\u00e9re reflekt\u00e1l.<span class=\"index\">17<\/span> Maier f\u00e9nyk\u00e9peinek nagy r\u00e9sz\u00e9t csak hal\u00e1la el\u0151tt p\u00e1r \u00e9vvel, 2007-ben ismerhette meg a vil\u00e1g, amikor a rakt\u00e1roz\u00f3 c\u00e9g \u00e1ltal \u2013 az elmaradt havi d\u00edjak miatt \u2013 aukci\u00f3ra bocs\u00e1tott, javar\u00e9szt el\u0151h\u00edvatlan negat\u00edvokat <span class=\"small\">John Maloof<\/span> t\u00f6rt\u00e9n\u00e9sz megv\u00e1s\u00e1rolta. Maier ing\u00f3s\u00e1gainak z\u00f6me nem v\u00e9letlen\u00fcl volt rakt\u00e1rban: a hivat\u00e1sos gyerekgondoz\u00f3 \u00e9s amat\u0151r f\u00e9nyk\u00e9p\u00e9sz ugyanis szenved\u00e9lyes gy\u0171jt\u0151 volt. Tov\u00e1bbi \u00e9rtelmez\u00e9si r\u00e9teget k\u00edn\u00e1l, hogy Maier gyakran j\u00e1rt bolhapiacokra, ahol m\u00e1s szenved\u00e9lyes gy\u0171jt\u00f6get\u0151ket is f\u00e9nyk\u00e9pezett. Ebben a kontextusban Buse a m\u00e9dia archeol\u00f3gus \u2013 <span class=\"small\">Erkki Huhtamo, Siegfried Zielinski<\/span> \u00e9s m\u00e1sok p\u00e9ld\u00e1in kereszt\u00fcl \u2013 mint gy\u0171jt\u0151 t\u00edpust elemzi Maier-t. A tanulm\u00e1nyban k\u00f6zponti k\u00e9rd\u00e9s, hogy egy t\u00e1rgy kiemel\u00e9se eredeti kontextus\u00e1b\u00f3l \u00e9s gy\u0171jtem\u00e9nybe helyez\u00e9se milyen \u00e9rt\u00e9kveszt\u00e9shez vagy \u00e9rt\u00e9kn\u00f6vel\u00e9shez vezethet. M\u00edg Benjamin felfog\u00e1s\u00e1ban \u2013 \u00edrja Buse \u2013 a t\u00e1rgyat megfosztja gy\u0171jt\u0151je a haszn\u00e1lat-\u00e9rt\u00e9k\u00e9t\u0151l, addig az \u00fajt\u00edpus\u00fa m\u00e9dia archeol\u00f3gus ism\u00e9t, kifejezetten haszn\u00e1lati t\u00e1rgyakk\u00e9nt kezeli az elavult eszk\u00f6z\u00f6ket. Maier felv\u00e9teleire r\u00e1t\u00e9rve meg\u00e1llap\u00edtja, hogy a m\u00e9dia archeol\u00f3gus szerepe abban is megnyilv\u00e1nul, hogy a f\u00e9nyk\u00e9p\u00e9sz \u00e1ltal haszn\u00e1lt kamera (Rolleiflex) m\u0171k\u00f6d\u00e9s\u00e9nek ismerete (a keres\u0151be fel\u00fclr\u0151l kell n\u00e9zni) elengedhetetlen a kompoz\u00edci\u00f3k \u00e9rtelmez\u00e9s\u00e9hez. Buse-hoz hasonl\u00f3an Ben Robert is hivatkozik Benjamin p\u00e1rizsi passz\u00e1zsokr\u00f3l \u00edrt tanulm\u00e1nyaira, b\u00e1r \u0151 nem egy case studyra alapozza elemz\u00e9s\u00e9t a technikai determinizmus \u00e9s a technikai t\u00f6rt\u00e9net nem-line\u00e1ris felfog\u00e1s\u00e1nak \u00f6sszevet\u00e9s\u00e9ben.<span class=\"index\">18<\/span> Benjamin mellett (t\u00f6bbek k\u00f6z\u00f6tt) <span class=\"small\">Wolfgang Ernst<\/span> \u00e9s <span class=\"small\">Bernard Stiegler<\/span> \u00edr\u00e1saira hagyatkozik, amikor a technol\u00f3gia kritikai elm\u00e9let\u00e9t t\u00e1rgyalja, \u00e9s ezen az ember \u201ek\u00f6zbenj\u00e1r\u00e1s\u00e1nak\u201d elismer\u00e9s\u00e9t \u00e9s a technol\u00f3gia semlegess\u00e9g\u00e9nek elutas\u00edt\u00e1s\u00e1t \u00e9rti.<\/p>\n<p>Az utols\u00f3 tanulm\u00e1ny, a k\u00f6tetben olvashat\u00f3 \u00edr\u00e1sok r\u00e9v\u00e9n gyakorlati \u00e9s elm\u00e9leti szinten j\u00f3l megismert m\u00f3dszer hat\u00e1rait t\u00e1g\u00edtja tov\u00e1bb.<span class=\"index\">19<\/span> <span class=\"small\">Parikka<\/span> a k\u00e9pzeletbeli m\u00e9dia kutat\u00e1st \u00e9s a spekulat\u00edv designt \u00e1ll\u00edtja p\u00e1rbesz\u00e9dbe, mondv\u00e1n, hogy a sz\u00e9pm\u0171v\u00e9szetekkel ellent\u00e9tben, a design ter\u00fclet\u00e9t m\u00e9g nem hatotta \u00e1t kell\u0151 m\u00e9rt\u00e9kben a m\u00e9dia archeol\u00f3gia, m\u00e1rpedig a spekulat\u00edv design is ugyan\u00fagy hajlamos a vil\u00e1g alternat\u00edv m\u00falt, jelen \u00e9s a j\u00f6v\u0151k\u00e9p\u00e9nek megalkot\u00e1s\u00e1ra. A diskurzus tov\u00e1bbi b\u0151v\u00edt\u00e9s\u00e9hez megid\u00e9zi a tudom\u00e1nyos fantasztikumot, annak \u201ek\u00f6lt\u0151i energi\u00e1i\u201d r\u00e9v\u00e9n. Az anyagszer\u0171s\u00e9g hangs\u00falyoz\u00e1s\u00e1t, mely v\u00e9gig visszat\u00e9r\u0151 elem a k\u00f6tetben, Parikka kieg\u00e9sz\u00edti annak a m\u00e9retre \u00e9s az ideigleness\u00e9g\u00e9re val\u00f3 hat\u00e1s\u00e1val. Szint\u00e9n a tudom\u00e1ny\u00e1g hat\u00f3k\u00f6r\u00e9nek kisz\u00e9les\u00edt\u00e9s\u00e9re ir\u00e1nyul, hogy <span class=\"small\">Zoe Beloff<\/span> \u00e9s <span class=\"small\">Aura Satz<\/span> m\u0171veinek elemz\u00e9s\u00e9vel a m\u00e9dia archeol\u00f3gia <em>gender<\/em> perspekt\u00edv\u00e1j\u00e1ra is felh\u00edvja a figyelmet. V\u00e9g\u00fcl azon meg\u00e1llap\u00edt\u00e1sa, miszerint egyre gyakrabbak azok a m\u0171v\u00e9szeti projektek, melyek \u201eolyan t\u00e1rgyakat terveznek, amelyek lehettek volna\u201d (eredeti kiemel\u00e9s) <span class=\"small\">Waliczky Tam\u00e1s<\/span> <em>K\u00e9pzelt kamer\u00e1k<\/em><span class=\"index\">20<\/span> sorozat\u00e1t is esz\u00fcnkbe juttathatja.<\/p>\n<p>A k\u00f6tet r\u00e9v\u00e9n a m\u00e9dia archeol\u00f3giai megk\u00f6zel\u00edt\u00e9s kiemelked\u0151 k\u00e9pvisel\u0151inek \u2013 m\u00e1r sz\u00e1mos kor\u00e1bbi alkalommal is egy\u00fctt dolgoz\u00f3 \u2013, egyetemi oktat\u00f3knak \u00e9s m\u0171v\u00e9szeti int\u00e9zm\u00e9nyi munkat\u00e1rsaknak a gyakorlati \u00e9s kutat\u00f3i munk\u00e1iba kapunk betekint\u00e9st. Az elm\u00falt \u00e9vekben t\u00f6bb ilyen jelleg\u0171 elemz\u00e9s is megjelent 19. sz\u00e1zadi technol\u00f3gi\u00e1kr\u00f3l, s k\u00f6z\u00fcl\u00fck is kiemelkedik a <span class=\"small\">Nicoletta Leonardi<\/span> \u00e9s <span class=\"small\">Simone Natale<\/span> szerkesztette <em>Photography and Other Media in the Nineteenth Century<\/em> (Penn State University Press, 2018). A jelen k\u00f6tet azonban hangs\u00falyosan a 20. sz\u00e1zad utols\u00f3 harmad\u00e1nak \u00e9s jelen sz\u00e1zadunk m\u00e9diumai ir\u00e1nt \u00e9rdekl\u0151d\u0151knek sz\u00f3l. A m\u00e9dia archeol\u00f3gi\u00e1t \u00e9r\u0151 \u00e9s Parikka \u00e1ltal fut\u00f3lag eml\u00edtett kritika, miszerint e tudom\u00e1ny\u00e1g t\u00fals\u00e1gosan technol\u00f3gia-k\u00f6zpont\u00fa,<span class=\"index\">21<\/span> azonban a k\u00f6tetben tal\u00e1lhat\u00f3 \u00edr\u00e1sok t\u00f6bbs\u00e9g\u00e9re is igaznak mondhat\u00f3.[\/vc_column_text][\/vc_column][vc_column column_padding=&#8221;no-extra-padding&#8221; column_padding_tablet=&#8221;inherit&#8221; column_padding_phone=&#8221;inherit&#8221; column_padding_position=&#8221;all&#8221; top_margin=&#8221;0&#8243; bottom_margin=&#8221;0&#8243; background_color_opacity=&#8221;1&#8243; background_hover_color_opacity=&#8221;1&#8243; column_shadow=&#8221;none&#8221; column_border_radius=&#8221;none&#8221; column_link_target=&#8221;_self&#8221; el_class=&#8221;box-l20&#8243; gradient_direction=&#8221;left_to_right&#8221; overlay_strength=&#8221;0.3&#8243; width=&#8221;1\/3&#8243; tablet_width_inherit=&#8221;default&#8221; tablet_text_alignment=&#8221;default&#8221; phone_text_alignment=&#8221;default&#8221; column_border_width=&#8221;none&#8221; column_border_style=&#8221;solid&#8221; bg_image_animation=&#8221;none&#8221; offset=&#8221;vc_col-sm-offset-0&#8243;][divider line_type=&#8221;Small Line&#8221; line_alignment=&#8221;default&#8221; line_thickness=&#8221;4&#8243; divider_color=&#8221;extra-color-2&#8243; custom_height=&#8221;20&#8243; custom_line_width=&#8221;100&#8243;][vc_column_text]\n<p class=\"footnote-anchor\">16<\/p>\n<p class=\"szcena-2014-lj\"><span class=\"small\">Walter Benjamin:<\/span> <em>Le Livre des passages<\/em> [Das Passagen-Werk], P\u00e1rizs, \u00c9ditions du Cerf, 1989. Jean Lacoste francia ford\u00edt\u00e1sa alapj\u00e1n. (A m\u0171b\u0151l csak r\u00e9szletek jelentek meg magyarul, Szab\u00f3 Csaba ford\u00edt\u00e1s\u00e1ban: <em>\u201eA szir\u00e9nek hallgat\u00e1sa\u201d. V\u00e1logatott \u00edr\u00e1sok,<\/em> Budapest, Osiris Kiad\u00f3, 2001, 201\u2013249.<\/p>\n<p class=\"footnote-anchor\">17<\/p>\n<p class=\"szcena-2014-lj\">5. Collector, Hoarder, Media Archaeologist. Walter Benjamin with Vivian Maier, 135\u2013154.<\/p>\n<p class=\"footnote-anchor\">18<\/p>\n<p class=\"szcena-2014-lj\">7. Media Archaeology and Critical Theory of Technology, 155\u2013174.<\/p>\n<p class=\"footnote-anchor\">19<\/p>\n<p class=\"szcena-2014-lj\">9. Inventing Pasts and Futures. Speculative Design and Media Archaeology, 205\u2013232.<\/p>\n<p class=\"footnote-anchor\">20<\/p>\n<p class=\"szcena-2014-lj\">\u201eEzek olyan kamer\u00e1k, amelyek nem sz\u00fcletettek meg, de megsz\u00fclethettek volna, ha a fotogr\u00e1fia fejleszt\u00e9se m\u00e1s ir\u00e1nyt vesz.\u201d Kamer\u00e1k \u00e9s m\u00e1s optikai eszk\u00f6z\u00f6k. Waliczky Tam\u00e1ssal besz\u00e9lget Szepesi Anna. In: <em>K\u00e9pzelt kamer\u00e1k,<\/em> szerk.: <span class=\"small\">Boros G\u00e9za, Szegedy-Masz\u00e1k Zsuzsanna,<\/span> Ludwig M\u00fazeum \u2013 Kort\u00e1rs M\u0171v\u00e9szeti M\u00fazeum, Budapest, 2019, 42.<\/p>\n<p class=\"footnote-anchor\">21<\/p>\n<p class=\"szcena-2014-lj\"><span class=\"small\">Parikka,<\/span> Inventing Pasts and Futures. Speculative Design and Media Archaeology, 220.<\/p>\n[\/vc_column_text][\/vc_column][\/vc_row][vc_row type=&#8221;in_container&#8221; full_screen_row_position=&#8221;middle&#8221; column_margin=&#8221;default&#8221; column_direction=&#8221;default&#8221; column_direction_tablet=&#8221;default&#8221; column_direction_phone=&#8221;default&#8221; scene_position=&#8221;center&#8221; top_padding=&#8221;0&#8243; bottom_padding=&#8221;0&#8243; text_color=&#8221;dark&#8221; text_align=&#8221;left&#8221; row_border_radius=&#8221;none&#8221; row_border_radius_applies=&#8221;bg&#8221; overlay_strength=&#8221;0.3&#8243; gradient_direction=&#8221;left_to_right&#8221; shape_divider_position=&#8221;bottom&#8221; bg_image_animation=&#8221;none&#8221; shape_type=&#8221;&#8221;][vc_column column_padding=&#8221;no-extra-padding&#8221; column_padding_tablet=&#8221;inherit&#8221; column_padding_phone=&#8221;inherit&#8221; column_padding_position=&#8221;all&#8221; background_color_opacity=&#8221;1&#8243; background_hover_color_opacity=&#8221;1&#8243; column_shadow=&#8221;none&#8221; column_border_radius=&#8221;none&#8221; column_link_target=&#8221;_self&#8221; gradient_direction=&#8221;left_to_right&#8221; overlay_strength=&#8221;0.3&#8243; width=&#8221;1\/1&#8243; tablet_width_inherit=&#8221;default&#8221; tablet_text_alignment=&#8221;default&#8221; phone_text_alignment=&#8221;default&#8221; column_border_width=&#8221;none&#8221; column_border_style=&#8221;solid&#8221; bg_image_animation=&#8221;none&#8221;][vc_gallery type=&#8221;flickity_static_height_style&#8221; images=&#8221;25494,25493,25492&#8243; flickity_spacing=&#8221;default&#8221; flickity_controls=&#8221;pagination&#8221; flickity_overflow=&#8221;hidden&#8221; flickity_wrap_around=&#8221;wrap&#8221; flickity_box_shadow=&#8221;none&#8221; image_loading=&#8221;default&#8221; onclick=&#8221;link_image&#8221; img_size=&#8221;full&#8221;][\/vc_column][\/vc_row][vc_row type=&#8221;in_container&#8221; full_screen_row_position=&#8221;middle&#8221; column_margin=&#8221;default&#8221; column_direction=&#8221;default&#8221; column_direction_tablet=&#8221;default&#8221; column_direction_phone=&#8221;default&#8221; scene_position=&#8221;center&#8221; top_padding=&#8221;0&#8243; bottom_padding=&#8221;0&#8243; text_color=&#8221;dark&#8221; text_align=&#8221;left&#8221; row_border_radius=&#8221;none&#8221; row_border_radius_applies=&#8221;bg&#8221; overlay_strength=&#8221;0.3&#8243; gradient_direction=&#8221;left_to_right&#8221; shape_divider_position=&#8221;bottom&#8221; bg_image_animation=&#8221;none&#8221; shape_type=&#8221;&#8221;][vc_column column_padding=&#8221;no-extra-padding&#8221; column_padding_tablet=&#8221;inherit&#8221; column_padding_phone=&#8221;inherit&#8221; column_padding_position=&#8221;all&#8221; background_color_opacity=&#8221;1&#8243; background_hover_color_opacity=&#8221;1&#8243; column_shadow=&#8221;none&#8221; column_border_radius=&#8221;none&#8221; column_link_target=&#8221;_self&#8221; gradient_direction=&#8221;left_to_right&#8221; overlay_strength=&#8221;0.3&#8243; width=&#8221;1\/1&#8243; tablet_width_inherit=&#8221;default&#8221; tablet_text_alignment=&#8221;default&#8221; phone_text_alignment=&#8221;default&#8221; column_border_width=&#8221;none&#8221; column_border_style=&#8221;solid&#8221; bg_image_animation=&#8221;none&#8221;][vc_column_text css=&#8221;.vc_custom_1604163287133{margin-top: -25px !important;}&#8221;]\n<p class=\"kepalir-1r\">Waliczky Tam\u00e1s: <em>Swivel-kamera,<\/em> 2017\/2018, sz\u00e1m\u00edt\u00f3g\u00e9pes grafika, lightbox, 100\u00d7100 cm; A m\u0171v\u00e9sz \u00e9s a Moln\u00e1r Ani Gal\u00e9ria j\u00f3volt\u00e1b\u00f3l; 1\/3<br \/>\nWaliczky Tam\u00e1s: <em>Ortografikus kamera,<\/em> 2017, sz\u00e1m\u00edt\u00f3g\u00e9pes grafika, lightbox, 100\u00d7150 cm; A m\u0171v\u00e9sz \u00e9s a Moln\u00e1r Ani Gal\u00e9ria j\u00f3volt\u00e1b\u00f3l; 2\/3<br \/>\nWaliczky Tam\u00e1s: <em>Flipbook Camera Lucida,<\/em> 2018, sz\u00e1m\u00edt\u00f3g\u00e9pes grafika, lightbox, 100\u00d7100 cm; A m\u0171v\u00e9sz \u00e9s a Moln\u00e1r Ani Gal\u00e9ria j\u00f3volt\u00e1b\u00f3l; 3\/3[\/vc_column_text][\/vc_column][\/vc_row][vc_row type=&#8221;in_container&#8221; full_screen_row_position=&#8221;middle&#8221; column_margin=&#8221;default&#8221; column_direction=&#8221;default&#8221; column_direction_tablet=&#8221;default&#8221; column_direction_phone=&#8221;default&#8221; scene_position=&#8221;center&#8221; top_padding=&#8221;0&#8243; bottom_padding=&#8221;0&#8243; text_color=&#8221;dark&#8221; text_align=&#8221;left&#8221; row_border_radius=&#8221;none&#8221; row_border_radius_applies=&#8221;bg&#8221; class=&#8221;p-2-0&#8243; overlay_strength=&#8221;0.3&#8243; gradient_direction=&#8221;left_to_right&#8221; shape_divider_position=&#8221;bottom&#8221; bg_image_animation=&#8221;none&#8221; shape_type=&#8221;&#8221;][vc_column column_padding=&#8221;no-extra-padding&#8221; column_padding_tablet=&#8221;inherit&#8221; column_padding_phone=&#8221;inherit&#8221; column_padding_position=&#8221;all&#8221; background_color_opacity=&#8221;1&#8243; background_hover_color_opacity=&#8221;1&#8243; column_shadow=&#8221;none&#8221; column_border_radius=&#8221;none&#8221; column_link_target=&#8221;_self&#8221; gradient_direction=&#8221;left_to_right&#8221; overlay_strength=&#8221;0.3&#8243; width=&#8221;2\/3&#8243; tablet_width_inherit=&#8221;default&#8221; tablet_text_alignment=&#8221;default&#8221; phone_text_alignment=&#8221;default&#8221; column_border_width=&#8221;none&#8221; column_border_style=&#8221;solid&#8221; bg_image_animation=&#8221;none&#8221;][vc_column_text]A k\u00f6tet r\u00e9v\u00e9n a m\u00e9dia archeol\u00f3giai megk\u00f6zel\u00edt\u00e9s kiemelked\u0151 k\u00e9pvisel\u0151inek \u2013 m\u00e1r sz\u00e1mos kor\u00e1bbi alkalommal is egy\u00fctt dolgoz\u00f3 \u2013, egyetemi oktat\u00f3knak \u00e9s m\u0171v\u00e9szeti int\u00e9zm\u00e9nyi munkat\u00e1rsaknak a gyakorlati \u00e9s kutat\u00f3i munk\u00e1iba kapunk betekint\u00e9st. Az elm\u00falt \u00e9vekben t\u00f6bb ilyen jelleg\u0171 elemz\u00e9s is megjelent 19. sz\u00e1zadi technol\u00f3gi\u00e1kr\u00f3l, s k\u00f6z\u00fcl\u00fck is kiemelkedik a <span class=\"small\">Nicoletta Leonardi<\/span> \u00e9s <span class=\"small\">Simone Natale<\/span> szerkesztette <em>Photography and Other Media in the Nineteenth Century<\/em> (Penn State University Press, 2018). A jelen k\u00f6tet azonban hangs\u00falyosan a 20. sz\u00e1zad utols\u00f3 harmad\u00e1nak \u00e9s jelen sz\u00e1zadunk m\u00e9diumai ir\u00e1nt \u00e9rdekl\u0151d\u0151knek sz\u00f3l. A m\u00e9dia archeol\u00f3gi\u00e1t \u00e9r\u0151 \u00e9s Parikka \u00e1ltal fut\u00f3lag eml\u00edtett kritika, miszerint e tudom\u00e1ny\u00e1g t\u00fals\u00e1gosan technol\u00f3gia-k\u00f6zpont\u00fa,<span class=\"index\">21<\/span> azonban a k\u00f6tetben tal\u00e1lhat\u00f3 \u00edr\u00e1sok t\u00f6bbs\u00e9g\u00e9re is igaznak mondhat\u00f3.[\/vc_column_text][\/vc_column][vc_column column_padding=&#8221;no-extra-padding&#8221; column_padding_tablet=&#8221;inherit&#8221; column_padding_phone=&#8221;inherit&#8221; column_padding_position=&#8221;all&#8221; top_margin=&#8221;0&#8243; bottom_margin=&#8221;0&#8243; background_color_opacity=&#8221;1&#8243; background_hover_color_opacity=&#8221;1&#8243; column_shadow=&#8221;none&#8221; column_border_radius=&#8221;none&#8221; column_link_target=&#8221;_self&#8221; el_class=&#8221;box-l20&#8243; gradient_direction=&#8221;left_to_right&#8221; overlay_strength=&#8221;0.3&#8243; width=&#8221;1\/3&#8243; tablet_width_inherit=&#8221;default&#8221; tablet_text_alignment=&#8221;default&#8221; phone_text_alignment=&#8221;default&#8221; column_border_width=&#8221;none&#8221; column_border_style=&#8221;solid&#8221; bg_image_animation=&#8221;none&#8221; offset=&#8221;vc_col-sm-offset-0 vc_hidden-sm vc_hidden-xs&#8221;][\/vc_column][\/vc_row][vc_row type=&#8221;full_width_content&#8221; full_screen_row_position=&#8221;middle&#8221; column_margin=&#8221;default&#8221; column_direction=&#8221;default&#8221; column_direction_tablet=&#8221;default&#8221; column_direction_phone=&#8221;default&#8221; scene_position=&#8221;center&#8221; text_color=&#8221;dark&#8221; text_align=&#8221;left&#8221; row_border_radius=&#8221;none&#8221; row_border_radius_applies=&#8221;bg&#8221; overlay_strength=&#8221;0.3&#8243; gradient_direction=&#8221;left_to_right&#8221; shape_divider_position=&#8221;bottom&#8221; bg_image_animation=&#8221;none&#8221; shape_type=&#8221;&#8221;][vc_column column_padding=&#8221;no-extra-padding&#8221; column_padding_tablet=&#8221;inherit&#8221; column_padding_phone=&#8221;inherit&#8221; column_padding_position=&#8221;all&#8221; background_color_opacity=&#8221;1&#8243; background_hover_color_opacity=&#8221;1&#8243; column_shadow=&#8221;none&#8221; column_border_radius=&#8221;none&#8221; column_link_target=&#8221;_self&#8221; el_class=&#8221;p-2-1&#8243; gradient_direction=&#8221;left_to_right&#8221; overlay_strength=&#8221;0.3&#8243; width=&#8221;1\/1&#8243; tablet_width_inherit=&#8221;default&#8221; tablet_text_alignment=&#8221;default&#8221; phone_text_alignment=&#8221;default&#8221; column_border_width=&#8221;none&#8221; column_border_style=&#8221;solid&#8221; bg_image_animation=&#8221;none&#8221;]<div class=\"sharing-default-minimal\"><div class=\"nectar-social default\" data-position=\"left\" data-color-override=\"override\"><div class=\"nectar-social-inner\"><a class='facebook-share nectar-sharing' href='#' title='Share this'>  <i class='fa fa-facebook'><\/i> <span class='social-text'>Share<\/span> <\/a><a class='twitter-share nectar-sharing' href='#' title='Share this'> <i class='fa icon-salient-x-twitter'><\/i> <span class='social-text'>Share<\/span> <\/a><a class='pinterest-share nectar-sharing' href='#' title='Pin this'> <i class='fa fa-pinterest'><\/i> <span class='social-text'>Pin<\/span> <\/a><\/div><\/div><\/div>[\/vc_column][\/vc_row]\n","protected":false},"excerpt":{"rendered":"<p>[vc_row type=&#8221;in_container&#8221; full_screen_row_position=&#8221;middle&#8221; column_margin=&#8221;default&#8221; column_direction=&#8221;default&#8221; column_direction_tablet=&#8221;default&#8221; column_direction_phone=&#8221;default&#8221; scene_position=&#8221;center&#8221; text_color=&#8221;dark&#8221; text_align=&#8221;left&#8221; row_border_radius=&#8221;none&#8221; row_border_radius_applies=&#8221;bg&#8221; class=&#8221;p-2-0&#8243; overlay_strength=&#8221;0.3&#8243; gradient_direction=&#8221;left_to_right&#8221; shape_divider_position=&#8221;bottom&#8221; bg_image_animation=&#8221;none&#8221; shape_type=&#8221;&#8221;][vc_column column_padding=&#8221;no-extra-padding&#8221; column_padding_tablet=&#8221;inherit&#8221; column_padding_phone=&#8221;inherit&#8221; column_padding_position=&#8221;all&#8221; background_color_opacity=&#8221;1&#8243; background_hover_color_opacity=&#8221;1&#8243; column_shadow=&#8221;none&#8221; column_border_radius=&#8221;none&#8221; column_link_target=&#8221;_self&#8221; gradient_direction=&#8221;left_to_right&#8221; overlay_strength=&#8221;0.3&#8243; width=&#8221;1\/1&#8243;&#8230;<\/p>\n","protected":false},"author":18,"featured_media":25501,"comment_status":"closed","ping_status":"closed","sticky":false,"template":"","format":"standard","meta":{"_acf_changed":false,"h5ap_radio_sources":[],"footnotes":""},"categories":[76],"tags":[],"post_kiemeles":[],"class_list":{"0":"post-25475","1":"post","2":"type-post","3":"status-publish","4":"format-standard","5":"has-post-thumbnail","7":"category-konyv-2020"},"acf":[],"_links":{"self":[{"href":"https:\/\/balkon.art\/home\/wp-json\/wp\/v2\/posts\/25475","targetHints":{"allow":["GET"]}}],"collection":[{"href":"https:\/\/balkon.art\/home\/wp-json\/wp\/v2\/posts"}],"about":[{"href":"https:\/\/balkon.art\/home\/wp-json\/wp\/v2\/types\/post"}],"author":[{"embeddable":true,"href":"https:\/\/balkon.art\/home\/wp-json\/wp\/v2\/users\/18"}],"replies":[{"embeddable":true,"href":"https:\/\/balkon.art\/home\/wp-json\/wp\/v2\/comments?post=25475"}],"version-history":[{"count":0,"href":"https:\/\/balkon.art\/home\/wp-json\/wp\/v2\/posts\/25475\/revisions"}],"wp:featuredmedia":[{"embeddable":true,"href":"https:\/\/balkon.art\/home\/wp-json\/wp\/v2\/media\/25501"}],"wp:attachment":[{"href":"https:\/\/balkon.art\/home\/wp-json\/wp\/v2\/media?parent=25475"}],"wp:term":[{"taxonomy":"category","embeddable":true,"href":"https:\/\/balkon.art\/home\/wp-json\/wp\/v2\/categories?post=25475"},{"taxonomy":"post_tag","embeddable":true,"href":"https:\/\/balkon.art\/home\/wp-json\/wp\/v2\/tags?post=25475"},{"taxonomy":"post_kiemeles","embeddable":true,"href":"https:\/\/balkon.art\/home\/wp-json\/wp\/v2\/post_kiemeles?post=25475"}],"curies":[{"name":"wp","href":"https:\/\/api.w.org\/{rel}","templated":true}]}}