{"id":24044,"date":"2020-02-21T13:45:38","date_gmt":"2020-02-21T12:45:38","guid":{"rendered":"https:\/\/balkon.art\/home\/?p=24044"},"modified":"2022-01-08T09:35:03","modified_gmt":"2022-01-08T08:35:03","slug":"veto-janos-duo-trio-fluo","status":"publish","type":"post","link":"https:\/\/balkon.art\/home\/veto-janos-duo-trio-fluo\/","title":{"rendered":"Vet\u0151 J\u00e1nos NahTe: <em>Duo-Trio-Fluo<\/em>"},"content":{"rendered":"[vc_row type=&#8221;in_container&#8221; full_screen_row_position=&#8221;middle&#8221; column_margin=&#8221;default&#8221; scene_position=&#8221;center&#8221; text_color=&#8221;dark&#8221; text_align=&#8221;left&#8221; overlay_strength=&#8221;0.3&#8243; shape_divider_position=&#8221;bottom&#8221; bg_image_animation=&#8221;none&#8221; shape_type=&#8221;&#8221;][vc_column column_padding=&#8221;no-extra-padding&#8221; column_padding_position=&#8221;all&#8221; background_color_opacity=&#8221;1&#8243; background_hover_color_opacity=&#8221;1&#8243; column_link_target=&#8221;_self&#8221; column_shadow=&#8221;none&#8221; column_border_radius=&#8221;none&#8221; width=&#8221;1\/1&#8243; tablet_width_inherit=&#8221;default&#8221; tablet_text_alignment=&#8221;default&#8221; phone_text_alignment=&#8221;default&#8221; overlay_strength=&#8221;0.3&#8243; column_border_width=&#8221;none&#8221; column_border_style=&#8221;solid&#8221; bg_image_animation=&#8221;none&#8221;][vc_column_text]\n<h4>aqb Project Space, Budapest<br \/>\n2020. janu\u00e1r 11 \u2013 febru\u00e1r 23.<\/h4>\n[\/vc_column_text][\/vc_column][\/vc_row][vc_row type=&#8221;in_container&#8221; full_screen_row_position=&#8221;middle&#8221; column_margin=&#8221;default&#8221; scene_position=&#8221;center&#8221; text_color=&#8221;dark&#8221; text_align=&#8221;left&#8221; overlay_strength=&#8221;0.3&#8243; shape_divider_position=&#8221;bottom&#8221; bg_image_animation=&#8221;none&#8221;][vc_column column_padding=&#8221;no-extra-padding&#8221; column_padding_position=&#8221;all&#8221; background_color_opacity=&#8221;1&#8243; background_hover_color_opacity=&#8221;1&#8243; column_link_target=&#8221;_self&#8221; column_shadow=&#8221;none&#8221; column_border_radius=&#8221;none&#8221; width=&#8221;2\/3&#8243; tablet_width_inherit=&#8221;default&#8221; tablet_text_alignment=&#8221;default&#8221; phone_text_alignment=&#8221;default&#8221; overlay_strength=&#8221;0.3&#8243; column_border_width=&#8221;none&#8221; column_border_style=&#8221;solid&#8221; bg_image_animation=&#8221;none&#8221;][vc_column_text]<em>Duo-Trio-Fluo,<\/em> 3\u00d720, teh\u00e1t hatvan k\u00e9p. A k\u00e9pek egym\u00e1ssal sorosan \u00f6sszef\u00fcggnek, k\u00e9pp\u00e1rokat, du\u00f3kat alkotnak, a h\u00e1rom sorozat pedig egy egys\u00e9g, tri\u00f3. A kiindul\u00f3 k\u00e9pek <span class=\"small\">Vet\u0151 J\u00e1nos<\/span> digit\u00e1lis f\u00e9nyk\u00e9pei, amelyeket a 21. sz\u00e1zadban lak\u00f3helyein k\u00e9sztett. 2012-ben, a Mai Man\u00f3 H\u00e1z Verz\u00f3 Online Gal\u00e9ri\u00e1j\u00e1nak <em>Szobagraffitik<\/em> \u00e9s a <em>Csod\u00e1latos semmi<\/em> c\u00edm\u0171 ki\u00e1ll\u00edt\u00e1s\u00e1ra e k\u00e9pekb\u0151l k\u00e9pp\u00e1rokat \u00e1ll\u00edtott \u00f6ssze. 2015-ben a digit\u00e1lis k\u00e9pp\u00e1rokat vasalhat\u00f3 anyagra nyomtatta, a nyomatokat pedig A\/4-es fluoreszk\u00e1l\u00f3 sz\u00edn\u0171, s\u00e1rga, vil\u00e1gos \u00e9s s\u00f6t\u00e9tnarancs, pink \u00e9s z\u00f6ld pap\u00edrlapokra vasalta. A vasalt k\u00e9peket pasztellkr\u00e9t\u00e1val tov\u00e1bb fejlesztette, sz\u00ednezte. Az eredm\u00e9ny munkac\u00edme: <em>-Fluo-Zinc-Iron Print-ek,<\/em><span class=\"index\">1<\/span> amelyek sz\u00ednes rajzsz\u00f6gekkel egym\u00e1shoz illesztve az acb gal\u00e9ri\u00e1ban szerepeltek ki\u00e1ll\u00edt\u00e1son (<em>Summer Show,<\/em> 2017). Ezt a h\u00fasz k\u00e9pet 2019-ben h\u00fasz nagym\u00e9ret\u0171, 198\u00d7135 cm-es f\u00e9mes hat\u00e1s\u00fa, f\u00e9nyl\u0151 Ferrari lapokra (\u00faj nyomdai term\u00e9k neve) nyomtatta. A k\u00e9tszer h\u00fasz k\u00e9pet h\u00fasz A\/3-as Ferrari nyomat k\u00eds\u00e9ri, amelyeken az els\u0151, digit\u00e1lis k\u00e9pp\u00e1rok l\u00e1that\u00f3k, tri\u00f3v\u00e1 b\u0151v\u00edtve a du\u00f3t. A <em>Duo-Trio-Fluo<\/em> egy\u00fcttes \u00edgy t\u00f6bb mint egy \u00e9vtizednyi alkot\u00f3i munka eredm\u00e9nye: f\u00e9nyk\u00e9pez\u00e9s, k\u00e9pmanipul\u00e1ci\u00f3, m\u00e1gikus anyaghaszn\u00e1lat \u00e9s fest\u00e9szet.[\/vc_column_text][\/vc_column][vc_column column_padding=&#8221;no-extra-padding&#8221; column_padding_position=&#8221;all&#8221; background_color_opacity=&#8221;1&#8243; background_hover_color_opacity=&#8221;1&#8243; column_link_target=&#8221;_self&#8221; column_shadow=&#8221;none&#8221; column_border_radius=&#8221;none&#8221; el_class=&#8221;box-l20&#8243; width=&#8221;1\/3&#8243; tablet_width_inherit=&#8221;default&#8221; tablet_text_alignment=&#8221;default&#8221; phone_text_alignment=&#8221;default&#8221; overlay_strength=&#8221;0.3&#8243; column_border_width=&#8221;none&#8221; column_border_style=&#8221;solid&#8221; bg_image_animation=&#8221;none&#8221; offset=&#8221;vc_col-sm-offset-0&#8243;][divider line_type=&#8221;Small Line&#8221; line_alignment=&#8221;default&#8221; line_thickness=&#8221;4&#8243; divider_color=&#8221;extra-color-2&#8243; custom_height=&#8221;20&#8243; custom_line_width=&#8221;100&#8243;][vc_column_text]\n<p class=\"footnote-anchor\">1<\/p>\n<p class=\"szcena-2014-lj\">A munkac\u00edm jelenleg: <em>Fluo-Zinc-Iron-Print.<\/em> V.\u00f6. Bal\u00e1zs Kata: Lepkegy\u0171jtem\u00e9ny a falon. Interj\u00fa Vet\u0151 J\u00e1nossal. <em>Artmagazin online.<\/em> <a href=\"https:\/\/www.artmagazin.hu\/articles\/interju\/lepkegyujtemeny_a_falon\" target=\"_blank\" rel=\"noopener noreferrer\">https:\/\/www.artmagazin.hu\/ articles\/interju\/lepkegyujtemeny_a_falon<\/a><br \/>\nLd. m\u00e9g Leg\u00e1t Tibor: \u201e\u00c1cskapocs is kell\u201d. Interj\u00fa Vet\u0151 J\u00e1nossal. In: <em>Magyar Narancs<\/em> 2020\/5. 36-38.[\/vc_column_text][\/vc_column][\/vc_row][vc_row type=&#8221;full_width_content&#8221; full_screen_row_position=&#8221;middle&#8221; column_margin=&#8221;default&#8221; scene_position=&#8221;center&#8221; text_color=&#8221;dark&#8221; text_align=&#8221;left&#8221; class=&#8221;full-5-40&#8243; overlay_strength=&#8221;0.3&#8243; shape_divider_position=&#8221;bottom&#8221; bg_image_animation=&#8221;none&#8221; shape_type=&#8221;&#8221;][vc_column column_padding=&#8221;no-extra-padding&#8221; column_padding_position=&#8221;all&#8221; background_color_opacity=&#8221;1&#8243; background_hover_color_opacity=&#8221;1&#8243; column_link_target=&#8221;_self&#8221; column_shadow=&#8221;none&#8221; column_border_radius=&#8221;none&#8221; el_class=&#8221;p-cont-4-0&#8243; width=&#8221;1\/1&#8243; tablet_width_inherit=&#8221;default&#8221; tablet_text_alignment=&#8221;default&#8221; phone_text_alignment=&#8221;default&#8221; overlay_strength=&#8221;0.3&#8243; column_border_width=&#8221;none&#8221; column_border_style=&#8221;solid&#8221; bg_image_animation=&#8221;none&#8221;][image_with_animation image_url=&#8221;24047&#8243; alignment=&#8221;&#8221; animation=&#8221;Fade In&#8221; img_link_large=&#8221;yes&#8221; hover_animation=&#8221;none&#8221; border_radius=&#8221;none&#8221; box_shadow=&#8221;none&#8221; image_loading=&#8221;default&#8221; max_width=&#8221;100%&#8221; max_width_mobile=&#8221;default&#8221; el_class=&#8221;full-img&#8221;][vc_column_text]\n<p class=\"kepalir-1r\">Vet\u0151 J\u00e1nos NahTe: <em>Fluo-Cink-Iron Printek,<\/em> 2015, cink r\u00e1z\u00f3kever\u00e9k, vasalhat\u00f3 nyomat, pasztell, pap\u00edr, sz\u00ednes rajzsz\u00f6gek, 118,8\u00d7105 cm \u00a9 Fot\u00f3: Vet\u0151 G\u00e1bor<\/p>\n[\/vc_column_text][\/vc_column][\/vc_row][vc_row type=&#8221;in_container&#8221; full_screen_row_position=&#8221;middle&#8221; column_margin=&#8221;default&#8221; scene_position=&#8221;center&#8221; text_color=&#8221;dark&#8221; text_align=&#8221;left&#8221; class=&#8221;p-4-0&#8243; overlay_strength=&#8221;0.3&#8243; shape_divider_position=&#8221;bottom&#8221; bg_image_animation=&#8221;none&#8221; shape_type=&#8221;&#8221;][vc_column column_padding=&#8221;no-extra-padding&#8221; column_padding_position=&#8221;all&#8221; background_color_opacity=&#8221;1&#8243; background_hover_color_opacity=&#8221;1&#8243; column_link_target=&#8221;_self&#8221; column_shadow=&#8221;none&#8221; column_border_radius=&#8221;none&#8221; width=&#8221;2\/3&#8243; tablet_width_inherit=&#8221;default&#8221; tablet_text_alignment=&#8221;default&#8221; phone_text_alignment=&#8221;default&#8221; overlay_strength=&#8221;0.3&#8243; column_border_width=&#8221;none&#8221; column_border_style=&#8221;solid&#8221; bg_image_animation=&#8221;none&#8221;][vc_column_text]<span class=\"small\">Vet\u0151 J\u00e1nos<\/span> \u201esoktant\u00e1rgyas\u201d \u00e9s \u201esoklaki\u201d m\u0171v\u00e9sznek vallja mag\u00e1t: fotogr\u00e1fus, fest\u0151, install\u00e1ci\u00f3- \u00e9s vide\u00f3m\u0171v\u00e9sz, digit\u00e1lis k\u00e9palkot\u00f3, dalsz\u00f6veg\u00edr\u00f3, zeneszerz\u0151, \u00e9nekes, hangszeres el\u0151ad\u00f3, k\u00f6lt\u0151, aki rendszeresen Koppenh\u00e1g\u00e1ban, Malm\u00f6ben, Sz\u00e1nt\u00f3don, Haverdalban \u00e9s Budapesten tart\u00f3zkodik. P\u00e1ly\u00e1ja az 1960-as \u00e9vek v\u00e9g\u00e9n indult, fotogr\u00e1fusk\u00e9nt els\u0151 \u00f6n\u00e1ll\u00f3 ki\u00e1ll\u00edt\u00e1sa 21 \u00e9ves kor\u00e1ban, 1974-ben volt (Bercs\u00e9nyi Klub, Budapest). Fot\u00f3m\u0171v\u00e9szete <span class=\"small\">Man Ray<\/span> \u00e9s <span class=\"small\">Moholy Nagy L\u00e1szl\u00f3<\/span> m\u0171v\u00e9szeti \u00f6r\u00f6ks\u00e9g\u00e9re \u00e9p\u00fclt, a 70-es \u00e9vek konceptu\u00e1lis m\u0171v\u00e9szet\u00e9nek befogad\u00e1s\u00e1val, tov\u00e1bb fejleszt\u00e9s\u00e9vel. Olyan k\u00e9pmanipul\u00e1ci\u00f3s elj\u00e1r\u00e1sok alkalmaz\u00e1s\u00e1val, mint dupla \u00e9s sokszoros expoz\u00edci\u00f3, szolariz\u00e1ci\u00f3, a k\u00e9t vagy t\u00f6bb negat\u00edv egy k\u00e9pen t\u00f6rt\u00e9n\u0151 el\u0151h\u00edv\u00e1sa, a negat\u00edv-pozit\u00edv k\u00e9pek forgat\u00e1sa, t\u00fckr\u00f6z\u00e9se, a k\u00e9pek kapar\u00e1sa, roncsol\u00e1sa, \u00e1t-, kisz\u00ednez\u00e9se, stb. Az \u00e1ltala alkalmazott anal\u00f3g technikai, k\u00e9pmanipul\u00e1ci\u00f3s elj\u00e1r\u00e1sok a digit\u00e1lis k\u00e9pkorszakban \u00e9s a \u2018photoshop \u00e9r\u00e1ban\u2019 k\u00fcl\u00f6n\u00f6s jelent\u0151s\u00e9ggel b\u00edrnak. \u0150 a \u201es\u00f6t\u00e9tkamra Houdinije\u201d.<span class=\"index\">2<\/span>[\/vc_column_text][\/vc_column][vc_column column_padding=&#8221;no-extra-padding&#8221; column_padding_position=&#8221;all&#8221; background_color_opacity=&#8221;1&#8243; background_hover_color_opacity=&#8221;1&#8243; column_link_target=&#8221;_self&#8221; column_shadow=&#8221;none&#8221; column_border_radius=&#8221;none&#8221; el_class=&#8221;box-l20&#8243; width=&#8221;1\/3&#8243; tablet_width_inherit=&#8221;default&#8221; tablet_text_alignment=&#8221;default&#8221; phone_text_alignment=&#8221;default&#8221; overlay_strength=&#8221;0.3&#8243; column_border_width=&#8221;none&#8221; column_border_style=&#8221;solid&#8221; bg_image_animation=&#8221;none&#8221; offset=&#8221;vc_col-sm-offset-0&#8243;][divider line_type=&#8221;Small Line&#8221; line_alignment=&#8221;default&#8221; line_thickness=&#8221;4&#8243; divider_color=&#8221;extra-color-2&#8243; custom_height=&#8221;20&#8243; custom_line_width=&#8221;100&#8243;][vc_column_text]\n<p class=\"footnote-anchor\">2<\/p>\n<p class=\"szcena-2014-lj\"><span class=\"small\">Szil\u00e1gyi S\u00e1ndor<\/span> alkalmazza Vet\u0151 J\u00e1nos \u00f6ndefin\u00edci\u00f3j\u00e1t angol nyelv\u0171 fot\u00f3t\u00f6rt\u00e9neti k\u00f6nyv\u00e9ben. In: S\u00e1ndor Szil\u00e1gyi: <em>Neo-Avant-Garde Trends In Hungarian Art Photography 1965\u20131984.<\/em> Art+Text, Budapest, 2017, 198.<\/p>\n[\/vc_column_text][\/vc_column][\/vc_row][vc_row type=&#8221;full_width_content&#8221; full_screen_row_position=&#8221;middle&#8221; column_margin=&#8221;default&#8221; scene_position=&#8221;center&#8221; text_color=&#8221;dark&#8221; text_align=&#8221;left&#8221; class=&#8221;full-20l-1000&#8243; overlay_strength=&#8221;0.3&#8243; shape_divider_position=&#8221;bottom&#8221; bg_image_animation=&#8221;none&#8221; shape_type=&#8221;&#8221;][vc_column column_padding=&#8221;no-extra-padding&#8221; column_padding_position=&#8221;all&#8221; background_color_opacity=&#8221;1&#8243; background_hover_color_opacity=&#8221;1&#8243; column_link_target=&#8221;_self&#8221; column_shadow=&#8221;none&#8221; column_border_radius=&#8221;none&#8221; el_class=&#8221;p-cont-4-0&#8243; width=&#8221;1\/1&#8243; tablet_width_inherit=&#8221;default&#8221; tablet_text_alignment=&#8221;default&#8221; phone_text_alignment=&#8221;default&#8221; overlay_strength=&#8221;0.3&#8243; column_border_width=&#8221;none&#8221; column_border_style=&#8221;solid&#8221; bg_image_animation=&#8221;none&#8221;][image_with_animation image_url=&#8221;24049&#8243; alignment=&#8221;&#8221; animation=&#8221;Fade In&#8221; img_link_large=&#8221;yes&#8221; hover_animation=&#8221;none&#8221; border_radius=&#8221;none&#8221; box_shadow=&#8221;none&#8221; image_loading=&#8221;default&#8221; max_width=&#8221;100%&#8221; max_width_mobile=&#8221;default&#8221; el_class=&#8221;full-img&#8221;][vc_column_text]\n<p class=\"kepalir-0-20-r-1000\">Vet\u0151 J\u00e1nos NahTe:<em> Godzilla,<\/em> 2008\u20132019, Ferrari print, ragaszt\u00f3szalag, 198\u00d7135 cm \u00e9s 29,7\u00d742 cm \u00a9 Fot\u00f3: Vet\u0151 G\u00e1bor<\/p>\n[\/vc_column_text][\/vc_column][\/vc_row][vc_row type=&#8221;full_width_content&#8221; full_screen_row_position=&#8221;middle&#8221; column_margin=&#8221;default&#8221; scene_position=&#8221;center&#8221; text_color=&#8221;dark&#8221; text_align=&#8221;left&#8221; class=&#8221;full-5-20&#8243; overlay_strength=&#8221;0.3&#8243; shape_divider_position=&#8221;bottom&#8221; bg_image_animation=&#8221;none&#8221; shape_type=&#8221;&#8221;][vc_column column_padding=&#8221;no-extra-padding&#8221; column_padding_position=&#8221;all&#8221; background_color_opacity=&#8221;1&#8243; background_hover_color_opacity=&#8221;1&#8243; column_link_target=&#8221;_self&#8221; column_shadow=&#8221;none&#8221; column_border_radius=&#8221;none&#8221; el_class=&#8221;p-4-0&#8243; width=&#8221;1\/1&#8243; tablet_width_inherit=&#8221;default&#8221; tablet_text_alignment=&#8221;default&#8221; phone_text_alignment=&#8221;default&#8221; overlay_strength=&#8221;0.3&#8243; column_border_width=&#8221;none&#8221; column_border_style=&#8221;solid&#8221; bg_image_animation=&#8221;none&#8221;][image_with_animation image_url=&#8221;24050&#8243; alignment=&#8221;center&#8221; animation=&#8221;Fade In&#8221; img_link_large=&#8221;yes&#8221; hover_animation=&#8221;none&#8221; border_radius=&#8221;none&#8221; box_shadow=&#8221;none&#8221; image_loading=&#8221;default&#8221; max_width=&#8221;100%&#8221; max_width_mobile=&#8221;default&#8221; el_class=&#8221;full-img&#8221;][\/vc_column][\/vc_row][vc_row type=&#8221;in_container&#8221; full_screen_row_position=&#8221;middle&#8221; column_margin=&#8221;default&#8221; scene_position=&#8221;center&#8221; text_color=&#8221;dark&#8221; text_align=&#8221;left&#8221; class=&#8221;p-4-0&#8243; overlay_strength=&#8221;0.3&#8243; shape_divider_position=&#8221;bottom&#8221; bg_image_animation=&#8221;none&#8221; shape_type=&#8221;&#8221;][vc_column column_padding=&#8221;no-extra-padding&#8221; column_padding_position=&#8221;all&#8221; background_color_opacity=&#8221;1&#8243; background_hover_color_opacity=&#8221;1&#8243; column_link_target=&#8221;_self&#8221; column_shadow=&#8221;none&#8221; column_border_radius=&#8221;none&#8221; width=&#8221;2\/3&#8243; tablet_width_inherit=&#8221;default&#8221; tablet_text_alignment=&#8221;default&#8221; phone_text_alignment=&#8221;default&#8221; overlay_strength=&#8221;0.3&#8243; column_border_width=&#8221;none&#8221; column_border_style=&#8221;solid&#8221; bg_image_animation=&#8221;none&#8221;][vc_column_text]M\u00e1r a 70-es \u00e9vekben k\u00e9sz\u00edtett anal\u00f3g f\u00e9nyk\u00e9pei k\u00f6z\u00f6tt is felt\u0171n\u0151en gyakoriak a k\u00e9pp\u00e1rok. A k\u00e9t kiv\u00e1lasztott \u00e9s egym\u00e1s mell\u00e9 helyezett k\u00e9t k\u00e9p egym\u00e1ssal p\u00e1rbesz\u00e9dben \u00e1ll. A k\u00e9pp\u00e1rokban a vizu\u00e1lis k\u00fcl\u00f6nbs\u00e9gek, \u00e9pp\u00fagy, mint a vizu\u00e1lis k\u00fcl\u00f6nbs\u00e9gekkel egy\u00fctt megjelen\u0151 \u00e9rtelmez\u00e9si, jelent\u00e9sbeli asszoci\u00e1ci\u00f3k k\u00fcl\u00f6n\u00f6s jelent\u0151s\u00e9get tulajdon\u00edtanak a befogad\u00f3nak, a n\u00e9z\u0151i aktivit\u00e1snak. A hagyom\u00e1nyos befogad\u00f3i attit\u0171dh\u00f6z k\u00e9pest akt\u00edvabb szereppel ruh\u00e1zz\u00e1k fel, m\u00e1sr\u00e9szt megk\u00f6nny\u00edtik a dolg\u00e1t. Nem olyanok, mint a hagyom\u00e1nyos \u00e1br\u00e1zol\u00e1sok, amelyek \u201ek\u00e9pp\u00e1rjait\u201d az irodalom, a m\u0171v\u00e9szett\u00f6rt\u00e9net vagy a val\u00f3s\u00e1g eml\u00e9kk\u00e9peivel gondolatban hozza l\u00e9tre a n\u00e9z\u0151, hogy kontextust teremtsen, \u00e9s a m\u0171vet meg\u00e9rtse. Nem is olyan k\u00e9pek, mint az absztrakt expresszionist\u00e1k v\u00e1sznai, vagy a geometrikusok\u00e9, amelyben a szem elmer\u00fclhet \u00e9s a k\u00e9pen \u00e1t meg\u00e9rkezhet egy tiszta metafizikai dimenzi\u00f3ba. Hanem olyan k\u00e9pp\u00e1rok egy \u00f6n\u00e1ll\u00f3 eszt\u00e9tikai renden bel\u00fcl, amelyek p\u00e1rban mind, kiv\u00e9tel n\u00e9lk\u00fcl egys\u00e9get k\u00e9peznek. Ak\u00e1r kieg\u00e9sz\u00edtik egym\u00e1st, ak\u00e1r egym\u00e1s ellent\u00e9tp\u00e1rjai, ak\u00e1r az azonoss\u00e1gukban megnyilv\u00e1nul\u00f3 k\u00fcl\u00f6nbs\u00e9g, m\u00e1ss\u00e1g, ak\u00e1r a k\u00fcl\u00f6nb\u00f6z\u0151s\u00e9g\u00fck m\u00e9ly\u00e9n felsejl\u0151 azonoss\u00e1g az egym\u00e1smell\u00e9 rendel\u00e9s alapja.[\/vc_column_text][\/vc_column][vc_column column_padding=&#8221;no-extra-padding&#8221; column_padding_position=&#8221;all&#8221; background_color_opacity=&#8221;1&#8243; background_hover_color_opacity=&#8221;1&#8243; column_link_target=&#8221;_self&#8221; column_shadow=&#8221;none&#8221; column_border_radius=&#8221;none&#8221; el_class=&#8221;box-l20&#8243; width=&#8221;1\/3&#8243; tablet_width_inherit=&#8221;default&#8221; tablet_text_alignment=&#8221;default&#8221; phone_text_alignment=&#8221;default&#8221; overlay_strength=&#8221;0.3&#8243; column_border_width=&#8221;none&#8221; column_border_style=&#8221;solid&#8221; bg_image_animation=&#8221;none&#8221; offset=&#8221;vc_col-sm-offset-0 vc_hidden-sm vc_hidden-xs&#8221;][\/vc_column][\/vc_row][vc_row type=&#8221;full_width_content&#8221; full_screen_row_position=&#8221;middle&#8221; column_margin=&#8221;default&#8221; scene_position=&#8221;center&#8221; text_color=&#8221;dark&#8221; text_align=&#8221;left&#8221; class=&#8221;full-20r-1000&#8243; overlay_strength=&#8221;0.3&#8243; shape_divider_position=&#8221;bottom&#8221; bg_image_animation=&#8221;none&#8221; shape_type=&#8221;&#8221;][vc_column column_padding=&#8221;no-extra-padding&#8221; column_padding_position=&#8221;all&#8221; background_color_opacity=&#8221;1&#8243; background_hover_color_opacity=&#8221;1&#8243; column_link_target=&#8221;_self&#8221; column_shadow=&#8221;none&#8221; column_border_radius=&#8221;none&#8221; el_class=&#8221;p-cont-4-0&#8243; width=&#8221;1\/1&#8243; tablet_width_inherit=&#8221;default&#8221; tablet_text_alignment=&#8221;default&#8221; phone_text_alignment=&#8221;default&#8221; overlay_strength=&#8221;0.3&#8243; column_border_width=&#8221;none&#8221; column_border_style=&#8221;solid&#8221; bg_image_animation=&#8221;none&#8221;][image_with_animation image_url=&#8221;24053&#8243; alignment=&#8221;center&#8221; animation=&#8221;Fade In&#8221; img_link_large=&#8221;yes&#8221; hover_animation=&#8221;none&#8221; border_radius=&#8221;none&#8221; box_shadow=&#8221;none&#8221; image_loading=&#8221;default&#8221; max_width=&#8221;100%&#8221; max_width_mobile=&#8221;default&#8221; el_class=&#8221;full-img&#8221;][vc_column_text]\n<p class=\"kepalir-1r-full\">Vet\u0151 J\u00e1nos NahTe: <em>Ipari kert\u00e9szet,<\/em> 2008\u20132019, Ferrari print, ragaszt\u00f3szalag, 198\u00d7135 cm \u00e9s 29,7\u00d742 cm \u00a9 Fot\u00f3: Vet\u0151 G\u00e1bor<\/p>\n[\/vc_column_text][\/vc_column][\/vc_row][vc_row type=&#8221;full_width_content&#8221; full_screen_row_position=&#8221;middle&#8221; column_margin=&#8221;default&#8221; scene_position=&#8221;center&#8221; text_color=&#8221;dark&#8221; text_align=&#8221;left&#8221; class=&#8221;full-5-20&#8243; overlay_strength=&#8221;0.3&#8243; shape_divider_position=&#8221;bottom&#8221; bg_image_animation=&#8221;none&#8221; shape_type=&#8221;&#8221;][vc_column column_padding=&#8221;no-extra-padding&#8221; column_padding_position=&#8221;all&#8221; background_color_opacity=&#8221;1&#8243; background_hover_color_opacity=&#8221;1&#8243; column_link_target=&#8221;_self&#8221; column_shadow=&#8221;none&#8221; column_border_radius=&#8221;none&#8221; el_class=&#8221;p-4-0&#8243; width=&#8221;1\/1&#8243; tablet_width_inherit=&#8221;default&#8221; tablet_text_alignment=&#8221;default&#8221; phone_text_alignment=&#8221;default&#8221; overlay_strength=&#8221;0.3&#8243; column_border_width=&#8221;none&#8221; column_border_style=&#8221;solid&#8221; bg_image_animation=&#8221;none&#8221;][image_with_animation image_url=&#8221;24054&#8243; alignment=&#8221;center&#8221; animation=&#8221;Fade In&#8221; img_link_large=&#8221;yes&#8221; hover_animation=&#8221;none&#8221; border_radius=&#8221;none&#8221; box_shadow=&#8221;none&#8221; image_loading=&#8221;default&#8221; max_width=&#8221;100%&#8221; max_width_mobile=&#8221;default&#8221; el_class=&#8221;full-img&#8221;][\/vc_column][\/vc_row][vc_row type=&#8221;in_container&#8221; full_screen_row_position=&#8221;middle&#8221; column_margin=&#8221;default&#8221; scene_position=&#8221;center&#8221; text_color=&#8221;dark&#8221; text_align=&#8221;left&#8221; class=&#8221;p-4-0&#8243; overlay_strength=&#8221;0.3&#8243; shape_divider_position=&#8221;bottom&#8221; bg_image_animation=&#8221;none&#8221; shape_type=&#8221;&#8221;][vc_column column_padding=&#8221;no-extra-padding&#8221; column_padding_position=&#8221;all&#8221; background_color_opacity=&#8221;1&#8243; background_hover_color_opacity=&#8221;1&#8243; column_link_target=&#8221;_self&#8221; column_shadow=&#8221;none&#8221; column_border_radius=&#8221;none&#8221; width=&#8221;2\/3&#8243; tablet_width_inherit=&#8221;default&#8221; tablet_text_alignment=&#8221;default&#8221; phone_text_alignment=&#8221;default&#8221; overlay_strength=&#8221;0.3&#8243; column_border_width=&#8221;none&#8221; column_border_style=&#8221;solid&#8221; bg_image_animation=&#8221;none&#8221;][vc_column_text]Ez az egys\u00e9g a a 20. sz\u00e1zad els\u0151 fel\u00e9nek \u00faj\u00edt\u00e1saihoz (koll\u00e1zs, mont\u00e1zs) k\u00e9pest is \u00faj\u00edt\u00e1s. Az elj\u00e1r\u00e1s a pop art k\u00e9palkot\u00e1s\u00e1nak is egyik alapvet\u0151 eszk\u00f6ze. <span class=\"small\">Erd\u00e9ly Mikl\u00f3s<\/span> ezt az \u00faj jelent\u00e9sszerkezetet \u2013 saj\u00e1t happeningjeinek \u00e9s m\u0171v\u00e9szi c\u00e9ljainak megfogalmaz\u00e1sak\u00e9nt \u2013 a \u201ejelent\u00e9s kiolt\u00e1s\u201d fogalm\u00e1val \u00edrta le.<span class=\"index\">3<\/span> Amikor a k\u00e9t, egym\u00e1s mell\u00e9 helyezett k\u00e9p a saj\u00e1t egy\u00e9ni, \u201etrivi\u00e1lis\u201d jelent\u00e9s\u00e9t egym\u00e1s mellett elveszti, egym\u00e1st fel\u00fcl\u00edrja.[\/vc_column_text][\/vc_column][vc_column column_padding=&#8221;no-extra-padding&#8221; column_padding_position=&#8221;all&#8221; background_color_opacity=&#8221;1&#8243; background_hover_color_opacity=&#8221;1&#8243; column_link_target=&#8221;_self&#8221; column_shadow=&#8221;none&#8221; column_border_radius=&#8221;none&#8221; el_class=&#8221;box-l20&#8243; width=&#8221;1\/3&#8243; tablet_width_inherit=&#8221;default&#8221; tablet_text_alignment=&#8221;default&#8221; phone_text_alignment=&#8221;default&#8221; overlay_strength=&#8221;0.3&#8243; column_border_width=&#8221;none&#8221; column_border_style=&#8221;solid&#8221; bg_image_animation=&#8221;none&#8221; offset=&#8221;vc_col-sm-offset-0&#8243;][divider line_type=&#8221;Small Line&#8221; line_alignment=&#8221;default&#8221; line_thickness=&#8221;4&#8243; divider_color=&#8221;extra-color-2&#8243; custom_height=&#8221;20&#8243; custom_line_width=&#8221;100&#8243;][vc_column_text]\n<p class=\"footnote-anchor\">3<\/p>\n<p class=\"szcena-2014-lj\"><span class=\"small\">Erd\u00e9ly Mikl\u00f3s:<\/span> <em>Mont\u00e1zsgesztus \u00e9s effektus.<\/em> In: Erd\u00e9ly Mikl\u00f3s: <em>A filmr\u0151l.<\/em> \u00d6ssze\u00e1ll\u00edtotta Petern\u00e1k Mikl\u00f3s. Szerk: Beke L\u00e1szl\u00f3, Sz\u0151ke Annam\u00e1ria. Balassi Kiad\u00f3-BAE Tart\u00f3shull\u00e1m \u2013 Interm\u00e9dia, Budapest, 1995, 150.<\/p>\n[\/vc_column_text][\/vc_column][\/vc_row][vc_row type=&#8221;full_width_content&#8221; full_screen_row_position=&#8221;middle&#8221; column_margin=&#8221;default&#8221; scene_position=&#8221;center&#8221; text_color=&#8221;dark&#8221; text_align=&#8221;left&#8221; class=&#8221;full-20l-1000&#8243; overlay_strength=&#8221;0.3&#8243; shape_divider_position=&#8221;bottom&#8221; bg_image_animation=&#8221;none&#8221; shape_type=&#8221;&#8221;][vc_column column_padding=&#8221;no-extra-padding&#8221; column_padding_position=&#8221;all&#8221; background_color_opacity=&#8221;1&#8243; background_hover_color_opacity=&#8221;1&#8243; column_link_target=&#8221;_self&#8221; column_shadow=&#8221;none&#8221; column_border_radius=&#8221;none&#8221; el_class=&#8221;p-cont-4-0&#8243; width=&#8221;1\/1&#8243; tablet_width_inherit=&#8221;default&#8221; tablet_text_alignment=&#8221;default&#8221; phone_text_alignment=&#8221;default&#8221; overlay_strength=&#8221;0.3&#8243; column_border_width=&#8221;none&#8221; column_border_style=&#8221;solid&#8221; bg_image_animation=&#8221;none&#8221;][image_with_animation image_url=&#8221;24056&#8243; alignment=&#8221;center&#8221; animation=&#8221;Fade In&#8221; img_link_large=&#8221;yes&#8221; hover_animation=&#8221;none&#8221; border_radius=&#8221;none&#8221; box_shadow=&#8221;none&#8221; image_loading=&#8221;default&#8221; max_width=&#8221;100%&#8221; max_width_mobile=&#8221;default&#8221; el_class=&#8221;full-img&#8221;][vc_column_text]\n<p class=\"kepalir-0-20-r-1000\">Vet\u0151 J\u00e1nos NahTe: <em>Narancs t\u00e9l,<\/em> 2008\u20132019, Ferrari print, sz\u00ednes rajzsz\u00f6gek, 29,7\u00d742 cm \u00a9 Fot\u00f3: Vet\u0151 G\u00e1bor<\/p>\n[\/vc_column_text][\/vc_column][\/vc_row][vc_row type=&#8221;in_container&#8221; full_screen_row_position=&#8221;middle&#8221; column_margin=&#8221;default&#8221; scene_position=&#8221;center&#8221; text_color=&#8221;dark&#8221; text_align=&#8221;left&#8221; class=&#8221;p-4-0&#8243; overlay_strength=&#8221;0.3&#8243; shape_divider_position=&#8221;bottom&#8221; bg_image_animation=&#8221;none&#8221; shape_type=&#8221;&#8221;][vc_column column_padding=&#8221;no-extra-padding&#8221; column_padding_position=&#8221;all&#8221; background_color_opacity=&#8221;1&#8243; background_hover_color_opacity=&#8221;1&#8243; column_link_target=&#8221;_self&#8221; column_shadow=&#8221;none&#8221; column_border_radius=&#8221;none&#8221; width=&#8221;2\/3&#8243; tablet_width_inherit=&#8221;default&#8221; tablet_text_alignment=&#8221;default&#8221; phone_text_alignment=&#8221;default&#8221; overlay_strength=&#8221;0.3&#8243; column_border_width=&#8221;none&#8221; column_border_style=&#8221;solid&#8221; bg_image_animation=&#8221;none&#8221;][vc_column_text]A k\u00e9pek Vet\u0151 J\u00e1nos kompoz\u00edci\u00f3iban is mindig eggy\u00e9 v\u00e1lnak, egym\u00e1st \u00e9rtelmezik, magyar\u00e1zz\u00e1k. 2012-ben, amikor digit\u00e1lis k\u00e9pp\u00e1rjait el\u0151sz\u00f6r bemutatta, ki\u00e1ll\u00edtotta absztrakt k\u00e9peit \u00e9s <em>A csod\u00e1latos semmi<\/em><span class=\"index\">4<\/span> vide\u00f3j\u00e1t is. A ki\u00e1ll\u00edt\u00e1shoz k\u00e9sz\u00fclt vide\u00f3interj\u00faban \u201ea malevicsi \u00f6r\u00f6ks\u00e9gb\u0151l kisarjad\u00f3 semmi\u201d-nek nevezi a munk\u00e1it.<span class=\"index\">5<\/span> Absztrakt k\u00e9peinek \u00e9s vide\u00f3j\u00e1nak is f\u0151szerepl\u0151je a pukkancsf\u00f3lia csomagol\u00f3 anyag (bubble wrap), amelyet a 80-as \u00e9vek k\u00f6zep\u00e9t\u0151l haszn\u00e1l, \u00e9s \u201er\u00e9gi leveg\u0151\u201d-nek, f\u00f3li\u00e1ba z\u00e1rt \u201ecsod\u00e1latos semmi\u201d-nek nevez. Absztrakt k\u00e9pei \u00e9pp e \u201ecsod\u00e1latos semmi\u201d-nek k\u00f6sz\u00f6nhet\u0151en t\u00e1rgyfot\u00f3k \u00e9s lenyomatok is.[\/vc_column_text][\/vc_column][vc_column column_padding=&#8221;no-extra-padding&#8221; column_padding_position=&#8221;all&#8221; background_color_opacity=&#8221;1&#8243; background_hover_color_opacity=&#8221;1&#8243; column_link_target=&#8221;_self&#8221; column_shadow=&#8221;none&#8221; column_border_radius=&#8221;none&#8221; el_class=&#8221;box-l20&#8243; width=&#8221;1\/3&#8243; tablet_width_inherit=&#8221;default&#8221; tablet_text_alignment=&#8221;default&#8221; phone_text_alignment=&#8221;default&#8221; overlay_strength=&#8221;0.3&#8243; column_border_width=&#8221;none&#8221; column_border_style=&#8221;solid&#8221; bg_image_animation=&#8221;none&#8221; offset=&#8221;vc_col-sm-offset-0&#8243;][divider line_type=&#8221;Small Line&#8221; line_alignment=&#8221;default&#8221; line_thickness=&#8221;4&#8243; divider_color=&#8221;extra-color-2&#8243; custom_height=&#8221;20&#8243; custom_line_width=&#8221;100&#8243;][vc_column_text]\n<p class=\"footnote-anchor\">4<\/p>\n<p class=\"szcena-2014-lj\"><em>Csod\u00e1latos semmi,<\/em> 2008, MemoArt Gal\u00e9ria<\/p>\n<p class=\"footnote-anchor\">5<\/p>\n<p class=\"szcena-2014-lj\">Vet\u0151 J\u00e1nos NahTe: <em>K\u00f6zt\u00e9ri m\u0171v\u00e9szet: Szobafirk\u00e1k \u00e9s a Csod\u00e1latos semmi.<\/em> Verz\u00f3 Online Gal\u00e9ria. <a href=\"https:\/\/www.youtube.com\/watch?v=EXWlqpMik7I.\" target=\"_blank\" rel=\"noopener noreferrer\">https:\/\/www.youtube.com\/watch?v=EXWlqpMik7I.<\/a><\/p>\n[\/vc_column_text][\/vc_column][\/vc_row][vc_row type=&#8221;full_width_content&#8221; full_screen_row_position=&#8221;middle&#8221; column_margin=&#8221;default&#8221; scene_position=&#8221;center&#8221; text_color=&#8221;dark&#8221; text_align=&#8221;left&#8221; class=&#8221;full-20l-1000&#8243; overlay_strength=&#8221;0.3&#8243; shape_divider_position=&#8221;bottom&#8221; bg_image_animation=&#8221;none&#8221; shape_type=&#8221;&#8221;][vc_column column_padding=&#8221;no-extra-padding&#8221; column_padding_position=&#8221;all&#8221; background_color_opacity=&#8221;1&#8243; background_hover_color_opacity=&#8221;1&#8243; column_link_target=&#8221;_self&#8221; column_shadow=&#8221;none&#8221; column_border_radius=&#8221;none&#8221; el_class=&#8221;p-cont-4-0&#8243; width=&#8221;1\/1&#8243; tablet_width_inherit=&#8221;default&#8221; tablet_text_alignment=&#8221;default&#8221; phone_text_alignment=&#8221;default&#8221; overlay_strength=&#8221;0.3&#8243; column_border_width=&#8221;none&#8221; column_border_style=&#8221;solid&#8221; bg_image_animation=&#8221;none&#8221;][image_with_animation image_url=&#8221;24057&#8243; alignment=&#8221;center&#8221; animation=&#8221;Fade In&#8221; img_link_large=&#8221;yes&#8221; hover_animation=&#8221;none&#8221; border_radius=&#8221;none&#8221; box_shadow=&#8221;none&#8221; image_loading=&#8221;default&#8221; max_width=&#8221;100%&#8221; max_width_mobile=&#8221;default&#8221; el_class=&#8221;full-img&#8221;][vc_column_text]\n<p class=\"kepalir-0-20-r-1000\">Vet\u0151 J\u00e1nos NahTe: <em>K\u00e9k goly\u00f3, k\u00e9k mad\u00e1r,<\/em> 2008\u20132019, Ferrari print, ragaszt\u00f3szalag, 29,7\u00d742 cm \u00e9s 198\u00d7135 cm \u00a9 Fot\u00f3: Vet\u0151 G\u00e1bor<\/p>\n[\/vc_column_text][\/vc_column][\/vc_row][vc_row type=&#8221;full_width_content&#8221; full_screen_row_position=&#8221;middle&#8221; column_margin=&#8221;default&#8221; scene_position=&#8221;center&#8221; text_color=&#8221;dark&#8221; text_align=&#8221;left&#8221; class=&#8221;full-5-20&#8243; overlay_strength=&#8221;0.3&#8243; shape_divider_position=&#8221;bottom&#8221; bg_image_animation=&#8221;none&#8221; shape_type=&#8221;&#8221;][vc_column column_padding=&#8221;no-extra-padding&#8221; column_padding_position=&#8221;all&#8221; background_color_opacity=&#8221;1&#8243; background_hover_color_opacity=&#8221;1&#8243; column_link_target=&#8221;_self&#8221; column_shadow=&#8221;none&#8221; column_border_radius=&#8221;none&#8221; el_class=&#8221;p-4-0&#8243; width=&#8221;1\/1&#8243; tablet_width_inherit=&#8221;default&#8221; tablet_text_alignment=&#8221;default&#8221; phone_text_alignment=&#8221;default&#8221; overlay_strength=&#8221;0.3&#8243; column_border_width=&#8221;none&#8221; column_border_style=&#8221;solid&#8221; bg_image_animation=&#8221;none&#8221;][image_with_animation image_url=&#8221;24059&#8243; alignment=&#8221;center&#8221; animation=&#8221;Fade In&#8221; img_link_large=&#8221;yes&#8221; hover_animation=&#8221;none&#8221; border_radius=&#8221;none&#8221; box_shadow=&#8221;none&#8221; image_loading=&#8221;default&#8221; max_width=&#8221;100%&#8221; max_width_mobile=&#8221;default&#8221; el_class=&#8221;full-img&#8221;][\/vc_column][\/vc_row][vc_row type=&#8221;in_container&#8221; full_screen_row_position=&#8221;middle&#8221; column_margin=&#8221;default&#8221; scene_position=&#8221;center&#8221; text_color=&#8221;dark&#8221; text_align=&#8221;left&#8221; class=&#8221;p-4-0&#8243; overlay_strength=&#8221;0.3&#8243; shape_divider_position=&#8221;bottom&#8221; bg_image_animation=&#8221;none&#8221; shape_type=&#8221;&#8221;][vc_column column_padding=&#8221;no-extra-padding&#8221; column_padding_position=&#8221;all&#8221; background_color_opacity=&#8221;1&#8243; background_hover_color_opacity=&#8221;1&#8243; column_link_target=&#8221;_self&#8221; column_shadow=&#8221;none&#8221; column_border_radius=&#8221;none&#8221; width=&#8221;2\/3&#8243; tablet_width_inherit=&#8221;default&#8221; tablet_text_alignment=&#8221;default&#8221; phone_text_alignment=&#8221;default&#8221; overlay_strength=&#8221;0.3&#8243; column_border_width=&#8221;none&#8221; column_border_style=&#8221;solid&#8221; bg_image_animation=&#8221;none&#8221;][vc_column_text]A \u201ejelent\u00e9s kiolt\u00e1s\u201d (Erd\u00e9ly) \u00e9s a \u201ecsod\u00e1latos semmi\u201d (Vet\u0151) kifejez\u00e9sek k\u00f6z\u00f6sek annyiban, hogy jelzik az alkot\u00f3 elhat\u00e1rol\u00f3d\u00e1s\u00e1t a m\u0171 szigor\u00fa, z\u00e1rt, predesztin\u00e1lt \u00e9rtelmez\u00e9s\u00e9t\u0151l, \u00e9s kifejezik a n\u00e9z\u0151i asszoci\u00e1ci\u00f3, a k\u00f6lt\u0151i, intuit\u00edv meg\u00e9rt\u00e9s fontoss\u00e1g\u00e1t. Az asszoci\u00e1ci\u00f3s l\u00e1nc v\u00e9ge a \u201ekiolt\u00e1s\u201d, a \u201esemmi\u201d, amely az\u00e9rt \u201ecsod\u00e1latos\u201d, mert evidens, evidencia\u00e9lm\u00e9nyk\u00e9nt tapasztalhat\u00f3. Vet\u0151 \u201ecsod\u00e1latos semmi\u201d-je itt kapcsol\u00f3dik a \u201emalevicsi gy\u00f6kerekhez\u201d, az akarattal \u00e9s a k\u00e9pzettel szemben a \u201esemmit\u201d az \u201e\u00e9rzetet\u201d egyed\u00fcli val\u00f3s\u00e1gnak tekint\u0151 szuprematista eszt\u00e9tik\u00e1hoz, amely a t\u00e1rgyi vil\u00e1g ill\u00fazi\u00f3it\u00f3l felszabad\u00edtva egy \u00faj eszt\u00e9tikai vil\u00e1grend alapja. Ebben az \u00faj eszt\u00e9tikai vil\u00e1grendben <span class=\"small\">Malevics<\/span> fekete vagy feh\u00e9r n\u00e9gyzete, \u00e9s minden k\u00e9pi form\u00e1ja eszk\u00f6z.<\/p>\n<p>B\u00e1r Magyarorsz\u00e1gon Malevics \u00f6r\u00f6ks\u00e9ge <span class=\"small\">Kass\u00e1k Lajos<\/span> m\u0171v\u00e9szete r\u00e9v\u00e9n is fokozott jelent\u0151s\u00e9ggel b\u00edr, Vet\u0151 J\u00e1nos eszt\u00e9tikai vil\u00e1gk\u00e9pe nem Malevics t\u00e1rgy n\u00e9lk\u00fcli vil\u00e1g\u00e1ban, hanem a kort\u00e1rs m\u0171v\u00e9szeti ir\u00e1nyzatok, mint a neodada, a happening, a pop art, a Fluxus, a nouveau r\u00e9alisme, a concept art, az akci\u00f3m\u0171v\u00e9szet, az arte povera, a graffiti \u00e9s a street art hat\u00e1sa alatt form\u00e1l\u00f3dott. Az 1970-es \u00e9vekben els\u0151sorban Joseph Beuys m\u0171v\u00e9szet\u00e9nek hat\u00e1sa alatt, ahogyan az eg\u00e9sz hazai neoavantg\u00e1rd szc\u00e9na is. Beuys k\u00f6zvet\u00edtette Malevics \u00e9s Kandinszkij \u00fajra\u00e9rtelmezett vil\u00e1gk\u00e9p\u00e9t. Korszer\u0171en, a Fluxus \u00e9s a concept art nyelv\u00e9n fogalmazta \u00fajra a sz\u00e1zadfordul\u00f3 misztik\u00e1j\u00e1b\u00f3l, szellemtudom\u00e1ny\u00e1b\u00f3l \u00faj eszt\u00e9tik\u00e1t alkot\u00f3 20. sz\u00e1zadi orosz avantg\u00e1rd m\u0171v\u00e9szek gondolatait. Idealistak\u00e9nt, az antropoz\u00f3fia \u00e9s a tradicion\u00e1lis metafizika hat\u00e1sa alatt a sz\u00e1zadfordul\u00f3t \u00e9get\u0151 dichot\u00f3mi\u00e1t (materializmus kontra spiritualizmus) a m\u0171v\u00e9szet\u00e9ben oldotta fel, \u00fagy, hogy a k\u00e9t fogalom \u2013 mint a s\u00e1m\u00e1nokn\u00e1l &#8211; egys\u00e9get alkot. Ahogy Malevics \u00e9s <span class=\"small\">Kandinszkij<\/span> m\u0171v\u00e9szeti v\u00edzi\u00f3ja egy eg\u00e9szen \u00faj vil\u00e1grendet \u00e9s benne egy \u00faj emberi t\u00e1rsadalmat k\u00f6vetelt, \u00fagy <span class=\"small\">Joseph Beuys<\/span>\u00e9 is. Egy olyan \u00faj m\u0171v\u00e9szetfelfog\u00e1st k\u00e9pviselve, amely az anyagok m\u00e1gikus-szimbolikus alkalmaz\u00e1s\u00e1val \u00e9s a k\u00f6lt\u00e9szet teremt\u0151 erej\u00e9vel k\u00e9pes a val\u00f3s\u00e1gba beavatkozni. Beuys felismerte, hogy ez a lehet\u0151s\u00e9g \u00e9s k\u00e9pess\u00e9g nemcsak minden ember sz\u00e1mra adott, de minden ember t\u00e1rsadalmi felel\u0151ss\u00e9ge is, mert ez az \u00faj t\u00e1rsadalmi rend kialakul\u00e1s\u00e1nak a felt\u00e9tele (Die Soziale Skulptur).[\/vc_column_text][\/vc_column][vc_column column_padding=&#8221;no-extra-padding&#8221; column_padding_position=&#8221;all&#8221; background_color_opacity=&#8221;1&#8243; background_hover_color_opacity=&#8221;1&#8243; column_link_target=&#8221;_self&#8221; column_shadow=&#8221;none&#8221; column_border_radius=&#8221;none&#8221; el_class=&#8221;box-l20&#8243; width=&#8221;1\/3&#8243; tablet_width_inherit=&#8221;default&#8221; tablet_text_alignment=&#8221;default&#8221; phone_text_alignment=&#8221;default&#8221; overlay_strength=&#8221;0.3&#8243; column_border_width=&#8221;none&#8221; column_border_style=&#8221;solid&#8221; bg_image_animation=&#8221;none&#8221; offset=&#8221;vc_col-sm-offset-0 vc_hidden-sm vc_hidden-xs&#8221;][\/vc_column][\/vc_row][vc_row type=&#8221;full_width_content&#8221; full_screen_row_position=&#8221;middle&#8221; column_margin=&#8221;default&#8221; scene_position=&#8221;center&#8221; text_color=&#8221;dark&#8221; text_align=&#8221;left&#8221; class=&#8221;full-20r-1000&#8243; overlay_strength=&#8221;0.3&#8243; shape_divider_position=&#8221;bottom&#8221; bg_image_animation=&#8221;none&#8221; shape_type=&#8221;&#8221;][vc_column column_padding=&#8221;no-extra-padding&#8221; column_padding_position=&#8221;all&#8221; background_color_opacity=&#8221;1&#8243; background_hover_color_opacity=&#8221;1&#8243; column_link_target=&#8221;_self&#8221; column_shadow=&#8221;none&#8221; column_border_radius=&#8221;none&#8221; el_class=&#8221;p-cont-4-0&#8243; width=&#8221;1\/1&#8243; tablet_width_inherit=&#8221;default&#8221; tablet_text_alignment=&#8221;default&#8221; phone_text_alignment=&#8221;default&#8221; overlay_strength=&#8221;0.3&#8243; column_border_width=&#8221;none&#8221; column_border_style=&#8221;solid&#8221; bg_image_animation=&#8221;none&#8221;][image_with_animation image_url=&#8221;24064&#8243; alignment=&#8221;center&#8221; animation=&#8221;Fade In&#8221; img_link_large=&#8221;yes&#8221; hover_animation=&#8221;none&#8221; border_radius=&#8221;none&#8221; box_shadow=&#8221;none&#8221; image_loading=&#8221;default&#8221; max_width=&#8221;100%&#8221; max_width_mobile=&#8221;default&#8221; el_class=&#8221;full-img&#8221;][vc_column_text]\n<p class=\"kepalir-1r-full\">Vet\u0151 J\u00e1nos NahTe: <em>Lakrids X,<\/em> 2008\u20132019, Ferrari print, ragaszt\u00f3szalag, 198\u00d7135 cm \u00e9s 29,7\u00d742 cm \u00a9 Fot\u00f3: Vet\u0151 G\u00e1bor<\/p>\n[\/vc_column_text][\/vc_column][\/vc_row][vc_row type=&#8221;full_width_content&#8221; full_screen_row_position=&#8221;middle&#8221; column_margin=&#8221;default&#8221; scene_position=&#8221;center&#8221; text_color=&#8221;dark&#8221; text_align=&#8221;left&#8221; class=&#8221;full-5-20&#8243; overlay_strength=&#8221;0.3&#8243; shape_divider_position=&#8221;bottom&#8221; bg_image_animation=&#8221;none&#8221; shape_type=&#8221;&#8221;][vc_column column_padding=&#8221;no-extra-padding&#8221; column_padding_position=&#8221;all&#8221; background_color_opacity=&#8221;1&#8243; background_hover_color_opacity=&#8221;1&#8243; column_link_target=&#8221;_self&#8221; column_shadow=&#8221;none&#8221; column_border_radius=&#8221;none&#8221; el_class=&#8221;p-4-0&#8243; width=&#8221;1\/1&#8243; tablet_width_inherit=&#8221;default&#8221; tablet_text_alignment=&#8221;default&#8221; phone_text_alignment=&#8221;default&#8221; overlay_strength=&#8221;0.3&#8243; column_border_width=&#8221;none&#8221; column_border_style=&#8221;solid&#8221; bg_image_animation=&#8221;none&#8221;][image_with_animation image_url=&#8221;24065&#8243; alignment=&#8221;center&#8221; animation=&#8221;Fade In&#8221; img_link_large=&#8221;yes&#8221; hover_animation=&#8221;none&#8221; border_radius=&#8221;none&#8221; box_shadow=&#8221;none&#8221; image_loading=&#8221;default&#8221; max_width=&#8221;100%&#8221; max_width_mobile=&#8221;default&#8221; el_class=&#8221;full-img&#8221;][\/vc_column][\/vc_row][vc_row type=&#8221;in_container&#8221; full_screen_row_position=&#8221;middle&#8221; column_margin=&#8221;default&#8221; scene_position=&#8221;center&#8221; text_color=&#8221;dark&#8221; text_align=&#8221;left&#8221; class=&#8221;p-4-0&#8243; overlay_strength=&#8221;0.3&#8243; shape_divider_position=&#8221;bottom&#8221; bg_image_animation=&#8221;none&#8221; shape_type=&#8221;&#8221;][vc_column column_padding=&#8221;no-extra-padding&#8221; column_padding_position=&#8221;all&#8221; background_color_opacity=&#8221;1&#8243; background_hover_color_opacity=&#8221;1&#8243; column_link_target=&#8221;_self&#8221; column_shadow=&#8221;none&#8221; column_border_radius=&#8221;none&#8221; width=&#8221;2\/3&#8243; tablet_width_inherit=&#8221;default&#8221; tablet_text_alignment=&#8221;default&#8221; phone_text_alignment=&#8221;default&#8221; overlay_strength=&#8221;0.3&#8243; column_border_width=&#8221;none&#8221; column_border_style=&#8221;solid&#8221; bg_image_animation=&#8221;none&#8221;][vc_column_text]Az a sz\u00f3, hogy k\u00f6lt\u00e9szet, ma a m\u0171v\u00e9szetben kifejezett jelent\u0151s\u00e9ggel b\u00edr, miut\u00e1n a 20. sz\u00e1zadi v\u00e9gi analitikus filoz\u00f3fia sem tudott megbirk\u00f3zni vele, \u00e9s a m\u0171v\u00e9szet defin\u00edci\u00f3j\u00e1ban megszabadulni t\u0151le. A m\u0171v\u00e9szet l\u00e9nyeg\u00e9ben \u201em\u00e9g mindig\u201d k\u00f6lt\u00e9szet, mert b\u00e1r tetten \u00e9rhet\u0151 az emberi szabads\u00e1g, megtapasztalhat\u00f3 egy, az emberi tud\u00e1st\u00f3l \u00e9s akaratt\u00f3l f\u00fcggetlen dinamika is. Ha tetszik, m\u00e1gia, var\u00e1zslat, mert ez a valami m\u00e1s, mint a vil\u00e1g egy\u00e9b dolgai, emberi tev\u00e9kenys\u00e9g, m\u00e9gsem lehet befoly\u00e1solni, el\u0151re jelezni, kisz\u00e1m\u00edtani.<\/p>\n<p>Ahogy Beysn\u00e1l ez a spiritu\u00e1lis materializmus m\u00e1gikus szerep\u0171 anyaghaszn\u00e1latot is jelent, \u00fagy a 1960-as, 70-es \u00e9vek m\u0171v\u00e9szet\u00e9ben, els\u0151sorban Erd\u00e9ly Mikl\u00f3s, <span class=\"small\">Szentj\u00f3by Tam\u00e1s, Hajas Tibor<\/span> happening \u00e9s akci\u00f3m\u0171v\u00e9szet\u00e9ben is nagy jelent\u0151s\u00e9ge van a m\u00e1gikus, szimbolikus jelent\u0151s\u00e9ggel b\u00edr\u00f3 anyagok, t\u00e1rgyak alkalmaz\u00e1s\u00e1nak. Vet\u0151 a felsorolt m\u0171v\u00e9szekn\u00e9l j\u00f3val fiatalabb, az 1970-es \u00e9vekben huszon\u00e9ves. El\u0151sz\u00f6r Szentj\u00f3by Tam\u00e1snak k\u00e9sz\u00edtett f\u00e9nyk\u00e9peket, majd 1976\u20131980 k\u00f6z\u00f6tt Hajas Tibor alkot\u00f3t\u00e1rsa, f\u00e9nyk\u00e9p\u00e9sze, akci\u00f3iban asszisztense, \u00e9s a legjobb bar\u00e1tja volt. A m\u0171v\u00e9szet m\u00e1gikus-szimbolikus tev\u00e9kenys\u00e9gk\u00e9nt val\u00f3 \u00e9rtelmez\u00e9se \u00e9s a m\u0171v\u00e9szi anyaghaszn\u00e1lat \u2013 a k\u00fcl\u00f6nb\u00f6z\u0151 anyagok m\u00e1gikus erej\u00e9nek tudatos\u00edt\u00e1sa \u2013 ebben az alkot\u00f3i korszak\u00e1ban kezd\u0151d\u00f6tt. F\u00e9nyk\u00e9pez\u00e9si m\u00f3dszereinek \u00e9s s\u00f6t\u00e9tkamra k\u00eds\u00e9rleteinek ez a szellemi h\u00e1ttere.<span class=\"index\">6<\/span> K\u00eds\u00e9rleteit nem a m\u00e9r\u00e9s, az ism\u00e9telhet\u0151s\u00e9g vagy a m\u00f3dszer igazolta, mint a tudom\u00e1nyos vagy a technikai k\u00eds\u00e9rletekben, hanem a szem\u00e9lyes tapasztalat. Korai f\u00e9nyk\u00e9pein is \u00e9rz\u00e9kelhet\u0151 egy megtapasztalt, meg\u00e9lt \u00faj eszt\u00e9tikai rend ig\u00e9nye, amely a t\u00e9m\u00e1t, a l\u00e1tv\u00e1nyt, a val\u00f3s\u00e1got egys\u00e9gesen fel\u00fcl\u00edrja \u00e9s \u00fajrahasznos\u00edtja.[\/vc_column_text][\/vc_column][vc_column column_padding=&#8221;no-extra-padding&#8221; column_padding_position=&#8221;all&#8221; background_color_opacity=&#8221;1&#8243; background_hover_color_opacity=&#8221;1&#8243; column_link_target=&#8221;_self&#8221; column_shadow=&#8221;none&#8221; column_border_radius=&#8221;none&#8221; el_class=&#8221;box-l20&#8243; width=&#8221;1\/3&#8243; tablet_width_inherit=&#8221;default&#8221; tablet_text_alignment=&#8221;default&#8221; phone_text_alignment=&#8221;default&#8221; overlay_strength=&#8221;0.3&#8243; column_border_width=&#8221;none&#8221; column_border_style=&#8221;solid&#8221; bg_image_animation=&#8221;none&#8221; offset=&#8221;vc_col-sm-offset-0&#8243;][divider line_type=&#8221;Small Line&#8221; line_alignment=&#8221;default&#8221; line_thickness=&#8221;4&#8243; divider_color=&#8221;extra-color-2&#8243; custom_height=&#8221;20&#8243; custom_line_width=&#8221;100&#8243;][vc_column_text]\n<p class=\"footnote-anchor\">6<\/p>\n<p class=\"szcena-2014-lj\">A m\u0171v\u00e9sz \u00edr\u00e1sa az anal\u00f3g f\u00e9nyk\u00e9pez\u00e9sr\u0151l: Vet\u0151 J\u00e1nos NahTe (Vet\u0151 K\u00edna Herceg): <em>Essay a Fot\u00f3r\u00f3l,<\/em> 1999. <a href=\"http:\/\/www.c3.hu\/~ligal\/238.htm\" target=\"_blank\" rel=\"noopener noreferrer\">http:\/\/www.c3.hu\/~ligal\/238.htm<\/a><\/p>\n[\/vc_column_text][\/vc_column][\/vc_row][vc_row type=&#8221;full_width_content&#8221; full_screen_row_position=&#8221;middle&#8221; column_margin=&#8221;default&#8221; scene_position=&#8221;center&#8221; text_color=&#8221;dark&#8221; text_align=&#8221;left&#8221; class=&#8221;full-20l-1000&#8243; overlay_strength=&#8221;0.3&#8243; shape_divider_position=&#8221;bottom&#8221; bg_image_animation=&#8221;none&#8221; shape_type=&#8221;&#8221;][vc_column column_padding=&#8221;no-extra-padding&#8221; column_padding_position=&#8221;all&#8221; background_color_opacity=&#8221;1&#8243; background_hover_color_opacity=&#8221;1&#8243; column_link_target=&#8221;_self&#8221; column_shadow=&#8221;none&#8221; column_border_radius=&#8221;none&#8221; el_class=&#8221;p-cont-4-0&#8243; width=&#8221;1\/1&#8243; tablet_width_inherit=&#8221;default&#8221; tablet_text_alignment=&#8221;default&#8221; phone_text_alignment=&#8221;default&#8221; overlay_strength=&#8221;0.3&#8243; column_border_width=&#8221;none&#8221; column_border_style=&#8221;solid&#8221; bg_image_animation=&#8221;none&#8221;][image_with_animation image_url=&#8221;24067&#8243; alignment=&#8221;center&#8221; animation=&#8221;Fade In&#8221; img_link_large=&#8221;yes&#8221; hover_animation=&#8221;none&#8221; border_radius=&#8221;none&#8221; box_shadow=&#8221;none&#8221; image_loading=&#8221;default&#8221; max_width=&#8221;100%&#8221; max_width_mobile=&#8221;default&#8221; el_class=&#8221;full-img&#8221;][vc_column_text]\n<p class=\"kepalir-0-20-r-1000\">Vet\u0151 J\u00e1nos NahTe: <em>B\u00facs\u00fakoncert,<\/em> 2008\u20132019, Ferrari print, ragaszt\u00f3szalag, 29,7\u00d742 cm \u00e9s 198\u00d7135 cm \u00a9 Fot\u00f3: Vet\u0151 G\u00e1bor<\/p>\n[\/vc_column_text][\/vc_column][\/vc_row][vc_row type=&#8221;full_width_content&#8221; full_screen_row_position=&#8221;middle&#8221; column_margin=&#8221;default&#8221; scene_position=&#8221;center&#8221; text_color=&#8221;dark&#8221; text_align=&#8221;left&#8221; class=&#8221;full-5-20&#8243; overlay_strength=&#8221;0.3&#8243; shape_divider_position=&#8221;bottom&#8221; bg_image_animation=&#8221;none&#8221; shape_type=&#8221;&#8221;][vc_column column_padding=&#8221;no-extra-padding&#8221; column_padding_position=&#8221;all&#8221; background_color_opacity=&#8221;1&#8243; background_hover_color_opacity=&#8221;1&#8243; column_link_target=&#8221;_self&#8221; column_shadow=&#8221;none&#8221; column_border_radius=&#8221;none&#8221; el_class=&#8221;p-4-0&#8243; width=&#8221;1\/1&#8243; tablet_width_inherit=&#8221;default&#8221; tablet_text_alignment=&#8221;default&#8221; phone_text_alignment=&#8221;default&#8221; overlay_strength=&#8221;0.3&#8243; column_border_width=&#8221;none&#8221; column_border_style=&#8221;solid&#8221; bg_image_animation=&#8221;none&#8221;][image_with_animation image_url=&#8221;24068&#8243; alignment=&#8221;center&#8221; animation=&#8221;Fade In&#8221; img_link_large=&#8221;yes&#8221; hover_animation=&#8221;none&#8221; border_radius=&#8221;none&#8221; box_shadow=&#8221;none&#8221; image_loading=&#8221;default&#8221; max_width=&#8221;100%&#8221; max_width_mobile=&#8221;default&#8221; el_class=&#8221;full-img&#8221;][\/vc_column][\/vc_row][vc_row type=&#8221;in_container&#8221; full_screen_row_position=&#8221;middle&#8221; column_margin=&#8221;default&#8221; scene_position=&#8221;center&#8221; text_color=&#8221;dark&#8221; text_align=&#8221;left&#8221; class=&#8221;p-4-0&#8243; overlay_strength=&#8221;0.3&#8243; shape_divider_position=&#8221;bottom&#8221; bg_image_animation=&#8221;none&#8221; shape_type=&#8221;&#8221;][vc_column column_padding=&#8221;no-extra-padding&#8221; column_padding_position=&#8221;all&#8221; background_color_opacity=&#8221;1&#8243; background_hover_color_opacity=&#8221;1&#8243; column_link_target=&#8221;_self&#8221; column_shadow=&#8221;none&#8221; column_border_radius=&#8221;none&#8221; width=&#8221;2\/3&#8243; tablet_width_inherit=&#8221;default&#8221; tablet_text_alignment=&#8221;default&#8221; phone_text_alignment=&#8221;default&#8221; overlay_strength=&#8221;0.3&#8243; column_border_width=&#8221;none&#8221; column_border_style=&#8221;solid&#8221; bg_image_animation=&#8221;none&#8221;][vc_column_text]Ez a \u201evar\u00e1zsl\u00e1s\u201d azonban nem c\u00e9ltalan \u00e9s nem \u00f6nmag\u00e1\u00e9rt val\u00f3. Ahogy Beuys is a val\u00f3s\u00e1gba val\u00f3 beavatkoz\u00e1s eszk\u00f6zek\u00e9nt tekintette, \u00fagy Erd\u00e9ly, Szentj\u00f3by, Hajas, \u00e9s Vet\u0151 J\u00e1nos gyerekkori bar\u00e1tja, <span class=\"small\">Baksa-So\u00f3s J\u00e1nos<\/span> is. Baksa-So\u00f3s rajzaival, festm\u00e9nyeivel, szobraival \u00e1br\u00e1zolta \u00e9s haj\u00f3snapl\u00f3iban \u00edrta le, hogy a plan\u00e9ta lakosai hogyan fognak a j\u00f6v\u0151 \u00farhaj\u00f3saiv\u00e1 v\u00e1lni. Ez az \u00faj, jobb vil\u00e1g az emberek kreativit\u00e1s\u00e1n, bel\u00e1t\u00e1s\u00e1n \u00e9s nyitotts\u00e1g\u00e1n, j\u00f6v\u0151t \u00e1talak\u00edt\u00f3 k\u00f6z\u00f6s hit\u00e9n alapul. \u00daj viszony a bolyg\u00f3val, annak \u00e9l\u0151l\u00e9nyeivel, \u00faj viszony a kult\u00far\u00e1val, a m\u0171v\u00e9szettel, s\u0151t az emberi gondolkod\u00e1ssal \u00e9s a nyelvvel is.<span class=\"index\">7<\/span> A Beuys \u00e1ltal \u00fajra\u00e9rtelmezett \u00e9s k\u00e9pviselt avantg\u00e1rd \u00f6r\u00f6ks\u00e9g Zeitgeist, Vet\u0151 J\u00e1nos p\u00e1ly\u00e1j\u00e1nak elej\u00e9n a halad\u00f3 korszellem, amelyhez k\u00e9pest form\u00e1lt\u00e1k a saj\u00e1t elk\u00e9pzel\u00e9seiket \u00e9s \u00e1rnyalt\u00e1k saj\u00e1t vil\u00e1gk\u00e9p\u00fcket a kort\u00e1rs m\u0171v\u00e9szek.<\/p>\n<p>Hasonl\u00f3k\u00e9pp Zeitgeist az interdiszciplinarit\u00e1s, \u00e9s a m\u0171v\u00e9szeti \u00e1gak \u00f6sszekapcsol\u00e1sa. <span class=\"small\">John Cage<\/span> intuit\u00edv zenei tev\u00e9kenys\u00e9ge, zeneelm\u00e9lete \u00e9s oktat\u00f3i tev\u00e9kenys\u00e9ge a 20. sz\u00e1zad m\u00e1sodik fel\u00e9nek k\u00e9pz\u0151m\u0171v\u00e9szet\u00e9t alapvet\u0151en befoly\u00e1solta. A neodada, a happening \u00e9s a Fluxus m\u0171v\u00e9szei Cage mell\u0151l indultak az 50-es \u00e9vek v\u00e9g\u00e9n. Els\u0151sorban a happening, az akci\u00f3m\u0171v\u00e9szet, a Fluxus eventek majd az install\u00e1ci\u00f3m\u0171v\u00e9szet szintetiz\u00e1lta a vizu\u00e1lis \u00e9s az akusztikus kifejez\u0151eszk\u00f6z\u00f6ket.[\/vc_column_text][\/vc_column][vc_column column_padding=&#8221;no-extra-padding&#8221; column_padding_position=&#8221;all&#8221; background_color_opacity=&#8221;1&#8243; background_hover_color_opacity=&#8221;1&#8243; column_link_target=&#8221;_self&#8221; column_shadow=&#8221;none&#8221; column_border_radius=&#8221;none&#8221; el_class=&#8221;box-l20&#8243; width=&#8221;1\/3&#8243; tablet_width_inherit=&#8221;default&#8221; tablet_text_alignment=&#8221;default&#8221; phone_text_alignment=&#8221;default&#8221; overlay_strength=&#8221;0.3&#8243; column_border_width=&#8221;none&#8221; column_border_style=&#8221;solid&#8221; bg_image_animation=&#8221;none&#8221; offset=&#8221;vc_col-sm-offset-0&#8243;][divider line_type=&#8221;Small Line&#8221; line_alignment=&#8221;default&#8221; line_thickness=&#8221;4&#8243; divider_color=&#8221;extra-color-2&#8243; custom_height=&#8221;20&#8243; custom_line_width=&#8221;100&#8243;][vc_column_text]\n<p class=\"footnote-anchor\">7<\/p>\n<p class=\"szcena-2014-lj\">Ld.: Vet\u0151 J\u00e1nos: Valahol a vil\u00e1g\u0171rben els\u00fcjedt egy \u00fcrhaj\u00f3. Janu\u00e1r Herceg Tova (Baksa-So\u00f3s J\u00e1nos) ki\u00e1ll\u00edt\u00e1sa. In: <em>Balkon<\/em> 2019\/5. 26-28.<\/p>\n[\/vc_column_text][\/vc_column][\/vc_row][vc_row type=&#8221;full_width_content&#8221; full_screen_row_position=&#8221;middle&#8221; column_margin=&#8221;default&#8221; scene_position=&#8221;center&#8221; text_color=&#8221;dark&#8221; text_align=&#8221;left&#8221; class=&#8221;full-20l-1000&#8243; overlay_strength=&#8221;0.3&#8243; shape_divider_position=&#8221;bottom&#8221; bg_image_animation=&#8221;none&#8221; shape_type=&#8221;&#8221;][vc_column column_padding=&#8221;no-extra-padding&#8221; column_padding_position=&#8221;all&#8221; background_color_opacity=&#8221;1&#8243; background_hover_color_opacity=&#8221;1&#8243; column_link_target=&#8221;_self&#8221; column_shadow=&#8221;none&#8221; column_border_radius=&#8221;none&#8221; el_class=&#8221;p-cont-4-0&#8243; width=&#8221;1\/1&#8243; tablet_width_inherit=&#8221;default&#8221; tablet_text_alignment=&#8221;default&#8221; phone_text_alignment=&#8221;default&#8221; overlay_strength=&#8221;0.3&#8243; column_border_width=&#8221;none&#8221; column_border_style=&#8221;solid&#8221; bg_image_animation=&#8221;none&#8221;][image_with_animation image_url=&#8221;24073&#8243; alignment=&#8221;center&#8221; animation=&#8221;Fade In&#8221; img_link_large=&#8221;yes&#8221; hover_animation=&#8221;none&#8221; border_radius=&#8221;none&#8221; box_shadow=&#8221;none&#8221; image_loading=&#8221;default&#8221; max_width=&#8221;100%&#8221; max_width_mobile=&#8221;default&#8221; el_class=&#8221;full-img&#8221;][vc_column_text]\n<p class=\"kepalir-0-20-r-1000\">Vet\u0151 J\u00e1nos NahTe: <em>H\u00e1bor\u00fa \u00e9s b\u00e9ke,<\/em> 2008-2019, Ferrari print, ragaszt\u00f3szalag, 29,7\u00d742 cm \u00e9s 198\u00d7135 cm \u00a9 Fot\u00f3: Vet\u0151 G\u00e1bor<\/p>\n[\/vc_column_text][\/vc_column][\/vc_row][vc_row type=&#8221;full_width_content&#8221; full_screen_row_position=&#8221;middle&#8221; column_margin=&#8221;default&#8221; scene_position=&#8221;center&#8221; text_color=&#8221;dark&#8221; text_align=&#8221;left&#8221; class=&#8221;full-5-20&#8243; overlay_strength=&#8221;0.3&#8243; shape_divider_position=&#8221;bottom&#8221; bg_image_animation=&#8221;none&#8221; shape_type=&#8221;&#8221;][vc_column column_padding=&#8221;no-extra-padding&#8221; column_padding_position=&#8221;all&#8221; background_color_opacity=&#8221;1&#8243; background_hover_color_opacity=&#8221;1&#8243; column_link_target=&#8221;_self&#8221; column_shadow=&#8221;none&#8221; column_border_radius=&#8221;none&#8221; el_class=&#8221;p-4-0&#8243; width=&#8221;1\/1&#8243; tablet_width_inherit=&#8221;default&#8221; tablet_text_alignment=&#8221;default&#8221; phone_text_alignment=&#8221;default&#8221; overlay_strength=&#8221;0.3&#8243; column_border_width=&#8221;none&#8221; column_border_style=&#8221;solid&#8221; bg_image_animation=&#8221;none&#8221;][image_with_animation image_url=&#8221;24071&#8243; alignment=&#8221;center&#8221; animation=&#8221;Fade In&#8221; img_link_large=&#8221;yes&#8221; hover_animation=&#8221;none&#8221; border_radius=&#8221;none&#8221; box_shadow=&#8221;none&#8221; image_loading=&#8221;default&#8221; max_width=&#8221;100%&#8221; max_width_mobile=&#8221;default&#8221; el_class=&#8221;full-img&#8221;][\/vc_column][\/vc_row][vc_row type=&#8221;in_container&#8221; full_screen_row_position=&#8221;middle&#8221; column_margin=&#8221;default&#8221; scene_position=&#8221;center&#8221; text_color=&#8221;dark&#8221; text_align=&#8221;left&#8221; class=&#8221;p-4-0&#8243; overlay_strength=&#8221;0.3&#8243; shape_divider_position=&#8221;bottom&#8221; bg_image_animation=&#8221;none&#8221; shape_type=&#8221;&#8221;][vc_column column_padding=&#8221;no-extra-padding&#8221; column_padding_position=&#8221;all&#8221; background_color_opacity=&#8221;1&#8243; background_hover_color_opacity=&#8221;1&#8243; column_link_target=&#8221;_self&#8221; column_shadow=&#8221;none&#8221; column_border_radius=&#8221;none&#8221; width=&#8221;2\/3&#8243; tablet_width_inherit=&#8221;default&#8221; tablet_text_alignment=&#8221;default&#8221; phone_text_alignment=&#8221;default&#8221; overlay_strength=&#8221;0.3&#8243; column_border_width=&#8221;none&#8221; column_border_style=&#8221;solid&#8221; bg_image_animation=&#8221;none&#8221;][vc_column_text]A fiatal Vet\u0151 is cage-i\u00e1n szellemben egyb\u0151l \u201esoktant\u00e1rgyas\u201d: a 60-as \u00e9vek v\u00e9g\u00e9t\u0151l mik\u00f6zben fotogr\u00e1fi\u00e1kat k\u00e9sz\u00edtett, filmezett, akci\u00f3kat hajtott v\u00e9gre, zen\u00e9lt is. Intuit\u00edv zenekarai: Travellers Group, Cacao, Kec-Mec, Aprop\u00f3filmfot\u00f3rajzfilmzenekar, Hymnus.<\/p>\n<p>1980 szilveszter\u00e9t\u0151l <span class=\"small\">M\u00e9hes L\u00f3r\u00e1nt Zuzu<\/span> fest\u0151m\u0171v\u00e9sszel Zuzu-Vet\u0151 n\u00e9ven alkot\u00f3t\u00e1rsak. Vet\u0151 fest\u00e9szeti tev\u00e9kenys\u00e9ge ekkor kezd\u0151dik. Kezdetben sz\u00ednes filctollakkal rajzoltak, majd pasztellkr\u00e9t\u00e1val \u00e9s akrillal sz\u00ednes k\u00e9peket festettek. Azzal az avantg\u00e1rd m\u0171v\u00e9szetfelfog\u00e1ssal, miszerint a m\u0171v\u00e9sz a j\u00f6v\u0151 munk\u00e1sa \u00e9s a val\u00f3s\u00e1g form\u00e1l\u00f3ja, \u00e1talak\u00edt\u00f3ja. Mestereiknek Szentj\u00f3by Tam\u00e1st, Baksa So\u00f3s J\u00e1nost \u00e9s Hajas Tibort tekintett\u00e9k. K\u00e9peiken, szobraikon \u00e9s nagym\u00e9ret\u0171, sz\u00ednes install\u00e1ci\u00f3ikban a m\u00e1gikus-szimbolikus anyaghaszn\u00e1lat m\u00e1gikus-szimbolikus jelk\u00e9prendszerr\u00e9 b\u0151v\u00fclt, saj\u00e1t m\u0171v\u00e9szi szimb\u00f3lum- \u00e9s jelk\u00e9pt\u00e1rk\u00e9nt. Az 1981-ben festett <em>Kelet\/Kelet<\/em> c\u00edm\u0171 els\u0151 akril-v\u00e1szon festm\u00e9ny\u00fck a rendszerv\u00e1lt\u00e1st \u00e9vre pontosan megj\u00f3solta. Vet\u0151 J\u00e1nos 1984-es <em>\u00c9g\u0151 k\u0151 \u00e9s dupla z\u00e1szl\u00f3<\/em> akci\u00f3ja Breitenbrunnban <span class=\"small\">Wolfgang Ernst<\/span>tel pedig politikusokat megel\u0151zve bontotta le a vasf\u00fcgg\u00f6nyt. Effekt\u00edve \u00e9s szimbolikusan is. K\u00f6z\u00f6s akci\u00f3jukhoz az osztr\u00e1k-magyar hat\u00e1r dr\u00f3tker\u00edt\u00e9sb\u0151l v\u00e1gtak ki egy kb. 130 cm-es sz\u00f6gesdr\u00f3t darabot.<span class=\"index\">8<\/span>[\/vc_column_text][\/vc_column][vc_column column_padding=&#8221;no-extra-padding&#8221; column_padding_position=&#8221;all&#8221; background_color_opacity=&#8221;1&#8243; background_hover_color_opacity=&#8221;1&#8243; column_link_target=&#8221;_self&#8221; column_shadow=&#8221;none&#8221; column_border_radius=&#8221;none&#8221; el_class=&#8221;box-l20&#8243; width=&#8221;1\/3&#8243; tablet_width_inherit=&#8221;default&#8221; tablet_text_alignment=&#8221;default&#8221; phone_text_alignment=&#8221;default&#8221; overlay_strength=&#8221;0.3&#8243; column_border_width=&#8221;none&#8221; column_border_style=&#8221;solid&#8221; bg_image_animation=&#8221;none&#8221; offset=&#8221;vc_col-sm-offset-0&#8243;][divider line_type=&#8221;Small Line&#8221; line_alignment=&#8221;default&#8221; line_thickness=&#8221;4&#8243; divider_color=&#8221;extra-color-2&#8243; custom_height=&#8221;20&#8243; custom_line_width=&#8221;100&#8243;][vc_column_text]\n<p class=\"footnote-anchor\">8<\/p>\n<p class=\"szcena-2014-lj\">A <em>Grenzzeichen\/Hat\u00e1resetek<\/em> c\u00edm\u0171 szimpozion keret\u00e9ben t\u00f6rt\u00e9nt az akci\u00f3. Az esem\u00e9nyr\u0151l ld. <em>Artpool Letters 11,<\/em> 1985 tavasz, 18, 25. Az akci\u00f3r\u00f3l k\u00e9sz\u00fclt fot\u00f3dokument\u00e1ci\u00f3t ld. Artpool Arch\u00edvum<\/p>\n[\/vc_column_text][\/vc_column][\/vc_row][vc_row type=&#8221;full_width_content&#8221; full_screen_row_position=&#8221;middle&#8221; column_margin=&#8221;default&#8221; scene_position=&#8221;center&#8221; text_color=&#8221;dark&#8221; text_align=&#8221;left&#8221; overlay_strength=&#8221;0.3&#8243; shape_divider_position=&#8221;bottom&#8221; bg_image_animation=&#8221;none&#8221; shape_type=&#8221;&#8221;][vc_column column_padding=&#8221;no-extra-padding&#8221; column_padding_position=&#8221;all&#8221; background_color_opacity=&#8221;1&#8243; background_hover_color_opacity=&#8221;1&#8243; column_link_target=&#8221;_self&#8221; column_shadow=&#8221;none&#8221; column_border_radius=&#8221;none&#8221; el_class=&#8221;p-cont-4-0&#8243; width=&#8221;1\/1&#8243; tablet_width_inherit=&#8221;default&#8221; tablet_text_alignment=&#8221;default&#8221; phone_text_alignment=&#8221;default&#8221; overlay_strength=&#8221;0.3&#8243; column_border_width=&#8221;none&#8221; column_border_style=&#8221;solid&#8221; bg_image_animation=&#8221;none&#8221;][image_with_animation image_url=&#8221;24089&#8243; alignment=&#8221;center&#8221; animation=&#8221;Fade In&#8221; img_link_large=&#8221;yes&#8221; hover_animation=&#8221;none&#8221; border_radius=&#8221;none&#8221; box_shadow=&#8221;none&#8221; image_loading=&#8221;default&#8221; max_width=&#8221;100%&#8221; max_width_mobile=&#8221;default&#8221; el_class=&#8221;full-img&#8221;][vc_column_text]\n<p class=\"kepalir-1r-full\">Vet\u0151 J\u00e1nos NahTe: <em>T\u00e1mad\u00e1s,<\/em> 2008\u20132019, Ferrari print, ragaszt\u00f3szalag, 198\u00d7135 cm \u00e9s 29,7\u00d742 cm \u00a9 Fot\u00f3: Vet\u0151 G\u00e1bor<\/p>\n[\/vc_column_text][\/vc_column][\/vc_row][vc_row type=&#8221;in_container&#8221; full_screen_row_position=&#8221;middle&#8221; column_margin=&#8221;default&#8221; scene_position=&#8221;center&#8221; text_color=&#8221;dark&#8221; text_align=&#8221;left&#8221; class=&#8221;p-4-0&#8243; overlay_strength=&#8221;0.3&#8243; shape_divider_position=&#8221;bottom&#8221; bg_image_animation=&#8221;none&#8221; shape_type=&#8221;&#8221;][vc_column column_padding=&#8221;no-extra-padding&#8221; column_padding_position=&#8221;all&#8221; background_color_opacity=&#8221;1&#8243; background_hover_color_opacity=&#8221;1&#8243; column_link_target=&#8221;_self&#8221; column_shadow=&#8221;none&#8221; column_border_radius=&#8221;none&#8221; width=&#8221;2\/3&#8243; tablet_width_inherit=&#8221;default&#8221; tablet_text_alignment=&#8221;default&#8221; phone_text_alignment=&#8221;default&#8221; overlay_strength=&#8221;0.3&#8243; column_border_width=&#8221;none&#8221; column_border_style=&#8221;solid&#8221; bg_image_animation=&#8221;none&#8221;][vc_column_text]A Zuzu-Vet\u0151 korszak egybeesik Vet\u0151 J\u00e1nos zenei alkot\u00f3i tev\u00e9kenys\u00e9g\u00e9nek egyik legfontosabb korszak\u00e1val, amikor is a Trabant \u00e9s az Eur\u00f3pa Kiad\u00f3 zenekarokkal zen\u00e9lt, dalsz\u00f6veget \u00edrt, koncertezett. Ez a korszak nemcsak \u00faj utakat jelentett a k\u00e9pz\u0151m\u0171v\u00e9szetben \u00e9s a zen\u00e9ben, de az 1980-as \u00e9vek elej\u00e9t\u0151l a szub- majd a t\u00f6megkult\u00far\u00e1t is befoly\u00e1solta.<\/p>\n<p>A 90-es \u00e9vekt\u0151l a szerz\u0151p\u00e1ros csak alkalmilag dolgozik egy\u00fctt. Vet\u0151 D\u00e1ni\u00e1ba k\u00f6lt\u00f6z\u00e9s\u00e9vel \u00faj korszak kezd\u0151d\u00f6tt a m\u0171v\u00e9szet\u00e9ben: a digit\u00e1lis vil\u00e1g\u00e9. Ennek az \u00faj korszaknak az elej\u00e9n k\u00e9sz\u00fclt m\u00e9g anal\u00f3g technik\u00e1val egy fot\u00f3sorozat, amelyet 2018-ban a galeri ffrindiau-ban lehetett l\u00e1tni. A <em>Bubble plastic<\/em> sorozat (1995) visszatekint\u00e9s a kezdetekre, Man Ray \u00e9s Moholy-Nagy \u00f6r\u00f6ks\u00e9g\u00e9re (fotogram), \u00e9s h\u00edd a j\u00f6v\u0151be, eg\u00e9szen a <em>Fluo Zinc-Iron-Print<\/em>-ekig. A <em>Bubble plastic<\/em> sorozat f\u00e9nyk\u00e9pei kamera n\u00e9lk\u00fcl k\u00e9sz\u00fcltek, nagy\u00edt\u00f3val, s\u00f6t\u00e9tkamr\u00e1ban. Apr\u00f3 t\u00e1rgyakat nagy\u00edtott, \u00e9s k\u00e9peket forgatott, t\u00fckr\u00f6z\u00f6tt, prepar\u00e1lt, roncsolt, sz\u00ednezett \u00e9s ragasztott, felhaszn\u00e1lva mindazt a tud\u00e1st, amelyet a s\u00f6t\u00e9tkamr\u00e1ban megszerzett. Az el\u0151h\u00edvott filmeket bubble plastic-ra, pukkancsf\u00f3lia csomagol\u00f3 anyagra r\u00f6gz\u00edtette. A \u201ecsod\u00e1latos semmi\u201d-n, pedig ott csillognak, lebegnek a filmek, \u00e9s rajtuk a m\u0171v\u00e9sz teljes \u201eszimb\u00f3lum t\u00e1bora\u201d.<\/p>\n<p>A <em>Bubble plastik<\/em> sorozat ut\u00e1n t\u00f6bb mint egy \u00e9vtizeddel k\u00e9s\u0151bb k\u00e9sz\u00fcltek a <em>Duo, Trio, Fluo<\/em> sorozat els\u0151 digit\u00e1lis k\u00e9pp\u00e1rjai. A digit\u00e1lis k\u00e9pekb\u0151l cink r\u00e1z\u00f3kever\u00e9kkel, vasal\u00f3val, pasztellkr\u00e9t\u00e1val \u00e9s nyomtat\u00f3val l\u00e9trehozott \u00faj sorozatnak is van szimbolikus-m\u00e1gikus aspektusa. A fluoreszk\u00e1l\u00f3 sz\u00edn\u0171 pap\u00edrlapokra ugyanis r\u00e1z\u00f3kever\u00e9kb\u0151l feh\u00e9r n\u00e9gyzeteket festett, hogy a vasaland\u00f3 nyomatok hely\u00e9t \u201emegalapozza\u201d. A r\u00e1z\u00f3kever\u00e9k cink tartalm\u00fa, feh\u00e9r, gyorsan sz\u00e1rad\u00f3 folyad\u00e9k, amelyet b\u0151rki\u00fct\u00e9sek, cs\u00edp\u00e9sek viszket\u0151 t\u00fcneteire adnak h\u0171s\u00edt\u0151k\u00e9nt. A forr\u00f3 vasal\u00f3val kezelt k\u00e9pek teh\u00e1t egy h\u0171t\u00f6tt alapra ker\u00fcltek. A nagym\u00e9ret\u0171, \u00faj Ferrari printek \u00e9pp ennek az anyaghaszn\u00e1latnak k\u00f6sz\u00f6nhetik k\u00fcl\u00f6n\u00f6s fakt\u00far\u00e1jukat \u00e9s a kism\u00e9ret\u0171 Ferrari printekt\u0151l val\u00f3 elk\u00fcl\u00f6nb\u00f6z\u00e9s\u00fcket. A r\u00e1z\u00f3kever\u00e9k-alap meglehet\u0151sen meg\u00f6reg\u00edtette, antikolta a r\u00e1vasalt f\u00e9nyk\u00e9peket, \u00fagy n\u00e9znek ki, mint a r\u00e9gi, t\u00f6redezett, kisz\u00e1radt olajfestm\u00e9nyek. Ahogy a m\u0171v\u00e9sz elmes\u00e9lte, \u00e9pp e nem t\u00fal \u00fcde hat\u00e1s miatt ny\u00falt a sz\u00ednekhez, \u00e9s pasztellkr\u00e9t\u00e1val a k\u00e9peket kiigaz\u00edtotta. Feldobta a hangulatukat, kit\u0171n\u0151 m\u00e9rt\u00e9kkel adagolva a sz\u00edneket \u00e9s a form\u00e1kat, hasonl\u00f3k\u00e9pp, mint a Zuzu-Vet\u0151 k\u00e9peken. Ezek a sz\u00ednek \u00e9s form\u00e1k megism\u00e9tlik vagy kieg\u00e9sz\u00edtik a k\u00e9pp\u00e1rok sz\u00edneit \u00e9s egyes form\u00e1it, a 198\u00d7135 cm-es nagy\u00edt\u00e1snak k\u00f6sz\u00f6nhet\u0151en pedig \u00e9rz\u00e9ki, fest\u0151i fakt\u00far\u00e1t l\u00e1ttatnak.[\/vc_column_text][\/vc_column][vc_column column_padding=&#8221;no-extra-padding&#8221; column_padding_position=&#8221;all&#8221; background_color_opacity=&#8221;1&#8243; background_hover_color_opacity=&#8221;1&#8243; column_link_target=&#8221;_self&#8221; column_shadow=&#8221;none&#8221; column_border_radius=&#8221;none&#8221; el_class=&#8221;box-l20&#8243; width=&#8221;1\/3&#8243; tablet_width_inherit=&#8221;default&#8221; tablet_text_alignment=&#8221;default&#8221; phone_text_alignment=&#8221;default&#8221; overlay_strength=&#8221;0.3&#8243; column_border_width=&#8221;none&#8221; column_border_style=&#8221;solid&#8221; bg_image_animation=&#8221;none&#8221; offset=&#8221;vc_col-sm-offset-0 vc_hidden-sm vc_hidden-xs&#8221;][\/vc_column][\/vc_row][vc_row type=&#8221;full_width_content&#8221; full_screen_row_position=&#8221;middle&#8221; column_margin=&#8221;default&#8221; scene_position=&#8221;center&#8221; text_color=&#8221;dark&#8221; text_align=&#8221;left&#8221; class=&#8221;full-20l-1000&#8243; overlay_strength=&#8221;0.3&#8243; shape_divider_position=&#8221;bottom&#8221; bg_image_animation=&#8221;none&#8221; shape_type=&#8221;&#8221;][vc_column column_padding=&#8221;no-extra-padding&#8221; column_padding_position=&#8221;all&#8221; background_color_opacity=&#8221;1&#8243; background_hover_color_opacity=&#8221;1&#8243; column_link_target=&#8221;_self&#8221; column_shadow=&#8221;none&#8221; column_border_radius=&#8221;none&#8221; el_class=&#8221;p-cont-4-0&#8243; width=&#8221;1\/1&#8243; tablet_width_inherit=&#8221;default&#8221; tablet_text_alignment=&#8221;default&#8221; phone_text_alignment=&#8221;default&#8221; overlay_strength=&#8221;0.3&#8243; column_border_width=&#8221;none&#8221; column_border_style=&#8221;solid&#8221; bg_image_animation=&#8221;none&#8221;][image_with_animation image_url=&#8221;24088&#8243; alignment=&#8221;center&#8221; animation=&#8221;Fade In&#8221; img_link_large=&#8221;yes&#8221; hover_animation=&#8221;none&#8221; border_radius=&#8221;none&#8221; box_shadow=&#8221;none&#8221; image_loading=&#8221;default&#8221; max_width=&#8221;100%&#8221; max_width_mobile=&#8221;default&#8221; el_class=&#8221;full-img&#8221;][vc_column_text]\n<p class=\"kepalir-0-20-r-1000\">Vet\u0151 J\u00e1nos NahTe: <em>Nulla kil\u00f3m\u00e9terk\u0151,<\/em> 2008\u20132019, Ferrari print, ragaszt\u00f3szalag, 198\u00d7135 cm \u00e9s 29,7\u00d742 cm \u00a9 Fot\u00f3: Vet\u0151 G\u00e1bor<\/p>\n[\/vc_column_text][\/vc_column][\/vc_row][vc_row type=&#8221;in_container&#8221; full_screen_row_position=&#8221;middle&#8221; column_margin=&#8221;default&#8221; scene_position=&#8221;center&#8221; text_color=&#8221;dark&#8221; text_align=&#8221;left&#8221; class=&#8221;p-4-0&#8243; overlay_strength=&#8221;0.3&#8243; shape_divider_position=&#8221;bottom&#8221; bg_image_animation=&#8221;none&#8221; shape_type=&#8221;&#8221;][vc_column column_padding=&#8221;no-extra-padding&#8221; column_padding_position=&#8221;all&#8221; background_color_opacity=&#8221;1&#8243; background_hover_color_opacity=&#8221;1&#8243; column_link_target=&#8221;_self&#8221; column_shadow=&#8221;none&#8221; column_border_radius=&#8221;none&#8221; width=&#8221;2\/3&#8243; tablet_width_inherit=&#8221;default&#8221; tablet_text_alignment=&#8221;default&#8221; phone_text_alignment=&#8221;default&#8221; overlay_strength=&#8221;0.3&#8243; column_border_width=&#8221;none&#8221; column_border_style=&#8221;solid&#8221; bg_image_animation=&#8221;none&#8221;][vc_column_text]A k\u00e9pp\u00e1rok digit\u00e1lis f\u00e9nyk\u00e9pei a m\u0171v\u00e9sz \u00e9letter\u00e9ben, lak\u00f3helyein k\u00e9sz\u00fcltek. A panor\u00e1ma k\u00e9pekt\u0151l a makroportr\u00e9kig. Az \u00f6sszef\u00fcgg\u00e9sek csom\u00f3pontjait \u00e9s a soros kapcsolatokat a c\u00edmek \u00e9s a m\u0171v\u00e9sz szavai vil\u00e1g\u00edtj\u00e1k meg: \u201eK\u00e9k \u00fcveggoly\u00f3 \u00e9s k\u00e9k mad\u00e1r, h\u00edd, csal\u00e1d, gyerekek, tenger, Koppenh\u00e1ga-Haverdal, pezsg\u0151dug\u00f3t takar\u00f3 alum\u00ednium f\u00f3lia, Malm\u00f6-Sz\u00e1nt\u00f3d. Itt vagy ott, \u00edgy vagy \u00fagy, kiskan\u00e1l, j\u00e1t\u00e9kpuska, plasztik csontv\u00e1z, s\u00f3s cukorka, k\u00e1belvir\u00e1g, foly\u00f3szobor. Kamera, Photoshop, nyomtat\u00f3, fluopap\u00edr, cink r\u00e1z\u00f3kever\u00e9k, vasal\u00f3, pasztellkr\u00e9ta. Fotogr\u00e1fia, fest\u00e9szet, alk\u00edmia, public art, szobagraffiti. Iron-, Fluo- Ferrari print.\u201d<\/p>\n<p>\u201eIntim exhibicionizmus\u201d,<span class=\"index\">9<\/span> ahogyan a 1970-es \u00e9vek beli fot\u00f3i. A r\u00e1z\u00f3kever\u00e9k nemcsak a rovarcs\u00edp\u00e9st h\u0171s\u00edti, hanem \u201efelt\u0171n\u00e9si viszketegs\u00e9gre\u201d<span class=\"index\">10<\/span> is j\u00f3. A <em>K\u00e9t kil\u00e1t\u00e1s<\/em> c\u00edm\u0171 m\u0171v\u00f6n p\u00e9ld\u00e1ul a bal oldali k\u00e9p a malm\u00f6i lak\u00e1sb\u00f3l, a jobb oldali k\u00e9p a haverdali nyaral\u00f3b\u00f3l ny\u00edl\u00f3 kil\u00e1t\u00e1st mutatja. A pasztellrajz h\u00e1ztet\u0151formak\u00e9nt pedig a k\u00e9t \u00e9letteret \u00f6sszek\u00f6ti, egyes\u00edti. A <em>Nulla kil\u00f3m\u00e9terk\u0151<\/em> c\u00edm\u0171n a koppenh\u00e1gai szob\u00e1j\u00e1nak a fal\u00e1n l\u00e9v\u0151 gumiszalag k\u00e9pe a sz\u00e1nt\u00f3di h\u00e1z kertj\u00e9r\u0151l k\u00e9sz\u00fclt fot\u00f3val \u00e1ll p\u00e1rban. A c\u00edm \u00e9s a gumiszalag form\u00e1ja, tov\u00e1bb\u00e1 a pasztellrajz jelzik, mindk\u00e9t helysz\u00edn \u201enulla\u201d, maga a kezdet.<\/p>\n<p>A <em>Godzilla<\/em> c\u00edm\u0171n Koppenh\u00e1ga \u00e9s Sz\u00e1nt\u00f3d hasonl\u00f3, \u201evonalas, r\u00e1csos\u201d k\u00e9peit, egy hidat \u00e9s egy ker\u00edt\u00e9st a mindk\u00e9t k\u00e9pen megjelen\u0151 hasonl\u00f3 mot\u00edvum, egy pezsg\u0151sdug\u00f3t bor\u00edt\u00f3 aluf\u00f3li\u00e1b\u00f3l hajtogatott \u00e1llatforma k\u00f6ti \u00f6ssze. A pasztellrajz vonalai a h\u00edd \u00e9s a ker\u00edt\u00e9s vonalait folytatj\u00e1k \u00e9s a v\u00e9gtelenbe tartva hosszabb\u00edtj\u00e1k meg. A <em>Lakrids X<\/em> c\u00edm\u0171n a k\u00e9t hasonl\u00f3 t\u00e9m\u00e1j\u00fa k\u00e9pet, a Sv\u00e9dorsz\u00e1gban f\u00e9nyk\u00e9pezett k\u00e9t v\u00edzpartot a kompoz\u00edci\u00f3 k\u00f6zep\u00e9re helyezett sv\u00e9d s\u00f3s cukork\u00e1k v\u00e1lasztj\u00e1k el. A k\u00e9t v\u00edz k\u00f6z\u00f6tt nagy a k\u00fcl\u00f6nbs\u00e9g: a jobb oldalon sebes, zajl\u00f3 foly\u00f3v\u00edz, a baloldalon nyugodt v\u00edzt\u00fck\u00f6r. A \u201eg\u00e1t\u201d, a v\u00e1laszt\u00f3vonal a k\u00fcl\u00f6nb\u00f6z\u0151 sz\u00edn\u0171 \u00e9s form\u00e1j\u00fa medvecukrokb\u00f3l \u00e1ll\u00f3 kompoz\u00edci\u00f3, amely kedves totemre eml\u00e9keztet. A pasztellrajz a form\u00e1kat elmos\u00f3dottan, jelz\u00e9sszer\u0171en ism\u00e9teli meg.<\/p>\n<p>A <em>K\u00e9k goly\u00f3, k\u00e9k mad\u00e1r<\/em> c\u00edm\u0171 k\u00e9pp\u00e1r is Koppenh\u00e1g\u00e1ban \u00e9s Malm\u00f6ben k\u00e9sz\u00fclt. A bal oldali, koppenh\u00e1gai k\u00e9pen a m\u0171v\u00e9sz kez\u00e9ben egy k\u00e9k \u00fcveggoly\u00f3t tart, a jobb oldalin a malm\u0151i lak\u00e1s Rita nev\u0171 k\u00e9k hull\u00e1mos papag\u00e1ja lathat\u00f3. A c\u00edm \u00e9s a k\u00e9peken domin\u00e1ns azonos \u00e1rnyalat\u00fa k\u00e9k sz\u00edn, s\u0151t, az \u00fcveggoly\u00f3 \u00e9s a k\u00e9k mad\u00e1r szimbolikus jelent\u00e9se (mindkett\u0151 a v\u00e1gy jelk\u00e9pe) a k\u00e9t k\u00e9p azonoss\u00e1g\u00e1ra utal. De az azonoss\u00e1gokban megjelenik a k\u00fcl\u00f6nbs\u00e9g is. Am\u00edg az \u00fcveggoly\u00f3 t\u00e1vols\u00e1g, az ismeretlen ut\u00e1ni v\u00e1gy, addig a k\u00e9k mad\u00e1r a meg\u00e1lmodott boldogs\u00e1g. A pasztellrajz a malm\u00f6i fot\u00f3 felett a goly\u00f3 \u00e9s a mad\u00e1r form\u00e1j\u00e1t ism\u00e9tli, a nagy\u00edt\u00e1snak k\u00f6sz\u00f6nhet\u0151en azonban a mad\u00e1r post\u00e1ssapk\u00e1val a fej\u00e9n antropomorf.<\/p>\n<p>A form\u00e1k metamorf\u00f3zisa a <em>Rug\u00f3 \u00e9s telihold<\/em> \u00e9s a <em>Telihold k\u00e9t piros foganty\u00faval<\/em> c\u00edm\u0171 k\u00e9pp\u00e1rokban a legszembet\u0171n\u0151bb. A jobb oldali k\u00e9p mindk\u00e9t esetben a malm\u00f6i teliholdr\u00f3l k\u00e9sz\u00fclt f\u00e9nyk\u00e9pek egyike. A <em>Rug\u00f3 \u00e9s telihold<\/em> eset\u00e9ben a telihold p\u00e1rja, \u00e9s egyben formai ellent\u00e9te egy rug\u00f3 k\u00e9pe, a <em>Telihold k\u00e9t piros foganty\u00faval<\/em> c\u00edm\u0171 k\u00e9p eset\u00e9ben pedig a hold p\u00e1rja k\u00e9t koppenh\u00e1gai piros szekr\u00e9nyfoganty\u00fa. Mindk\u00e9t k\u00e9pen a pasztellrajz a f\u00e9nyk\u00e9peken l\u00e1that\u00f3 form\u00e1kat ism\u00e9teli \u00e9s ellen pontozza, mindk\u00e9t esetben a metamorf\u00f3zis dinamik\u00e1j\u00e1t hangs\u00falyozva. A val\u00f3s\u00e1g m\u0171v\u00e9szi \u00e1talak\u00edt\u00e1sa \u00e9s term\u00e9szetes, kif\u00fcrk\u00e9szhetetlen \u00e1talakul\u00e1sa elv\u00e1laszthatatlanul \u00f6sszef\u00fcgg: a <em>Rug\u00f3 \u00e9s telihold<\/em> k\u00e9pen a telihold mellet a k\u00e9p sz\u00e9l\u00e9n l\u00e1tsz\u00f3d\u00f3 fekete lombkorona \u00e9s a fekete rug\u00f3 egy v\u00e1gtat\u00f3 lovas form\u00e1j\u00e1v\u00e1 olvad \u00f6ssze. A <em>Telihold k\u00e9t piros foganty\u00faval<\/em> c\u00edm\u0171n, ahol a hold alatt az \u00e9gen egy kondenzcs\u00edk is h\u00faz\u00f3dik, a r\u00e1z\u00f3kever\u00e9knek k\u00f6sz\u00f6nhet\u0151en az eget felh\u0151k bor\u00edtj\u00e1k, a k\u00e9t piros szekr\u00e9nyfoganty\u00fa pedig az \u00e1rny\u00e9knak k\u00f6sz\u00f6nhet\u0151en is, mozog, halad, mint k\u00e9pp\u00e1rj\u00e1n, az \u00e9gen minden: rep\u00fcl\u0151, felh\u0151 \u00e9s hold.[\/vc_column_text][\/vc_column][vc_column column_padding=&#8221;no-extra-padding&#8221; column_padding_position=&#8221;all&#8221; background_color_opacity=&#8221;1&#8243; background_hover_color_opacity=&#8221;1&#8243; column_link_target=&#8221;_self&#8221; column_shadow=&#8221;none&#8221; column_border_radius=&#8221;none&#8221; el_class=&#8221;box-l20&#8243; width=&#8221;1\/3&#8243; tablet_width_inherit=&#8221;default&#8221; tablet_text_alignment=&#8221;default&#8221; phone_text_alignment=&#8221;default&#8221; overlay_strength=&#8221;0.3&#8243; column_border_width=&#8221;none&#8221; column_border_style=&#8221;solid&#8221; bg_image_animation=&#8221;none&#8221; offset=&#8221;vc_col-sm-offset-0&#8243;][divider line_type=&#8221;Small Line&#8221; line_alignment=&#8221;default&#8221; line_thickness=&#8221;4&#8243; divider_color=&#8221;extra-color-2&#8243; custom_height=&#8221;20&#8243; custom_line_width=&#8221;100&#8243;][vc_column_text]\n<p class=\"footnote-anchor\">9<\/p>\n<p class=\"szcena-2014-lj\">Err\u0151l a hagyom\u00e1nyr\u00f3l ld. <span class=\"small\">Beke L\u00e1szl\u00f3: Intim exhibicionizmus. In: <em>Fot\u00f3m\u0171v\u00e9szet,<\/em> 1975\/4. 54-55.<\/span><\/p>\n<p class=\"footnote-anchor\">10<\/p>\n<p class=\"szcena-2014-lj\">\u201eIntim felt\u0171n\u00e9si viszketegs\u00e9g\u201d \u2013 Vet\u0151 J\u00e1nos defin\u00edci\u00f3ja a \u201eSzobagraffitik\u201d-re. Farkas Laura: \u201eEnnek itt m\u00e9g nincs v\u00e9ge, ez egy k\u00f6ztes \u00e1llapot\u201d. <em>Papageno<\/em> online <a href=\"https:\/\/papageno.hu\/featured\/2020\/02\/veto-janos-ennek-itt-meg-nincs-vege-ez-egy-koztes-allapot\/\" target=\"_blank\" rel=\"noopener noreferrer\">https:\/\/papageno.hu\/featured\/2020\/02\/veto-janos-ennek-itt-meg-nincs-vege-ez-egy-koztes-allapot\/<\/a><\/p>\n[\/vc_column_text][\/vc_column][\/vc_row][vc_row type=&#8221;full_width_content&#8221; full_screen_row_position=&#8221;middle&#8221; column_margin=&#8221;default&#8221; scene_position=&#8221;center&#8221; text_color=&#8221;dark&#8221; text_align=&#8221;left&#8221; class=&#8221;full-20l-1000&#8243; overlay_strength=&#8221;0.3&#8243; shape_divider_position=&#8221;bottom&#8221; bg_image_animation=&#8221;none&#8221; shape_type=&#8221;&#8221;][vc_column column_padding=&#8221;no-extra-padding&#8221; column_padding_position=&#8221;all&#8221; background_color_opacity=&#8221;1&#8243; background_hover_color_opacity=&#8221;1&#8243; column_link_target=&#8221;_self&#8221; column_shadow=&#8221;none&#8221; column_border_radius=&#8221;none&#8221; el_class=&#8221;p-cont-4-0&#8243; width=&#8221;1\/1&#8243; tablet_width_inherit=&#8221;default&#8221; tablet_text_alignment=&#8221;default&#8221; phone_text_alignment=&#8221;default&#8221; overlay_strength=&#8221;0.3&#8243; column_border_width=&#8221;none&#8221; column_border_style=&#8221;solid&#8221; bg_image_animation=&#8221;none&#8221;][image_with_animation image_url=&#8221;24078&#8243; alignment=&#8221;center&#8221; animation=&#8221;Fade In&#8221; img_link_large=&#8221;yes&#8221; hover_animation=&#8221;none&#8221; border_radius=&#8221;none&#8221; box_shadow=&#8221;none&#8221; image_loading=&#8221;default&#8221; max_width=&#8221;100%&#8221; max_width_mobile=&#8221;default&#8221; el_class=&#8221;full-img&#8221;][vc_column_text]\n<p class=\"kepalir-0-20-r-1000\">Vet\u0151 J\u00e1nos NahTe: <em>Artists,<\/em> 2008-2019, Ferrari print, ragaszt\u00f3szalag, 29,7\u00d742 cm \u00e9s 198\u00d7135 cm \u00a9 Fot\u00f3: Vet\u0151 G\u00e1bor<\/p>\n[\/vc_column_text][\/vc_column][\/vc_row][vc_row type=&#8221;full_width_content&#8221; full_screen_row_position=&#8221;middle&#8221; column_margin=&#8221;default&#8221; scene_position=&#8221;center&#8221; text_color=&#8221;dark&#8221; text_align=&#8221;left&#8221; class=&#8221;full-5-20&#8243; overlay_strength=&#8221;0.3&#8243; shape_divider_position=&#8221;bottom&#8221; bg_image_animation=&#8221;none&#8221; shape_type=&#8221;&#8221;][vc_column column_padding=&#8221;no-extra-padding&#8221; column_padding_position=&#8221;all&#8221; background_color_opacity=&#8221;1&#8243; background_hover_color_opacity=&#8221;1&#8243; column_link_target=&#8221;_self&#8221; column_shadow=&#8221;none&#8221; column_border_radius=&#8221;none&#8221; el_class=&#8221;p-cont-4-0&#8243; width=&#8221;1\/1&#8243; tablet_width_inherit=&#8221;default&#8221; tablet_text_alignment=&#8221;default&#8221; phone_text_alignment=&#8221;default&#8221; overlay_strength=&#8221;0.3&#8243; column_border_width=&#8221;none&#8221; column_border_style=&#8221;solid&#8221; bg_image_animation=&#8221;none&#8221;][image_with_animation image_url=&#8221;24079&#8243; alignment=&#8221;center&#8221; animation=&#8221;Fade In&#8221; img_link_large=&#8221;yes&#8221; hover_animation=&#8221;none&#8221; border_radius=&#8221;none&#8221; box_shadow=&#8221;none&#8221; image_loading=&#8221;default&#8221; max_width=&#8221;100%&#8221; max_width_mobile=&#8221;default&#8221; el_class=&#8221;full-img&#8221;][\/vc_column][\/vc_row][vc_row type=&#8221;in_container&#8221; full_screen_row_position=&#8221;middle&#8221; column_margin=&#8221;default&#8221; scene_position=&#8221;center&#8221; text_color=&#8221;dark&#8221; text_align=&#8221;left&#8221; class=&#8221;p-4-0&#8243; overlay_strength=&#8221;0.3&#8243; shape_divider_position=&#8221;bottom&#8221; bg_image_animation=&#8221;none&#8221; shape_type=&#8221;&#8221;][vc_column column_padding=&#8221;no-extra-padding&#8221; column_padding_position=&#8221;all&#8221; background_color_opacity=&#8221;1&#8243; background_hover_color_opacity=&#8221;1&#8243; column_link_target=&#8221;_self&#8221; column_shadow=&#8221;none&#8221; column_border_radius=&#8221;none&#8221; width=&#8221;2\/3&#8243; tablet_width_inherit=&#8221;default&#8221; tablet_text_alignment=&#8221;default&#8221; phone_text_alignment=&#8221;default&#8221; overlay_strength=&#8221;0.3&#8243; column_border_width=&#8221;none&#8221; column_border_style=&#8221;solid&#8221; bg_image_animation=&#8221;none&#8221;][vc_column_text]A <em>H\u00e1bor\u00fa \u00e9s b\u00e9ke<\/em> helysz\u00edne Malm\u00f6. A Turning Torso m\u00f6g\u00f6tt \u00e9p\u00fcletbont\u00e1s miatt l\u00e1that\u00f3v\u00e1 v\u00e1l\u00f3 ipari \u00e9p\u00fcletet, hat\u00e1g\u00fa csillaggal a tetej\u00e9n, a m\u0171v\u00e9sz boltba menet f\u00e9nyk\u00e9pezte le. Am\u00edg v\u00e1s\u00e1rolt, az ipari \u00e9p\u00fcletet felrobbantott\u00e1k. A \u2018volt-nincs\u2019 k\u00e9pp\u00e1rt kieg\u00e9sz\u00edt\u0151 sz\u00ednes pasztellrajz fel\u00fcl felh\u0151re, alul fekv\u0151, \u00f6sszet\u00f6rt emberi alakra eml\u00e9keztet.<\/p>\n<p>A <em>K\u00e9t t\u00e9li ker\u00e9kp\u00e1r<\/em> helysz\u00edne Koppenh\u00e1ga, mindk\u00e9t k\u00e9pen a Fotografisk Center bej\u00e1rata l\u00e1that\u00f3, a behavazott utc\u00e1ra n\u00e9zve, az egyik k\u00e9p egy l\u00e9p\u00e9ssel k\u00f6zelebb k\u00e9sz\u00fclt. Ezen a k\u00e9pp\u00e1ron a r\u00e1z\u00f3kever\u00e9k \u00e9s a vasal\u00e1s nagy, foltszer\u0171 k\u00e9pz\u0151dm\u00e9nyeket eredm\u00e9nyezett, mint egy Rorschach teszt, a v\u00e9kony, feh\u00e9r pasztellvonalak pedig ezekre r\u00edmelnek, ezeket ellens\u00falyozz\u00e1k \u00e9s sz\u00e9p\u00edtik meg.<\/p>\n<p>A cink r\u00e1z\u00f3kever\u00e9k eredeti funkci\u00f3ja, a viszket\u00e9s elleni h\u0171s\u00edt\u00e9s, a <em>T\u00e1mad\u00e1s<\/em> c\u00edm\u0171 k\u00e9pen kap szerepet, ahol a baloldali k\u00e9pen egy sz\u00e1nt\u00f3di k\u0151fel\u00fclet l\u00e1that\u00f3 k\u00f6zelr\u0151l, az apr\u00f3 lyukak, red\u0151k, mint az emberi b\u0151r, a jobb oldali k\u00e9pen pedig egy hatalmas sz\u00e1nt\u00f3di sz\u00fanyog. Itt a pasztell kompoz\u00edci\u00f3 szabadk\u00e9zi vonalakb\u00f3l, foltokb\u00f3l \u00e9s bubble plastic lenyomataib\u00f3l \u00e1ll, \u00e9s olyan spont\u00e1n \u00e9s lend\u00fcletes, mint a vakar\u00f3dz\u00e1s.<\/p>\n<p>A sorozaton bel\u00fcl van k\u00e9t k\u00e9pp\u00e1r, amelyek public art m\u0171v\u00e9szek \u00e1ltal k\u00e9sz\u00edtett m\u0171alkot\u00e1sokat mutatnak. Vet\u0151 komputeren k\u00e9sz\u00edtett k\u00e9pei ebb\u0151l a szempontb\u00f3l \u201eszobagraffitik\u201d, a tal\u00e1lt t\u00e9m\u00e1k \u00e9s k\u00e9pek pedig olyanok, mint \u201ea bogarak a bog\u00e1rgy\u0171jtem\u00e9nyben\u201d.<span class=\"index\">11<\/span> Mindk\u00e9t k\u00e9pp\u00e1r Malm\u00f6ben k\u00e9sz\u00fclt. A <em>Public Art<\/em> c\u00edm\u0171 k\u00e9pp\u00e1ron egy v\u00edzen \u00fasz\u00f3, f\u00e9lig els\u00fcllyedt h\u00e1z l\u00e1that\u00f3, k\u00e9t k\u00fcl\u00f6nb\u00f6z\u0151 \u00e1llapotban (kev\u00e9sb\u00e9 \u00e9s jobban els\u00fcllyedve). A h\u00e1z egy szobor, amelyet 2011-ben k\u00e9t fiatal \u00e9p\u00edt\u00e9sz k\u00e9sz\u00edtett \u00e9s m\u0171v\u00e9szeti akci\u00f3k\u00e9nt helyezett a malm\u00f6i kan\u00e1lisba.<span class=\"index\">12<\/span> A k\u00e9pp\u00e1rt kieg\u00e9sz\u00edt\u0151 pasztellrajz fel\u00fcl egy feh\u00e9r h\u00e1romsz\u00f6g\u0171 form\u00e1val \u00f6sszek\u00f6ti, szorosabbra f\u0171zi a k\u00e9t k\u00e9pet, lent, a jobb oldalon a feh\u00e9r t\u00e9glalap pedig az elmozdul\u00e1s, a s\u00fcllyed\u00e9s \u00e9rzet\u00e9t er\u0151s\u00edti.[\/vc_column_text][\/vc_column][vc_column column_padding=&#8221;no-extra-padding&#8221; column_padding_position=&#8221;all&#8221; background_color_opacity=&#8221;1&#8243; background_hover_color_opacity=&#8221;1&#8243; column_link_target=&#8221;_self&#8221; column_shadow=&#8221;none&#8221; column_border_radius=&#8221;none&#8221; el_class=&#8221;box-l20&#8243; width=&#8221;1\/3&#8243; tablet_width_inherit=&#8221;default&#8221; tablet_text_alignment=&#8221;default&#8221; phone_text_alignment=&#8221;default&#8221; overlay_strength=&#8221;0.3&#8243; column_border_width=&#8221;none&#8221; column_border_style=&#8221;solid&#8221; bg_image_animation=&#8221;none&#8221; offset=&#8221;vc_col-sm-offset-0&#8243;][divider line_type=&#8221;Small Line&#8221; line_alignment=&#8221;default&#8221; line_thickness=&#8221;4&#8243; divider_color=&#8221;extra-color-2&#8243; custom_height=&#8221;20&#8243; custom_line_width=&#8221;100&#8243;][vc_column_text]\n<p class=\"footnote-anchor\">11<\/p>\n<p class=\"szcena-2014-lj\">Vet\u0151 J\u00e1nos NahTe: <em>K\u00f6zt\u00e9ri m\u0171v\u00e9szet: Szobafirk\u00e1k \u00e9s a Csod\u00e1latos semmi.<\/em> Verz\u00f3 Online Gal\u00e9ria. <a href=\"https:\/\/www.youtube.com\/watch?v=EXWlqpMik7I\" target=\"_blank\" rel=\"noopener noreferrer\">https:\/\/www.youtube.com\/watch?v=EXWlqpMik7I<\/a><\/p>\n<p class=\"footnote-anchor\">12<\/p>\n<p class=\"szcena-2014-lj\"><span class=\"small\">Tea M\u00e4kip\u00e4\u00e4<\/span> finn \u00e9s <span class=\"small\">Halld\u00f3r \u00dalfarsson<\/span> izlandi \u00e9p\u00edt\u00e9szek munk\u00e1ja a kan\u00e1lison \u00fasz\u00f3 h\u00e1z, <em>Atlantis<\/em> c\u00edmmel. <span class=\"small\">Anders Bengtsson<\/span> szerint az \u00fasz\u00f3, s\u00fcllyed\u0151 h\u00e1z memento mori szobor, amely a modern \u00e9let, \u00e9s az \u00e9let\u00fcnket k\u00f6r\u00fclvev\u0151 infrastrukt\u00fara t\u00f6r\u00e9kenys\u00e9g\u00e9re eml\u00e9keztet. <a href=\"https:\/\/www.flickr.com\/photos\/barracuda666\/6056289804\/\" target=\"_blank\" rel=\"noopener noreferrer\">https:\/\/www.flickr.com\/photos\/ barracuda666\/6056289804\/<\/a><\/p>\n[\/vc_column_text][\/vc_column][\/vc_row][vc_row type=&#8221;full_width_content&#8221; full_screen_row_position=&#8221;middle&#8221; column_margin=&#8221;default&#8221; scene_position=&#8221;center&#8221; text_color=&#8221;dark&#8221; text_align=&#8221;left&#8221; overlay_strength=&#8221;0.3&#8243; shape_divider_position=&#8221;bottom&#8221; bg_image_animation=&#8221;none&#8221; shape_type=&#8221;&#8221;][vc_column column_padding=&#8221;no-extra-padding&#8221; column_padding_position=&#8221;all&#8221; background_color_opacity=&#8221;1&#8243; background_hover_color_opacity=&#8221;1&#8243; column_link_target=&#8221;_self&#8221; column_shadow=&#8221;none&#8221; column_border_radius=&#8221;none&#8221; el_class=&#8221;p-cont-4-0&#8243; width=&#8221;1\/1&#8243; tablet_width_inherit=&#8221;default&#8221; tablet_text_alignment=&#8221;default&#8221; phone_text_alignment=&#8221;default&#8221; overlay_strength=&#8221;0.3&#8243; column_border_width=&#8221;none&#8221; column_border_style=&#8221;solid&#8221; bg_image_animation=&#8221;none&#8221;][image_with_animation image_url=&#8221;24081&#8243; alignment=&#8221;center&#8221; animation=&#8221;Fade In&#8221; img_link_large=&#8221;yes&#8221; hover_animation=&#8221;none&#8221; border_radius=&#8221;none&#8221; box_shadow=&#8221;none&#8221; image_loading=&#8221;default&#8221; max_width=&#8221;100%&#8221; max_width_mobile=&#8221;default&#8221; el_class=&#8221;full-img&#8221;][vc_column_text]\n<p class=\"kepalir-1r-full\">Vet\u0151 J\u00e1nos NahTe: <em>B.M.V. Ker\u00e9k,<\/em> 2008-2019, Ferrari print, ragaszt\u00f3szalag, 198\u00d7135 cm \u00e9s 29,7\u00d742 cm \u00a9 Fot\u00f3: Vet\u0151 G\u00e1bor<\/p>\n[\/vc_column_text][\/vc_column][\/vc_row][vc_row type=&#8221;in_container&#8221; full_screen_row_position=&#8221;middle&#8221; column_margin=&#8221;default&#8221; scene_position=&#8221;center&#8221; text_color=&#8221;dark&#8221; text_align=&#8221;left&#8221; class=&#8221;p-4-0&#8243; overlay_strength=&#8221;0.3&#8243; shape_divider_position=&#8221;bottom&#8221; bg_image_animation=&#8221;none&#8221; shape_type=&#8221;&#8221;][vc_column column_padding=&#8221;no-extra-padding&#8221; column_padding_position=&#8221;all&#8221; background_color_opacity=&#8221;1&#8243; background_hover_color_opacity=&#8221;1&#8243; column_link_target=&#8221;_self&#8221; column_shadow=&#8221;none&#8221; column_border_radius=&#8221;none&#8221; width=&#8221;2\/3&#8243; tablet_width_inherit=&#8221;default&#8221; tablet_text_alignment=&#8221;default&#8221; phone_text_alignment=&#8221;default&#8221; overlay_strength=&#8221;0.3&#8243; column_border_width=&#8221;none&#8221; column_border_style=&#8221;solid&#8221; bg_image_animation=&#8221;none&#8221;][vc_column_text]A m\u00e1sik k\u00e9pp\u00e1ron, az <em>Ipari kert\u00e9szet<\/em> c\u00edm\u0171n a malm\u00f6i strand eldugott bokrai, a baloldalon t\u00e1volr\u00f3l, a jobb oldalon k\u00f6zelr\u0151l. A k\u00f6zeli k\u00e9pen l\u00e1that\u00f3 a l\u00e9nyeg, egy ismeretlen m\u0171v\u00e9sz beavatkoz\u00e1sa, aki a bokrok k\u00f6zt a f\u00f6ldb\u0151l kib\u00fav\u00f3 ipari k\u00e1belb\u0151l v\u00e9kony s\u00e1rga vir\u00e1gokat hajtogatott. A f\u00e1k, vir\u00e1gok m\u0171v\u00e9szeti felhaszn\u00e1l\u00e1sa r\u00e9gi \u00e9s nagy hagyom\u00e1ny, az \u00f6tletek \u00e9s megold\u00e1sok r\u00e9g\u00f3ta \u00e1tl\u00e9pt\u00e9k a m\u0171v\u00e9szet hat\u00e1rait \u00e9s a dekor\u00e1ci\u00f3 \u00e9s a rekl\u00e1mipar k\u00f6zkincsei. 2011 tel\u00e9n Malm\u00f6 belv\u00e1ros\u00e1ban is egy kopasz fa \u00e1gait sz\u00ednes aj\u00e1nd\u00e9kcsomagok d\u00edsz\u00edtett\u00e9k. Vet\u0151 J\u00e1nos bicikliz\u00e9s k\u00f6zben tal\u00e1lt r\u00e1 a k\u00e1belvir\u00e1gokra, amelyek szer\u00e9nyen, alig \u00e9szrevehet\u0151en belesimulnak a perif\u00e9ri\u00e1ra es\u0151, jellegtelen k\u00f6rnyezetbe. A f\u00e9nyk\u00e9pek appropri\u00e1lj\u00e1k az ismeretlen m\u0171v\u00e9sz m\u0171v\u00e9t, hogy r\u00e1mutassanak az invenci\u00f3 eredetis\u00e9g\u00e9re, erre a \u201evesz\u00e9lyesen sz\u00e9p\u201d k\u00f6lt\u00e9szetre. A s\u00e1rga vir\u00e1gokat a k\u00e9pp\u00e1r felett a s\u00e1rga alapon piros pasztellkr\u00e9t\u00e1val rajzolt vir\u00e1gok tov\u00e1bb nagy\u00edtj\u00e1k, hangs\u00falyozz\u00e1k, m\u00edg lent bubble plastic lenyomat, a \u201er\u00e9gi leveg\u0151\u201d nyomai keretezik. A digit\u00e1lis f\u00e9nyk\u00e9pen a \u201evir\u00e1gz\u00f3 k\u00e1belbokor\u201d m\u00f6g\u00f6tt a f\u00f6ld\u00f6n feh\u00e9r t\u00e9glalap alak\u00fa szem\u00e9t (kartonlap, furn\u00e9rlemez?) l\u00e1that\u00f3. Fent, a piros, rajzolt vir\u00e1gok k\u00f6z\u00f6tt festett feh\u00e9r t\u00e9glalapok, n\u00e9gyzetek ism\u00e9tl\u0151dnek. A feh\u00e9r t\u00e9glalapok \u00e9s n\u00e9gyzetek Malevicsre is utalnak, val\u00f3s\u00e1g \u00e9s k\u00f6lt\u00e9szet \u00f6sszef\u00fcgg\u00e9seit jelzik, \u00e9s a k\u00e9t k\u00f6zt\u00e9ri m\u0171v\u00e9szetet mutat\u00f3 k\u00e9pp\u00e1rt (<em>Ipari kert\u00e9szetet<\/em> \u00e9s <em>Public Art<\/em>) \u00f6sszek\u00f6tik.<\/p>\n<p>Az <em>Artist<\/em> \u00e9s az <em>Artists 2.<\/em> k\u00e9pp\u00e1rjai azonosak, de alapsz\u00edn\u00fck (s\u00e1rga \u00e9s pink) \u00e9s pasztellsz\u00ednez\u00e9s\u00fck elt\u00e9r\u0151. A pasztellrajzok megism\u00e9tlik a k\u00e9pp\u00e1rok baloldali k\u00e9p\u00e9t, ahol egy n\u00e9gyzetes vir\u00e1gkompoz\u00edci\u00f3 l\u00e1that\u00f3, amelyet a m\u0171v\u00e9sz egyik bar\u00e1tj\u00e1nak kilenc \u00e9ves kisl\u00e1nya, Vincze Szonja k\u00e9sz\u00edtett Sz\u00e1nt\u00f3don. A kompoz\u00edci\u00f3 nagyr\u00e9szt z\u00f6ld f\u0171vekb\u0151l, levelekb\u0151l \u00e1ll, feh\u00e9r \u00e9s lila vir\u00e1gokkal, kifinomult m\u00e9rt\u00e9kkel, k\u00f6nnyed\u00e9n kompon\u00e1lva. A leg\u00e9lettelibb ikebana, egy sz\u00e9p kertb\u0151l egy gyept\u00e9gl\u00e1nyi r\u00e9szlet. P\u00e1rja a jobb oldalon egy Sz\u00e1nt\u00f3d \u00e9s Zam\u00e1rdi k\u00f6z\u00f6tt tal\u00e1lt, cirkuszi b\u00e1dog hirdet\u0151t\u00e1bla r\u00e9szlete, egy r\u00e9gi hangulat\u00fa karikat\u00fara tollkoron\u00e1s szexis \u00e1llatidom\u00e1rn\u0151vel \u00e9s pitiz\u0151 oroszl\u00e1nnal. Az s\u00e1rga verzi\u00f3n a pasztellrajz a tollkoron\u00e1t folytatja.<\/p>\n<p>A <em>B.M.V. Ker\u00e9k<\/em> \u00e9s a <em>B.M.V. Ker\u00e9k 2.<\/em> k\u00e9pp\u00e1rjai csak majdnem azonosak. Mindkett\u0151n a m\u0171v\u00e9sz m\u0171v\u00e9szfeles\u00e9g\u00e9nek \u00e9desany\u00e1nak haverdali vir\u00e1gair\u00f3l k\u00e9sz\u00fclt fot\u00f3mont\u00e1zsok l\u00e1that\u00f3k, digit\u00e1lis vonalrajzzal kieg\u00e9sz\u00edtve. A piros vonalrajz mindk\u00e9t k\u00e9pp\u00e1ron a vir\u00e1gmez\u0151t ritmusosan beh\u00e1l\u00f3zza, felosztja, szigetekre, \u201evir\u00e1g\u00e1gy\u00e1sokra\u201d bontja. Az printek alapsz\u00edne (z\u00f6ld \u00e9s s\u00e1rga) \u00e9s a pasztellsz\u00ednez\u00e9s\u00fck k\u00fcl\u00f6nb\u00f6zik. A z\u00f6ld <em>B.M.V. Ker\u00e9k<\/em> pasztellrajza csonka emberi alakot form\u00e1z, a s\u00e1rga <em>B.M.V. Ker\u00e9k 2.<\/em> a Zuzu-Vet\u0151 korszak legfontosabb szimb\u00f3lum\u00e1t, egy n\u00e9gysz\u00f6ges\u00edtett kereket. Ahol a pasztellrajz a f\u00e9nyk\u00e9peket emberi alakra eg\u00e9sz\u00edti ki, ott a piros digit\u00e1lis vonalh\u00e1l\u00f3zat az emberi \u00e9rrendszerre eml\u00e9keztet, ahol viszont ker\u00e9kk\u00fcll\u0151ket form\u00e1z, ott a piros vonalak a k\u00fcll\u0151k folytat\u00e1sai.[\/vc_column_text][\/vc_column][vc_column column_padding=&#8221;no-extra-padding&#8221; column_padding_position=&#8221;all&#8221; background_color_opacity=&#8221;1&#8243; background_hover_color_opacity=&#8221;1&#8243; column_link_target=&#8221;_self&#8221; column_shadow=&#8221;none&#8221; column_border_radius=&#8221;none&#8221; el_class=&#8221;box-l20&#8243; width=&#8221;1\/3&#8243; tablet_width_inherit=&#8221;default&#8221; tablet_text_alignment=&#8221;default&#8221; phone_text_alignment=&#8221;default&#8221; overlay_strength=&#8221;0.3&#8243; column_border_width=&#8221;none&#8221; column_border_style=&#8221;solid&#8221; bg_image_animation=&#8221;none&#8221; offset=&#8221;vc_col-sm-offset-0 vc_hidden-sm vc_hidden-xs&#8221;][\/vc_column][\/vc_row][vc_row type=&#8221;full_width_content&#8221; full_screen_row_position=&#8221;middle&#8221; column_margin=&#8221;default&#8221; scene_position=&#8221;center&#8221; text_color=&#8221;dark&#8221; text_align=&#8221;left&#8221; class=&#8221;full-20l-1000&#8243; overlay_strength=&#8221;0.3&#8243; shape_divider_position=&#8221;bottom&#8221; bg_image_animation=&#8221;none&#8221; shape_type=&#8221;&#8221;][vc_column column_padding=&#8221;no-extra-padding&#8221; column_padding_position=&#8221;all&#8221; background_color_opacity=&#8221;1&#8243; background_hover_color_opacity=&#8221;1&#8243; column_link_target=&#8221;_self&#8221; column_shadow=&#8221;none&#8221; column_border_radius=&#8221;none&#8221; el_class=&#8221;p-cont-4-0&#8243; width=&#8221;1\/1&#8243; tablet_width_inherit=&#8221;default&#8221; tablet_text_alignment=&#8221;default&#8221; phone_text_alignment=&#8221;default&#8221; overlay_strength=&#8221;0.3&#8243; column_border_width=&#8221;none&#8221; column_border_style=&#8221;solid&#8221; bg_image_animation=&#8221;none&#8221;][image_with_animation image_url=&#8221;24087&#8243; alignment=&#8221;center&#8221; animation=&#8221;Fade In&#8221; img_link_large=&#8221;yes&#8221; hover_animation=&#8221;none&#8221; border_radius=&#8221;none&#8221; box_shadow=&#8221;none&#8221; image_loading=&#8221;default&#8221; max_width=&#8221;100%&#8221; max_width_mobile=&#8221;default&#8221; el_class=&#8221;full-img&#8221;][vc_column_text]\n<p class=\"kepalir-0-20-r-1000\">Vet\u0151 J\u00e1nos NahTe: <em>War is bad,<\/em> 2008\u20132019, Ferrari print, ragaszt\u00f3szalag, 29,7\u00d742 cm \u00a9 Fot\u00f3: Vet\u0151 G\u00e1bor<\/p>\n[\/vc_column_text][\/vc_column][\/vc_row][vc_row type=&#8221;in_container&#8221; full_screen_row_position=&#8221;middle&#8221; column_margin=&#8221;default&#8221; scene_position=&#8221;center&#8221; text_color=&#8221;dark&#8221; text_align=&#8221;left&#8221; class=&#8221;p-4-0&#8243; overlay_strength=&#8221;0.3&#8243; shape_divider_position=&#8221;bottom&#8221; bg_image_animation=&#8221;none&#8221; shape_type=&#8221;&#8221;][vc_column column_padding=&#8221;no-extra-padding&#8221; column_padding_position=&#8221;all&#8221; background_color_opacity=&#8221;1&#8243; background_hover_color_opacity=&#8221;1&#8243; column_link_target=&#8221;_self&#8221; column_shadow=&#8221;none&#8221; column_border_radius=&#8221;none&#8221; width=&#8221;2\/3&#8243; tablet_width_inherit=&#8221;default&#8221; tablet_text_alignment=&#8221;default&#8221; phone_text_alignment=&#8221;default&#8221; overlay_strength=&#8221;0.3&#8243; column_border_width=&#8221;none&#8221; column_border_style=&#8221;solid&#8221; bg_image_animation=&#8221;none&#8221;][vc_column_text]A sorozatban vannak kakukktoj\u00e1sok. A <em>War is bad<\/em> c\u00edm\u0171 h\u00e1rom f\u00e9nyk\u00e9pb\u0151l \u00e1ll, mindegyiken ugyanaz a t\u00e1rgy l\u00e1that\u00f3: a m\u0171v\u00e9sz fia \u00e1ltal az erd\u0151ben tal\u00e1lt \u00f6tvenes \u00e9vek v\u00e9g\u00e9n k\u00e9sz\u00fclt j\u00e1t\u00e9kpuskat\u00f6red\u00e9k, amely els\u0151 r\u00e1n\u00e9z\u00e9sre egy \u0151skori idolra vagy harci maszkra, sisakra eml\u00e9keztet. A Fejl\u00f6v\u00e9s c\u00edm\u0171n csak egy fot\u00f3 l\u00e1that\u00f3, a m\u0171v\u00e9sz szimb\u00f3lumt\u00e1bor\u00e1nak k\u00e9t gyakori szerepl\u0151je, a pukkancsf\u00f3lia, \u00e9s egy kism\u00e9ret\u0171, m\u0171anyag emberi csontv\u00e1z, egykor kulcstart\u00f3, fekv\u0151 helyzetben, kopony\u00e1j\u00e1n apr\u00f3 lyukkal. Ez a csontv\u00e1z egy m\u00e1sik k\u00e9pen, a <em>B\u00facs\u00fakoncert<\/em> c\u00edm\u0171n is szerepel, vil\u00e1g\u00edt\u00f3 z\u00f6ld szellemekkel k\u00f6rbe v\u00e9ve, kez\u00e9ben elektromos git\u00e1rral. A <em>B\u00facs\u00fakoncert<\/em> sem diptichon szer\u0171 k\u00e9pp\u00e1r, mint a sorozatot alkot\u00f3 kompoz\u00edci\u00f3k t\u00f6bbs\u00e9ge. A k\u00e9pmanipul\u00e1ci\u00f3 r\u00e9v\u00e9n a t\u00e1rgyak k\u00e9pei (a kicsi m\u0171anyag csontv\u00e1z, a vele m\u00e9retazonos kicsi m\u0171anyag git\u00e1r \u00e9s a hasonl\u00f3k\u00e9pp pici, m\u0171anyag, foszforeszk\u00e1l\u00f3 szellemek) egy k\u00e9pt\u00e9rbe ker\u00fcltek. Am\u00edg a <em>War is bad<\/em>-ben az ellent\u00e9tp\u00e1r a val\u00f3s\u00e1g \u00e9s a l\u00e1tv\u00e1ny k\u00f6z\u00f6tt fesz\u00fcl (j\u00e1t\u00e9kpuska \u2013 idol, harci sisak), addig a csontv\u00e1zas k\u00e9peken az id\u0151-t\u00e9r, l\u00e9t-neml\u00e9t ellent\u00e9tes fogalmai \u00f6sszesimulnak, egy k\u00e9pp\u00e9 v\u00e1lnak. A <em>Copy<\/em> c\u00edm\u0171n pedig val\u00f3s\u00e1g \u00e9s ill\u00fazi\u00f3 szemet megt\u00e9veszt\u0151 egys\u00e9get k\u00e9pez, a jobb oldalon l\u00e1that\u00f3 fot\u00f3t, amelyen vir\u00e1gok k\u00f6zt, f\u0171ben egy kiskan\u00e1l l\u00e1that\u00f3, kieg\u00e9sz\u00edti, folytatja a baloldalon a m\u0171v\u00e9sz rajza. A k\u00e9pp\u00e1r felett piros pasztell vir\u00e1g, a k\u00e9pp\u00e1r alatt pedig er\u0151s fekete vonal l\u00e1that\u00f3, amely egyszerre egyenes folytat\u00e1sa a k\u00e9p k\u00f6zep\u00e9n a digit\u00e1lis vir\u00e1gmez\u0151ben elhelyezett kiskan\u00e1lnak (ny\u00e9l), \u00e9s a k\u00e9pp\u00e1r f\u00f6l\u00e9 rajzolt piros vir\u00e1gnak (sz\u00e1r).<\/p>\n<p>A <em>Fejl\u00f6v\u00e9s<\/em> pasztellrajza nem szabadk\u00e9zi, hanem nyomtatott, a <em>bubble plastic<\/em> lenyomata. A csontok a testben ak\u00e1r a f\u00f3li\u00e1ban a leveg\u0151: sorozatgy\u00e1rtott \u201esemmi\u201d, por \u00e9s hamu. A <em>B\u00facs\u00fakoncert<\/em>-en a rajz szabadk\u00e9zi, megism\u00e9tli, felnagy\u00edtja a f\u00e9nyk\u00e9p egyik modellj\u00e9t, a szellemet, humorral enyh\u00edtve a hal\u00e1los t\u00e9m\u00e1t. A <em>War is bad<\/em> k\u00e9pen \u00e9pp ellenkez\u0151leg, a szabadk\u00e9zi rajz a f\u00e9nyk\u00e9p folytat\u00e1sa is. A festett k\u00e9k vonal \u201ekij\u00f6n a k\u00e9pb\u0151l\u201d, szinte el\u00e9ri, \u00e9rinti a n\u00e9z\u0151t, jelezve, hogy a t\u00e9ma komoly is, k\u00f6z\u00f6s is. Fegyvernek, d\u00e1rd\u00e1nak t\u0171nik, amelyr\u0151l piros v\u00e9rcseppek hullanak.[\/vc_column_text][\/vc_column][vc_column column_padding=&#8221;no-extra-padding&#8221; column_padding_position=&#8221;all&#8221; background_color_opacity=&#8221;1&#8243; background_hover_color_opacity=&#8221;1&#8243; column_link_target=&#8221;_self&#8221; column_shadow=&#8221;none&#8221; column_border_radius=&#8221;none&#8221; el_class=&#8221;box-l20&#8243; width=&#8221;1\/3&#8243; tablet_width_inherit=&#8221;default&#8221; tablet_text_alignment=&#8221;default&#8221; phone_text_alignment=&#8221;default&#8221; overlay_strength=&#8221;0.3&#8243; column_border_width=&#8221;none&#8221; column_border_style=&#8221;solid&#8221; bg_image_animation=&#8221;none&#8221; offset=&#8221;vc_col-sm-offset-0 vc_hidden-sm vc_hidden-xs&#8221;][\/vc_column][\/vc_row][vc_row type=&#8221;full_width_content&#8221; full_screen_row_position=&#8221;middle&#8221; column_margin=&#8221;default&#8221; scene_position=&#8221;center&#8221; text_color=&#8221;dark&#8221; text_align=&#8221;left&#8221; overlay_strength=&#8221;0.3&#8243; shape_divider_position=&#8221;bottom&#8221; bg_image_animation=&#8221;none&#8221; shape_type=&#8221;&#8221;][vc_column column_padding=&#8221;no-extra-padding&#8221; column_padding_position=&#8221;all&#8221; background_color_opacity=&#8221;1&#8243; background_hover_color_opacity=&#8221;1&#8243; column_link_target=&#8221;_self&#8221; column_shadow=&#8221;none&#8221; column_border_radius=&#8221;none&#8221; el_class=&#8221;p-cont-4-0&#8243; width=&#8221;1\/1&#8243; tablet_width_inherit=&#8221;default&#8221; tablet_text_alignment=&#8221;default&#8221; phone_text_alignment=&#8221;default&#8221; overlay_strength=&#8221;0.3&#8243; column_border_width=&#8221;none&#8221; column_border_style=&#8221;solid&#8221; bg_image_animation=&#8221;none&#8221;][image_with_animation image_url=&#8221;24086&#8243; alignment=&#8221;center&#8221; animation=&#8221;Fade In&#8221; img_link_large=&#8221;yes&#8221; hover_animation=&#8221;none&#8221; border_radius=&#8221;none&#8221; box_shadow=&#8221;none&#8221; image_loading=&#8221;default&#8221; max_width=&#8221;100%&#8221; max_width_mobile=&#8221;default&#8221; el_class=&#8221;full-img&#8221;][vc_column_text]\n<p class=\"kepalir-1r-full\">Vet\u0151 J\u00e1nos NahTe: <em>Fejl\u00f6v\u00e9s,<\/em> 2008\u20132019, Ferrari print, ragaszt\u00f3szalag, 42\u00d729,7 cm, 198\u00d7135 cm, 29,7\u00d742 cm \u00a9 Fot\u00f3: Vet\u0151 G\u00e1bor<\/p>\n[\/vc_column_text][\/vc_column][\/vc_row][vc_row type=&#8221;in_container&#8221; full_screen_row_position=&#8221;middle&#8221; column_margin=&#8221;default&#8221; scene_position=&#8221;center&#8221; text_color=&#8221;dark&#8221; text_align=&#8221;left&#8221; class=&#8221;p-4-0&#8243; overlay_strength=&#8221;0.3&#8243; shape_divider_position=&#8221;bottom&#8221; bg_image_animation=&#8221;none&#8221; shape_type=&#8221;&#8221;][vc_column column_padding=&#8221;no-extra-padding&#8221; column_padding_position=&#8221;all&#8221; background_color_opacity=&#8221;1&#8243; background_hover_color_opacity=&#8221;1&#8243; column_link_target=&#8221;_self&#8221; column_shadow=&#8221;none&#8221; column_border_radius=&#8221;none&#8221; width=&#8221;2\/3&#8243; tablet_width_inherit=&#8221;default&#8221; tablet_text_alignment=&#8221;default&#8221; phone_text_alignment=&#8221;default&#8221; overlay_strength=&#8221;0.3&#8243; column_border_width=&#8221;none&#8221; column_border_style=&#8221;solid&#8221; bg_image_animation=&#8221;none&#8221;][vc_column_text]2020. janu\u00e1r 11-\u00e9n ny\u00edlt a <em>Duo-Trio-Fluo<\/em> ki\u00e1llt\u00e1s az aqb Project Space-ben, a kur\u00e1tor <span class=\"small\">Farkas Laura.<\/span> A ki\u00e1ll\u00edt\u00e1smegnyit\u00f3n <span class=\"small\">dr. Horv\u00e1th Putyi,<\/span> Vet\u0151 J\u00e1nos gyerekkori bar\u00e1tja \u00e9s alkot\u00f3t\u00e1rsa besz\u00e9lt, \u00e9s a k\u00f6z\u00f6sen k\u00e9sz\u00edtett Apropofot\u00f3filmst\u00fadi\u00f3 filmjeit vet\u00edtette le. A vet\u00edt\u00e9st koncert k\u00f6vette, ahol Vet\u0151 J\u00e1nos \u00e9nekelt \u00e9s zen\u00e9lt, <span class=\"small\">Keszei Kriszti\u00e1n<\/span> \u00e9s <span class=\"small\">Horv\u00e1th G\u00e1bor<\/span> k\u00eds\u00e9rt\u00e9k. <span class=\"small\">Kozma Gy\u00f6rgy<\/span> is fell\u00e9pett, leg\u00fajabb <em>Kov\u00e1cs Kati<\/em> c\u00edm\u0171 vers\u00e9t \u00e9nekelte el, amelyet Vet\u0151 zen\u00e9s\u00edtett meg, \u00e9s ukulel\u00e9vel k\u00eds\u00e9rte.<span class=\"index\">13<\/span><\/p>\n<p>A ki\u00e1ll\u00edt\u00e1st Vet\u0151 J\u00e1nos rendezte, \u00e9p\u00edtette. A rusztikus k\u00f6rnyezetben a sz\u00ednes ragaszt\u00f3szalagokkal \u00e9s sz\u00ednes rajzsz\u00f6gekkel r\u00f6gz\u00edtett sz\u00ednes m\u0171vek hat\u00e1sa finom, k\u00f6nnyed, l\u00e9gies, val\u00f3ban olyan, mint egy \u201elepkegy\u0171jtem\u00e9ny\u201d. Az install\u00e1l\u00e1s sor\u00e1n a k\u00e9pp\u00e1rok megfeleltet\u00e9se \u00fajabb csavart kapott, \u00e9s a sorozat \u00fajabb kakukktoj\u00e1ssal eg\u00e9sz\u00fclt ki, ezt a titkot azonban a l\u00e1togat\u00f3ra b\u00edzom. Csak annyit \u00e1rulok el, hogy a k\u00e9p c\u00edme <em>Narancs t\u00e9l,<\/em> koppenh\u00e1gai k\u00e9pekkel. A bal oldalin tal\u00e1lt t\u00e9ma, egy vitorl\u00e1st imit\u00e1l\u00f3 fakonstrukci\u00f3, hobbym\u0171v\u00e9szet vagy j\u00e1t\u00e9k l\u00e1that\u00f3. A \u201evitorla\u201d, mint \u00fcres k\u00e9pkeret, vagy tv k\u00e9perny\u0151 kiemel a befagyott v\u00edzt\u00fck\u00f6rr\u0151l egy narancsot. P\u00e1rj\u00e1n, a jobb oldali k\u00e9pen: kil\u00e1t\u00e1s az erk\u00e9lyr\u0151l, h\u00f3ban. Hasonl\u00f3k\u00e9pp, mint minden k\u00e9pp\u00e1ron, a m\u0171v\u00e9sz k\u00fcl\u00f6nb\u00f6z\u0151 optikai n\u00e9z\u0151pontjain kereszt\u00fcl gondolkod\u00e1s\u00e1nak, vil\u00e1gk\u00e9p\u00e9nek stabil n\u00e9z\u0151pontja jelenik meg. Az a pont, ahonnan lehets\u00e9ges \u00e1tform\u00e1lni vil\u00e1got. War is bad.[\/vc_column_text][\/vc_column][vc_column column_padding=&#8221;no-extra-padding&#8221; column_padding_position=&#8221;all&#8221; background_color_opacity=&#8221;1&#8243; background_hover_color_opacity=&#8221;1&#8243; column_link_target=&#8221;_self&#8221; column_shadow=&#8221;none&#8221; column_border_radius=&#8221;none&#8221; el_class=&#8221;box-l20&#8243; width=&#8221;1\/3&#8243; tablet_width_inherit=&#8221;default&#8221; tablet_text_alignment=&#8221;default&#8221; phone_text_alignment=&#8221;default&#8221; overlay_strength=&#8221;0.3&#8243; column_border_width=&#8221;none&#8221; column_border_style=&#8221;solid&#8221; bg_image_animation=&#8221;none&#8221; offset=&#8221;vc_col-sm-offset-0&#8243;][divider line_type=&#8221;Small Line&#8221; line_alignment=&#8221;default&#8221; line_thickness=&#8221;4&#8243; divider_color=&#8221;extra-color-2&#8243; custom_height=&#8221;20&#8243; custom_line_width=&#8221;100&#8243;][vc_column_text]\n<p class=\"footnote-anchor\">13<\/p>\n<p class=\"szcena-2014-lj\">A ki\u00e1ll\u00edt\u00e1s megnyit\u00f3ja: <a href=\"https:\/\/www.youtube.com\/watch?v=pVMZEXtLY14.\" target=\"_blank\" rel=\"noopener noreferrer\">https:\/\/www.youtube.com\/watch?v=pVMZEXtLY14.<\/a> Vet\u0151 J\u00e1nos t\u00e1rlatvezet\u00e9se a ki\u00e1ll\u00edt\u00e1son: <a href=\"https:\/\/www.youtube.com\/watch?v=Y8_Y64bEx-M&amp;app=desktop\" target=\"_blank\" rel=\"noopener noreferrer\">https:\/\/www.youtube.com\/watch?v=Y8_Y64bEx-M&amp;app=desktop<\/a><\/p>\n[\/vc_column_text][\/vc_column][\/vc_row][vc_row type=&#8221;full_width_content&#8221; full_screen_row_position=&#8221;middle&#8221; vertically_center_columns=&#8221;true&#8221; column_margin=&#8221;default&#8221; scene_position=&#8221;center&#8221; text_color=&#8221;dark&#8221; text_align=&#8221;left&#8221; overlay_strength=&#8221;0.3&#8243; shape_divider_position=&#8221;bottom&#8221; bg_image_animation=&#8221;none&#8221; shape_type=&#8221;&#8221;][vc_column column_padding=&#8221;no-extra-padding&#8221; column_padding_position=&#8221;all&#8221; background_color_opacity=&#8221;1&#8243; background_hover_color_opacity=&#8221;1&#8243; column_link_target=&#8221;_self&#8221; column_shadow=&#8221;none&#8221; column_border_radius=&#8221;none&#8221; el_class=&#8221;p-2-0&#8243; width=&#8221;1\/1&#8243; tablet_width_inherit=&#8221;default&#8221; tablet_text_alignment=&#8221;default&#8221; phone_text_alignment=&#8221;default&#8221; overlay_strength=&#8221;0.3&#8243; column_border_width=&#8221;none&#8221; column_border_style=&#8221;solid&#8221; bg_image_animation=&#8221;none&#8221;]<div class=\"sharing-default-minimal\"><div class=\"nectar-social default\" data-position=\"left\" data-color-override=\"override\"><div class=\"nectar-social-inner\"><a class='facebook-share nectar-sharing' href='#' title='Share this'>  <i class='fa fa-facebook'><\/i> <span class='social-text'>Share<\/span> <\/a><a class='twitter-share nectar-sharing' href='#' title='Share this'> <i class='fa icon-salient-x-twitter'><\/i> <span class='social-text'>Share<\/span> <\/a><a class='pinterest-share nectar-sharing' href='#' title='Pin this'> <i class='fa fa-pinterest'><\/i> <span class='social-text'>Pin<\/span> <\/a><\/div><\/div><\/div>[\/vc_column][\/vc_row]\n","protected":false},"excerpt":{"rendered":"<p>[vc_row type=&#8221;in_container&#8221; full_screen_row_position=&#8221;middle&#8221; column_margin=&#8221;default&#8221; scene_position=&#8221;center&#8221; text_color=&#8221;dark&#8221; text_align=&#8221;left&#8221; overlay_strength=&#8221;0.3&#8243; shape_divider_position=&#8221;bottom&#8221; bg_image_animation=&#8221;none&#8221; shape_type=&#8221;&#8221;][vc_column column_padding=&#8221;no-extra-padding&#8221; column_padding_position=&#8221;all&#8221; background_color_opacity=&#8221;1&#8243; background_hover_color_opacity=&#8221;1&#8243; column_link_target=&#8221;_self&#8221; column_shadow=&#8221;none&#8221; column_border_radius=&#8221;none&#8221; width=&#8221;1\/1&#8243; tablet_width_inherit=&#8221;default&#8221; tablet_text_alignment=&#8221;default&#8221; phone_text_alignment=&#8221;default&#8221; overlay_strength=&#8221;0.3&#8243; column_border_width=&#8221;none&#8221; column_border_style=&#8221;solid&#8221; bg_image_animation=&#8221;none&#8221;][vc_column_text] aqb Project Space, Budapest&#8230;<\/p>\n","protected":false},"author":60,"featured_media":24093,"comment_status":"closed","ping_status":"closed","sticky":false,"template":"","format":"standard","meta":{"_acf_changed":false,"h5ap_radio_sources":[],"footnotes":""},"categories":[4,66],"tags":[],"post_kiemeles":[],"class_list":{"0":"post-24044","1":"post","2":"type-post","3":"status-publish","4":"format-standard","5":"has-post-thumbnail","7":"category-kiallitasok","8":"category-kiallitasok-2020"},"acf":[],"_links":{"self":[{"href":"https:\/\/balkon.art\/home\/wp-json\/wp\/v2\/posts\/24044","targetHints":{"allow":["GET"]}}],"collection":[{"href":"https:\/\/balkon.art\/home\/wp-json\/wp\/v2\/posts"}],"about":[{"href":"https:\/\/balkon.art\/home\/wp-json\/wp\/v2\/types\/post"}],"author":[{"embeddable":true,"href":"https:\/\/balkon.art\/home\/wp-json\/wp\/v2\/users\/60"}],"replies":[{"embeddable":true,"href":"https:\/\/balkon.art\/home\/wp-json\/wp\/v2\/comments?post=24044"}],"version-history":[{"count":0,"href":"https:\/\/balkon.art\/home\/wp-json\/wp\/v2\/posts\/24044\/revisions"}],"wp:featuredmedia":[{"embeddable":true,"href":"https:\/\/balkon.art\/home\/wp-json\/wp\/v2\/media\/24093"}],"wp:attachment":[{"href":"https:\/\/balkon.art\/home\/wp-json\/wp\/v2\/media?parent=24044"}],"wp:term":[{"taxonomy":"category","embeddable":true,"href":"https:\/\/balkon.art\/home\/wp-json\/wp\/v2\/categories?post=24044"},{"taxonomy":"post_tag","embeddable":true,"href":"https:\/\/balkon.art\/home\/wp-json\/wp\/v2\/tags?post=24044"},{"taxonomy":"post_kiemeles","embeddable":true,"href":"https:\/\/balkon.art\/home\/wp-json\/wp\/v2\/post_kiemeles?post=24044"}],"curies":[{"name":"wp","href":"https:\/\/api.w.org\/{rel}","templated":true}]}}