{"id":15893,"date":"2019-03-01T17:16:25","date_gmt":"2019-03-01T16:16:25","guid":{"rendered":"https:\/\/balkon.art\/home\/?p=15893"},"modified":"2024-06-07T16:52:51","modified_gmt":"2024-06-07T14:52:51","slug":"sirbik-attila-valosagemesztes-beszelgetes-tarr-hajnalkaval","status":"publish","type":"post","link":"https:\/\/balkon.art\/home\/sirbik-attila-valosagemesztes-beszelgetes-tarr-hajnalkaval\/","title":{"rendered":"Val\u00f3s\u00e1gem\u00e9szt\u00e9s"},"content":{"rendered":"[vc_row type=&#8221;in_container&#8221; full_screen_row_position=&#8221;middle&#8221; column_margin=&#8221;default&#8221; column_direction=&#8221;default&#8221; column_direction_tablet=&#8221;default&#8221; column_direction_phone=&#8221;default&#8221; scene_position=&#8221;center&#8221; text_color=&#8221;dark&#8221; text_align=&#8221;left&#8221; row_border_radius=&#8221;none&#8221; row_border_radius_applies=&#8221;bg&#8221; overflow=&#8221;visible&#8221; class=&#8221;p-2-0&#8243; overlay_strength=&#8221;0.3&#8243; gradient_direction=&#8221;left_to_right&#8221; shape_divider_position=&#8221;bottom&#8221; bg_image_animation=&#8221;none&#8221; gradient_type=&#8221;default&#8221; shape_type=&#8221;&#8221;][vc_column column_padding=&#8221;no-extra-padding&#8221; column_padding_tablet=&#8221;inherit&#8221; column_padding_phone=&#8221;inherit&#8221; column_padding_position=&#8221;all&#8221; column_element_direction_desktop=&#8221;default&#8221; column_element_spacing=&#8221;default&#8221; desktop_text_alignment=&#8221;default&#8221; tablet_text_alignment=&#8221;default&#8221; phone_text_alignment=&#8221;default&#8221; background_color_opacity=&#8221;1&#8243; background_hover_color_opacity=&#8221;1&#8243; column_backdrop_filter=&#8221;none&#8221; column_shadow=&#8221;none&#8221; column_border_radius=&#8221;none&#8221; column_link_target=&#8221;_self&#8221; column_position=&#8221;default&#8221; gradient_direction=&#8221;left_to_right&#8221; overlay_strength=&#8221;0.3&#8243; width=&#8221;1\/1&#8243; tablet_width_inherit=&#8221;default&#8221; animation_type=&#8221;default&#8221; bg_image_animation=&#8221;none&#8221; border_type=&#8221;simple&#8221; column_border_width=&#8221;none&#8221; column_border_style=&#8221;solid&#8221;][vc_column_text css=&#8221;&#8221; text_direction=&#8221;default&#8221;]\n<h3 class=\"title-1\"><em>Az intellektu\u00e1lis h\u00e1r\u00edt\u00e1s csod\u00e1s apr\u00edt\u00f3k\u00e9se<\/em><\/h3>\n[\/vc_column_text][vc_column_text el_class=&#8221;p-2-0&#8243;]\n<h3 class=\"title-1\">Besz\u00e9lget\u00e9s Tarr Hajnalk\u00e1val<\/h3>\n[\/vc_column_text][\/vc_column][\/vc_row][vc_row type=&#8221;in_container&#8221; full_screen_row_position=&#8221;middle&#8221; column_margin=&#8221;default&#8221; column_direction=&#8221;default&#8221; column_direction_tablet=&#8221;default&#8221; column_direction_phone=&#8221;default&#8221; scene_position=&#8221;center&#8221; top_padding=&#8221;0&#8243; bottom_padding=&#8221;0&#8243; text_color=&#8221;dark&#8221; text_align=&#8221;left&#8221; row_border_radius=&#8221;none&#8221; row_border_radius_applies=&#8221;bg&#8221; overflow=&#8221;visible&#8221; overlay_strength=&#8221;0.3&#8243; gradient_direction=&#8221;left_to_right&#8221; shape_divider_position=&#8221;bottom&#8221; bg_image_animation=&#8221;none&#8221;][vc_column column_padding=&#8221;no-extra-padding&#8221; column_padding_tablet=&#8221;inherit&#8221; column_padding_phone=&#8221;inherit&#8221; column_padding_position=&#8221;all&#8221; column_element_direction_desktop=&#8221;default&#8221; column_element_spacing=&#8221;default&#8221; desktop_text_alignment=&#8221;default&#8221; tablet_text_alignment=&#8221;default&#8221; phone_text_alignment=&#8221;default&#8221; background_color_opacity=&#8221;1&#8243; background_hover_color_opacity=&#8221;1&#8243; column_backdrop_filter=&#8221;none&#8221; column_shadow=&#8221;none&#8221; column_border_radius=&#8221;none&#8221; column_link_target=&#8221;_self&#8221; column_position=&#8221;default&#8221; gradient_direction=&#8221;left_to_right&#8221; overlay_strength=&#8221;0.3&#8243; width=&#8221;2\/3&#8243; tablet_width_inherit=&#8221;default&#8221; animation_type=&#8221;default&#8221; bg_image_animation=&#8221;none&#8221; border_type=&#8221;simple&#8221; column_border_width=&#8221;none&#8221; column_border_style=&#8221;solid&#8221;][vc_column_text]<span class=\"small\">Tarr Hajnalka<\/span> m\u0171v\u00e9szet\u00e9ben az \u00e9rtelem sz\u00fcntelen\u00fcl utat keres az \u00e9rzelmek \u00fatveszt\u0151j\u00e9ben. A k\u00e9s\u0151 kilencvenes \u00e9vek neokonceptu\u00e1lis k\u00f6zeg\u00e9ben kibontakoz\u00f3 installat\u00edv, szenzu\u00e1lis alkot\u00f3i gyakorlat\u00e1ban az intellektu\u00e1lis t\u00e1vols\u00e1gtart\u00e1s a felt\u00e1rulkoz\u00e1s ig\u00e9ny\u00e9vel tal\u00e1lkozik. A pszichol\u00f3gi\u00e1b\u00f3l k\u00f6lcs\u00f6nz\u00f6tt, a szem\u00e9ly \u00e9s vil\u00e1ga k\u00f6z\u00f6tti kapcsolat m\u00f3dj\u00e1t jelent\u0151 t\u00e1rgykapcsolat fogalma is erre a kett\u0151ss\u00e9gre mutat. Sorozat\u00e1ban rendszerez\u00e9ssel k\u00e9rd\u0151jelezi meg az \u00e9sszer\u0171s\u00e9get, az \u00e9rtelem els\u0151bbs\u00e9g\u00e9t, nagyobb teret nyitva ezzel a val\u00f3s\u00e1g egy sz\u00e9lesebb spektrum\u00e1nak. Leg\u00fajabb fot\u00f3sorozat\u00e1ban t\u00e1rgyakhoz val\u00f3 viszony\u00e1n kereszt\u00fcl hat\u00e1rozza meg \u00f6nmaga hely\u00e9t egy \u00e1ltala teremtett vizu\u00e1lis, logikai rendben. A k\u00f6t\u00f6tt rend alapj\u00e1n fel\u00e9p\u00fcl\u0151 m\u0171 k\u00f6zponti mot\u00edvuma a m\u0171v\u00e9sz maga. Az akt, mint az \u00f6nreprezent\u00e1ci\u00f3 egyik legk\u00e9zenfekv\u0151bb form\u00e1ja a m\u0171v\u00e9sz k\u00f6zvetlen k\u00f6rnyezet\u00e9b\u0151l vett t\u00e1rgyak sor\u00e1val eg\u00e9sz\u00fcl ki k\u00e9pr\u0151l k\u00e9pre. A sorozat darabjain az alkot\u00f3 k\u00e9pe \u00f6sszesz\u00f6v\u0151dik a hozz\u00e1 rendelt t\u00e1rgy k\u00e9p\u00e9vel. Alkot\u00f3i gyakorlat\u00e1ban mind az \u00f6nreprezent\u00e1ci\u00f3 hasonl\u00f3 form\u00e1j\u00e1ra, mind a fot\u00f3-sz\u00f6v\u00e9s technik\u00e1j\u00e1ra is tal\u00e1lhatunk kor\u00e1bbi p\u00e9ld\u00e1kat. Az \u00f6nvizsg\u00e1lat t\u00e9m\u00e1ja azonban <em>T\u00e1rgykapcsolat<\/em> c\u00edm\u0171 sorozat\u00e1ban<span class=\"index\">1<\/span> t\u00e1rsul el\u0151sz\u00f6r sz\u00f6v\u00f6tt form\u00e1val. A sz\u00f6v\u00e9s sor\u00e1n felhas\u00edtott fel\u00fcletek noha feloldj\u00e1k a hat\u00e1rozott kont\u00farokat, a val\u00f3s\u00e1gnak azonban m\u00e9gis egy hitelesebb k\u00e9p\u00e9t adj\u00e1k.[\/vc_column_text][\/vc_column][vc_column column_padding=&#8221;no-extra-padding&#8221; column_padding_tablet=&#8221;inherit&#8221; column_padding_phone=&#8221;inherit&#8221; column_padding_position=&#8221;all&#8221; top_margin=&#8221;0&#8243; bottom_margin=&#8221;0&#8243; column_element_direction_desktop=&#8221;default&#8221; column_element_spacing=&#8221;default&#8221; desktop_text_alignment=&#8221;default&#8221; tablet_text_alignment=&#8221;default&#8221; phone_text_alignment=&#8221;default&#8221; background_color_opacity=&#8221;1&#8243; background_hover_color_opacity=&#8221;1&#8243; column_backdrop_filter=&#8221;none&#8221; column_shadow=&#8221;none&#8221; column_border_radius=&#8221;none&#8221; column_link_target=&#8221;_self&#8221; column_position=&#8221;default&#8221; el_class=&#8221;box-l20&#8243; gradient_direction=&#8221;left_to_right&#8221; overlay_strength=&#8221;0.3&#8243; width=&#8221;1\/3&#8243; tablet_width_inherit=&#8221;default&#8221; animation_type=&#8221;default&#8221; bg_image_animation=&#8221;none&#8221; border_type=&#8221;simple&#8221; column_border_width=&#8221;none&#8221; column_border_style=&#8221;solid&#8221; offset=&#8221;vc_col-sm-offset-0&#8243;][divider line_type=&#8221;Small Line&#8221; line_alignment=&#8221;default&#8221; line_thickness=&#8221;4&#8243; divider_color=&#8221;accent-color&#8221; custom_line_width=&#8221;100&#8243;][vc_column_text]\n<p class=\"footnote-anchor\">1<\/p>\n<p class=\"szcena-2014-lj\">Tarr Hajnalka: <em>T\u00e1rgykapcsolat.<\/em> acb Gal\u00e9ria, Budapest, 2018. november 30 \u2013 2019. febru\u00e1r 1., ld. <a href=\"https:\/\/acbgaleria.hu\/kiallitasok\/tarr_hajnalka_targykapcsolat.366.html?pageid=338\" target=\"_blank\" rel=\"noopener noreferrer\">https:\/\/acbgaleria.hu<\/a><\/p>\n[\/vc_column_text][\/vc_column][\/vc_row][vc_row type=&#8221;in_container&#8221; full_screen_row_position=&#8221;middle&#8221; column_margin=&#8221;default&#8221; column_direction=&#8221;default&#8221; column_direction_tablet=&#8221;default&#8221; column_direction_phone=&#8221;default&#8221; scene_position=&#8221;center&#8221; top_padding=&#8221;0&#8243; bottom_padding=&#8221;0&#8243; text_color=&#8221;dark&#8221; text_align=&#8221;left&#8221; row_border_radius=&#8221;none&#8221; row_border_radius_applies=&#8221;bg&#8221; overflow=&#8221;visible&#8221; overlay_strength=&#8221;0.3&#8243; gradient_direction=&#8221;left_to_right&#8221; shape_divider_position=&#8221;bottom&#8221; bg_image_animation=&#8221;none&#8221;][vc_column column_padding=&#8221;no-extra-padding&#8221; column_padding_tablet=&#8221;inherit&#8221; column_padding_phone=&#8221;inherit&#8221; column_padding_position=&#8221;all&#8221; column_element_direction_desktop=&#8221;default&#8221; column_element_spacing=&#8221;default&#8221; desktop_text_alignment=&#8221;default&#8221; tablet_text_alignment=&#8221;default&#8221; phone_text_alignment=&#8221;default&#8221; background_color_opacity=&#8221;1&#8243; background_hover_color_opacity=&#8221;1&#8243; column_backdrop_filter=&#8221;none&#8221; column_shadow=&#8221;none&#8221; column_border_radius=&#8221;none&#8221; column_link_target=&#8221;_self&#8221; column_position=&#8221;default&#8221; gradient_direction=&#8221;left_to_right&#8221; overlay_strength=&#8221;0.3&#8243; width=&#8221;1\/1&#8243; tablet_width_inherit=&#8221;default&#8221; animation_type=&#8221;default&#8221; bg_image_animation=&#8221;none&#8221; border_type=&#8221;simple&#8221; column_border_width=&#8221;none&#8221; column_border_style=&#8221;solid&#8221;][vc_column_text css=&#8221;&#8221; text_direction=&#8221;default&#8221;]\n<h1>\u2022<\/h1>\n[\/vc_column_text][\/vc_column][\/vc_row][vc_row type=&#8221;in_container&#8221; full_screen_row_position=&#8221;middle&#8221; column_margin=&#8221;default&#8221; column_direction=&#8221;default&#8221; column_direction_tablet=&#8221;default&#8221; column_direction_phone=&#8221;default&#8221; scene_position=&#8221;center&#8221; top_padding=&#8221;0&#8243; bottom_padding=&#8221;0&#8243; text_color=&#8221;dark&#8221; text_align=&#8221;left&#8221; row_border_radius=&#8221;none&#8221; row_border_radius_applies=&#8221;bg&#8221; overflow=&#8221;visible&#8221; overlay_strength=&#8221;0.3&#8243; gradient_direction=&#8221;left_to_right&#8221; shape_divider_position=&#8221;bottom&#8221; bg_image_animation=&#8221;none&#8221;][vc_column column_padding=&#8221;no-extra-padding&#8221; column_padding_tablet=&#8221;inherit&#8221; column_padding_phone=&#8221;inherit&#8221; column_padding_position=&#8221;all&#8221; column_element_direction_desktop=&#8221;default&#8221; column_element_spacing=&#8221;default&#8221; desktop_text_alignment=&#8221;default&#8221; tablet_text_alignment=&#8221;default&#8221; phone_text_alignment=&#8221;default&#8221; background_color_opacity=&#8221;1&#8243; background_hover_color_opacity=&#8221;1&#8243; column_backdrop_filter=&#8221;none&#8221; column_shadow=&#8221;none&#8221; column_border_radius=&#8221;none&#8221; column_link_target=&#8221;_self&#8221; column_position=&#8221;default&#8221; gradient_direction=&#8221;left_to_right&#8221; overlay_strength=&#8221;0.3&#8243; width=&#8221;2\/3&#8243; tablet_width_inherit=&#8221;default&#8221; animation_type=&#8221;default&#8221; bg_image_animation=&#8221;none&#8221; border_type=&#8221;simple&#8221; column_border_width=&#8221;none&#8221; column_border_style=&#8221;solid&#8221;][vc_column_text css=&#8221;&#8221; text_direction=&#8221;default&#8221;]\n<p class=\"kerdes\"><span class=\"nev-int\">Sirbik Attila:<\/span> A megismer\u00e9si folyamat mindig egyfajta falba \u00fctk\u00f6z\u00e9st \u00e9s egyben hat\u00e1r\u00e1tl\u00e9p\u00e9st is jelent?<\/p>\n<p><span class=\"nev-int\">Tarr Hajnalka:<\/span> Igen. Ha nem \u00fctk\u00f6zn\u00e9k valamibe, nem kellene r\u00f3la gondolkodnom, haladhatn\u00e9k tov\u00e1bb. Minden munka azt jelenti, hogy valamit meg kell \u00e9rtenem, addig nincs tov\u00e1bbl\u00e9p\u00e9s. Musz\u00e1j t\u00e1rgyias\u00edtani a t\u00e1rgyias\u00edthatatlant, hogy kezelhet\u0151v\u00e9 v\u00e1lj\u00e9k. Egy \u00e9rz\u00e9snek nincsen fizikai kiterjed\u00e9se, ilyen \u00e9rtelemben teh\u00e1t v\u00e9gtelen, vagyis kezelhetetlen. A megismer\u00e9s kompetenci\u00e1inkt\u00f3l f\u00fcgg\u0151en jelent hat\u00e1r\u00e1tl\u00e9p\u00e9st vagy sem, a nem\u00e9rt\u00e9s megjelen\u00e9se mindig egyenl\u0151 valamif\u00e9le hat\u00e1rs\u00e9rt\u00e9ssel. Ez voltak\u00e9ppen a meg\u00e9rt\u00e9s\u00fcnk hat\u00e1ra, amelyet a meg\u00e9rt\u00e9s\u00fcnk kiterjeszt\u00e9s\u00e9vel od\u00e9bb tolhatunk eg\u00e9szen a k\u00f6vetkez\u0151 inkompetens pillanatunkig.[\/vc_column_text][\/vc_column][vc_column column_padding=&#8221;no-extra-padding&#8221; column_padding_tablet=&#8221;inherit&#8221; column_padding_phone=&#8221;inherit&#8221; column_padding_position=&#8221;all&#8221; top_margin=&#8221;0&#8243; bottom_margin=&#8221;0&#8243; column_element_direction_desktop=&#8221;default&#8221; column_element_spacing=&#8221;default&#8221; desktop_text_alignment=&#8221;default&#8221; tablet_text_alignment=&#8221;default&#8221; phone_text_alignment=&#8221;default&#8221; background_color_opacity=&#8221;1&#8243; background_hover_color_opacity=&#8221;1&#8243; column_backdrop_filter=&#8221;none&#8221; column_shadow=&#8221;none&#8221; column_border_radius=&#8221;none&#8221; column_link_target=&#8221;_self&#8221; column_position=&#8221;default&#8221; el_class=&#8221;box-l20&#8243; gradient_direction=&#8221;left_to_right&#8221; overlay_strength=&#8221;0.3&#8243; width=&#8221;1\/3&#8243; tablet_width_inherit=&#8221;default&#8221; animation_type=&#8221;default&#8221; bg_image_animation=&#8221;none&#8221; border_type=&#8221;simple&#8221; column_border_width=&#8221;none&#8221; column_border_style=&#8221;solid&#8221; offset=&#8221;vc_col-sm-offset-0 vc_hidden-sm vc_hidden-xs&#8221;][\/vc_column][\/vc_row][vc_row type=&#8221;full_width_content&#8221; full_screen_row_position=&#8221;middle&#8221; column_margin=&#8221;default&#8221; column_direction=&#8221;default&#8221; column_direction_tablet=&#8221;default&#8221; column_direction_phone=&#8221;default&#8221; scene_position=&#8221;center&#8221; text_color=&#8221;dark&#8221; text_align=&#8221;left&#8221; row_border_radius=&#8221;none&#8221; row_border_radius_applies=&#8221;bg&#8221; overflow=&#8221;visible&#8221; class=&#8221;full-5-40&#8243; overlay_strength=&#8221;0.3&#8243; gradient_direction=&#8221;left_to_right&#8221; shape_divider_position=&#8221;bottom&#8221; bg_image_animation=&#8221;none&#8221; shape_type=&#8221;&#8221;][vc_column column_padding=&#8221;no-extra-padding&#8221; column_padding_tablet=&#8221;inherit&#8221; column_padding_phone=&#8221;inherit&#8221; column_padding_position=&#8221;all&#8221; column_element_direction_desktop=&#8221;default&#8221; column_element_spacing=&#8221;default&#8221; desktop_text_alignment=&#8221;default&#8221; tablet_text_alignment=&#8221;default&#8221; phone_text_alignment=&#8221;default&#8221; background_color_opacity=&#8221;1&#8243; background_hover_color_opacity=&#8221;1&#8243; column_backdrop_filter=&#8221;none&#8221; column_shadow=&#8221;none&#8221; column_border_radius=&#8221;none&#8221; column_link_target=&#8221;_self&#8221; column_position=&#8221;default&#8221; gradient_direction=&#8221;left_to_right&#8221; overlay_strength=&#8221;0.3&#8243; width=&#8221;1\/1&#8243; tablet_width_inherit=&#8221;default&#8221; animation_type=&#8221;default&#8221; bg_image_animation=&#8221;none&#8221; border_type=&#8221;simple&#8221; column_border_width=&#8221;none&#8221; column_border_style=&#8221;solid&#8221;][divider line_type=&#8221;No Line&#8221; custom_height=&#8221;40&#8243;][image_with_animation image_url=&#8221;15914&#8243; image_size=&#8221;full&#8221; animation_type=&#8221;entrance&#8221; animation=&#8221;Fade In&#8221; animation_easing=&#8221;default&#8221; animation_movement_type=&#8221;transform_y&#8221; hover_animation=&#8221;none&#8221; alignment=&#8221;center&#8221; img_link_large=&#8221;yes&#8221; border_radius=&#8221;none&#8221; box_shadow=&#8221;none&#8221; image_loading=&#8221;default&#8221; max_width=&#8221;100%&#8221; max_width_mobile=&#8221;default&#8221; el_class=&#8221;full-img&#8221;][vc_column_text]\n<p class=\"kepalir-1r\">Tarr Hajnalka: <em>T\u00e1rgykapcsolat 40,<\/em> 2018, gicl\u00e9e print, sz\u00f6v\u00e9s, 56\u00d773 cm<\/p>\n[\/vc_column_text][divider line_type=&#8221;No Line&#8221; custom_height=&#8221;60&#8243;][\/vc_column][\/vc_row][vc_row type=&#8221;in_container&#8221; full_screen_row_position=&#8221;middle&#8221; column_margin=&#8221;default&#8221; column_direction=&#8221;default&#8221; column_direction_tablet=&#8221;default&#8221; column_direction_phone=&#8221;default&#8221; scene_position=&#8221;center&#8221; top_padding=&#8221;0&#8243; bottom_padding=&#8221;0&#8243; text_color=&#8221;dark&#8221; text_align=&#8221;left&#8221; row_border_radius=&#8221;none&#8221; row_border_radius_applies=&#8221;bg&#8221; overflow=&#8221;visible&#8221; overlay_strength=&#8221;0.3&#8243; gradient_direction=&#8221;left_to_right&#8221; shape_divider_position=&#8221;bottom&#8221; bg_image_animation=&#8221;none&#8221;][vc_column column_padding=&#8221;no-extra-padding&#8221; column_padding_tablet=&#8221;inherit&#8221; column_padding_phone=&#8221;inherit&#8221; column_padding_position=&#8221;all&#8221; column_element_direction_desktop=&#8221;default&#8221; column_element_spacing=&#8221;default&#8221; desktop_text_alignment=&#8221;default&#8221; tablet_text_alignment=&#8221;default&#8221; phone_text_alignment=&#8221;default&#8221; background_color_opacity=&#8221;1&#8243; background_hover_color_opacity=&#8221;1&#8243; column_backdrop_filter=&#8221;none&#8221; column_shadow=&#8221;none&#8221; column_border_radius=&#8221;none&#8221; column_link_target=&#8221;_self&#8221; column_position=&#8221;default&#8221; gradient_direction=&#8221;left_to_right&#8221; overlay_strength=&#8221;0.3&#8243; width=&#8221;2\/3&#8243; tablet_width_inherit=&#8221;default&#8221; animation_type=&#8221;default&#8221; bg_image_animation=&#8221;none&#8221; border_type=&#8221;simple&#8221; column_border_width=&#8221;none&#8221; column_border_style=&#8221;solid&#8221;][vc_column_text css=&#8221;&#8221; text_direction=&#8221;default&#8221;]\n<p class=\"kerdes\"><span class=\"nev-int\">SA:<\/span> A k\u00e9pz\u0151m\u0171v\u00e9szet fel\u0151l n\u00e9zve mit jelent a val\u00f3s\u00e1g Tarr Hajnalka sz\u00e1m\u00e1ra, bizonyos tekintetben, t\u00f6bbek k\u00f6z\u00f6tt t\u00e1rsadalmi felel\u0151ss\u00e9gv\u00e1llal\u00e1st is?<\/p>\n<p><span class=\"nev-int\">TH:<\/span> A t\u00e1rsadalmi felel\u0151ss\u00e9gv\u00e1llal\u00e1s egy szabadon \u00e9rtelmezhet\u0151 fogalom: vannak akik t\u00e1rsadalmi felel\u0151ss\u00e9gv\u00e1llal\u00e1snak tekintenek szimbolikus gesztusokat, m\u0171v\u00e9szeti akci\u00f3kat is, az \u00e9n t\u00e1rsadalmi szerepv\u00e1llal\u00e1s fogalmamban nem jelenik meg a (k\u00e9pz\u0151)m\u0171v\u00e9szet. Ha emberek sz\u00fcks\u00e9get szenvednek, az val\u00f3s, gyakorlati k\u00e9rd\u00e9s. Ha \u00e9hezn\u00e9k \u00e9s mell\u00e9m \u00fclne egy ember, hogy err\u0151l egy vide\u00f3munk\u00e1t k\u00e9sz\u00edtsen abban a meggy\u0151z\u0151d\u00e9s\u00e9ben, hogy \u00e9ppen seg\u00edt rajtam, akkor azt \u00e9rezn\u00e9m, hogy egy pillanatra sem fogta fel, miben vagyok. Metafor\u00e1kkal, m\u0171v\u00e9szettel, \u00e9l\u0151l\u00e1nccal m\u00e9g senki sem lakott j\u00f3l, nem lett kev\u00e9sb\u00e9 elnyomott. A t\u00e1rsadalmi probl\u00e9m\u00e1kkal foglalkoz\u00f3 m\u0171v\u00e9szet kommunik\u00e1ci\u00f3s erej\u00e9ben esetleg m\u00e9g hiszek, de ha probl\u00e9ma van \u00e9s az zavar, akkor nem besz\u00e9lni akarok r\u00f3la, hanem megoldani. Amikor Ai Wei Wei k\u00e9sz\u00edttetett mag\u00e1r\u00f3l egy fot\u00f3t, amin hason hever a tengerparton, ugyanabban a p\u00f3zban, mint az a v\u00edzbefulladt sz\u00edr kisfi\u00fa, akinek a fot\u00f3ja bej\u00e1rta a vil\u00e1gsajt\u00f3t, \u00e9s err\u0151l a l\u00e9p\u00e9s\u00e9r\u0151l azt gondolta, hogy ez teljesen rendben van, arra gondoltam, ez a fot\u00f3, b\u00e1r nem ezzel a c\u00e9llal k\u00e9sz\u00fclt, de m\u00e9gis ikonikus m\u0171t\u00e1rgya lett a gyomorforgat\u00f3an \u00e9rz\u00e9ketlen \u00f6nhitts\u00e9gnek \u00e9s n\u00e1rcizmusnak, amit egy m\u0171v\u00e9sz k\u00e9pes produk\u00e1lni egyfajta vil\u00e1gjobb\u00edt\u00f3 m\u0171v\u00e9szeti jelmezben.<\/p>\n<p class=\"kerdes\"><span class=\"nev-int\">SA:<\/span> Az \u00f6ntudat \u00e9s t\u00e1rgytudat fejl\u0151d\u00e9s\u00e9nek szoros \u00f6sszetartoz\u00e1sa jelenti annak alapj\u00e1t, hogy m\u0171v\u00e9szet\u00e9ben az \u00e9rtelem sz\u00fcntelen\u00fcl utat keres az \u00e9rzelmek \u00fatveszt\u0151j\u00e9ben?<\/p>\n<p><span class=\"nev-int\">TH:<\/span> Igen. Az \u00e9rzelmek esetemben kap\u00e1sb\u00f3l mindent befalnak, ami felt\u0171nik. Ezt a folyamatot hossz\u00fa id\u0151mbe, sok munk\u00e1mba telt szab\u00e1lyozni, f\u00e9kezni. Azaz, hogy ne v\u00e1ljon minden \u201e\u00e9n\u201d-n\u00e9. A szubjektumom a t\u00e1rgyat be akarja kebelezni, egyr\u00e9szt az \u00f6ssze\u00e9r\u00e9s zsigeri-agressz\u00edv v\u00e1gy\u00e1b\u00f3l fakad\u00f3an, m\u00e1sr\u00e9szt az\u00e9rt, hogy a t\u00e1rgy nem \u00e9n-s\u00e9g\u00e9b\u0151l fakad\u00f3 idegens\u00e9g\u00e9vel ne kelljen megk\u00fczdenem, mert az hal\u00e1lf\u00e9lelemmel j\u00e1r\u00f3 hosszadalmas, neh\u00e9z folyamat. Amikor a szubjektumom befalja a t\u00e1rgyat, akkor hamarosan ki\u00f6klendezi, az \u00e9rzelmi immunrendszerem kidobja. Ez a befal\u00e1si-kivet\u00e9si folyamat rosszull\u00e9ttel, \u00e9rzelmi gyomorront\u00e1ssal, val\u00f3s\u00e1gm\u00e9rgez\u00e9ssel j\u00e1r. Em\u00e9szt\u00e9si probl\u00e9ma. Ilyenkor j\u00f6n az intellektu\u00e1lis h\u00e1r\u00edt\u00e1s csod\u00e1s apr\u00edt\u00f3k\u00e9se: elkezdek a t\u00e1rgyakon gondolkodni. A gondolatokkal darabokra szedem \u0151ket, \u00edgy kil\u00f6k\u0151d\u00e9s n\u00e9lk\u00fcl lecs\u00fasznak sz\u0171k nyel\u0151cs\u00f6vemen. Ugyanakkor a t\u00e1rgy absztrah\u00e1l\u00f3dik ebben a folyamatban, \u00e9letidegen lesz, ami gy\u00e1sszal j\u00e1r. Ez a folyamat k\u00ednz\u00f3, de sokat foglalkoztat. A m\u0171v\u00e9szetem lass\u00fa, repetit\u00edv munkafolyamat, f\u00e9k. A nagy t\u00e1rgybefal\u00e1st f\u00e9kezi. Am\u00edg dolgozom, nem kapkodok, kitartom ezt a fesz\u00fclts\u00e9get, sz\u00e9p lassan rendezem el a t\u00e1rgyat, \u00f6magam, a kett\u0151 k\u00f6z\u00f6tti teret, majd a pontokat, ahol ezek metszik egym\u00e1st. Az eg\u00e9sz m\u0171v\u00e9szetem err\u0151l sz\u00f3l. A val\u00f3s\u00e1gem\u00e9szt\u00e9sr\u0151l. Az indiaiak szerint egy falatot 36-szor kell megr\u00e1gni, esetemben ez 36 ezer r\u00e1g\u00e1st jelent\/val\u00f3s\u00e1gfalat.[\/vc_column_text][\/vc_column][vc_column column_padding=&#8221;no-extra-padding&#8221; column_padding_tablet=&#8221;inherit&#8221; column_padding_phone=&#8221;inherit&#8221; column_padding_position=&#8221;all&#8221; top_margin=&#8221;0&#8243; bottom_margin=&#8221;0&#8243; column_element_direction_desktop=&#8221;default&#8221; column_element_spacing=&#8221;default&#8221; desktop_text_alignment=&#8221;default&#8221; tablet_text_alignment=&#8221;default&#8221; phone_text_alignment=&#8221;default&#8221; background_color_opacity=&#8221;1&#8243; background_hover_color_opacity=&#8221;1&#8243; column_backdrop_filter=&#8221;none&#8221; column_shadow=&#8221;none&#8221; column_border_radius=&#8221;none&#8221; column_link_target=&#8221;_self&#8221; column_position=&#8221;default&#8221; el_class=&#8221;box-l20&#8243; gradient_direction=&#8221;left_to_right&#8221; overlay_strength=&#8221;0.3&#8243; width=&#8221;1\/3&#8243; tablet_width_inherit=&#8221;default&#8221; animation_type=&#8221;default&#8221; bg_image_animation=&#8221;none&#8221; border_type=&#8221;simple&#8221; column_border_width=&#8221;none&#8221; column_border_style=&#8221;solid&#8221; offset=&#8221;vc_col-sm-offset-0 vc_hidden-sm vc_hidden-xs&#8221;][\/vc_column][\/vc_row][vc_row type=&#8221;full_width_content&#8221; full_screen_row_position=&#8221;middle&#8221; column_margin=&#8221;default&#8221; column_direction=&#8221;default&#8221; column_direction_tablet=&#8221;default&#8221; column_direction_phone=&#8221;default&#8221; scene_position=&#8221;center&#8221; text_color=&#8221;dark&#8221; text_align=&#8221;left&#8221; row_border_radius=&#8221;none&#8221; row_border_radius_applies=&#8221;bg&#8221; overflow=&#8221;visible&#8221; class=&#8221;full-5-40&#8243; overlay_strength=&#8221;0.3&#8243; gradient_direction=&#8221;left_to_right&#8221; shape_divider_position=&#8221;bottom&#8221; bg_image_animation=&#8221;none&#8221; shape_type=&#8221;&#8221;][vc_column column_padding=&#8221;no-extra-padding&#8221; column_padding_tablet=&#8221;inherit&#8221; column_padding_phone=&#8221;inherit&#8221; column_padding_position=&#8221;all&#8221; column_element_direction_desktop=&#8221;default&#8221; column_element_spacing=&#8221;default&#8221; desktop_text_alignment=&#8221;default&#8221; tablet_text_alignment=&#8221;default&#8221; phone_text_alignment=&#8221;default&#8221; background_color_opacity=&#8221;1&#8243; background_hover_color_opacity=&#8221;1&#8243; column_backdrop_filter=&#8221;none&#8221; column_shadow=&#8221;none&#8221; column_border_radius=&#8221;none&#8221; column_link_target=&#8221;_self&#8221; column_position=&#8221;default&#8221; gradient_direction=&#8221;left_to_right&#8221; overlay_strength=&#8221;0.3&#8243; width=&#8221;1\/1&#8243; tablet_width_inherit=&#8221;default&#8221; animation_type=&#8221;default&#8221; bg_image_animation=&#8221;none&#8221; border_type=&#8221;simple&#8221; column_border_width=&#8221;none&#8221; column_border_style=&#8221;solid&#8221;][divider line_type=&#8221;No Line&#8221; custom_height=&#8221;40&#8243;][image_with_animation image_url=&#8221;15916&#8243; image_size=&#8221;full&#8221; animation_type=&#8221;entrance&#8221; animation=&#8221;Fade In&#8221; animation_easing=&#8221;default&#8221; animation_movement_type=&#8221;transform_y&#8221; hover_animation=&#8221;none&#8221; alignment=&#8221;center&#8221; img_link_large=&#8221;yes&#8221; border_radius=&#8221;none&#8221; box_shadow=&#8221;none&#8221; image_loading=&#8221;default&#8221; max_width=&#8221;100%&#8221; max_width_mobile=&#8221;default&#8221; el_class=&#8221;full-img&#8221;][vc_column_text]\n<p class=\"kepalir-1r\">Tarr Hajnalka: <em>T\u00e1rgykapcsolat 64,<\/em> 2018, gicl\u00e9e print, sz\u00f6v\u00e9s, 56\u00d773 cm<\/p>\n[\/vc_column_text][divider line_type=&#8221;No Line&#8221; custom_height=&#8221;60&#8243;][\/vc_column][\/vc_row][vc_row type=&#8221;in_container&#8221; full_screen_row_position=&#8221;middle&#8221; column_margin=&#8221;default&#8221; column_direction=&#8221;default&#8221; column_direction_tablet=&#8221;default&#8221; column_direction_phone=&#8221;default&#8221; scene_position=&#8221;center&#8221; top_padding=&#8221;0&#8243; bottom_padding=&#8221;0&#8243; text_color=&#8221;dark&#8221; text_align=&#8221;left&#8221; row_border_radius=&#8221;none&#8221; row_border_radius_applies=&#8221;bg&#8221; overflow=&#8221;visible&#8221; overlay_strength=&#8221;0.3&#8243; gradient_direction=&#8221;left_to_right&#8221; shape_divider_position=&#8221;bottom&#8221; bg_image_animation=&#8221;none&#8221;][vc_column column_padding=&#8221;no-extra-padding&#8221; column_padding_tablet=&#8221;inherit&#8221; column_padding_phone=&#8221;inherit&#8221; column_padding_position=&#8221;all&#8221; column_element_direction_desktop=&#8221;default&#8221; column_element_spacing=&#8221;default&#8221; desktop_text_alignment=&#8221;default&#8221; tablet_text_alignment=&#8221;default&#8221; phone_text_alignment=&#8221;default&#8221; background_color_opacity=&#8221;1&#8243; background_hover_color_opacity=&#8221;1&#8243; column_backdrop_filter=&#8221;none&#8221; column_shadow=&#8221;none&#8221; column_border_radius=&#8221;none&#8221; column_link_target=&#8221;_self&#8221; column_position=&#8221;default&#8221; gradient_direction=&#8221;left_to_right&#8221; overlay_strength=&#8221;0.3&#8243; width=&#8221;2\/3&#8243; tablet_width_inherit=&#8221;default&#8221; animation_type=&#8221;default&#8221; bg_image_animation=&#8221;none&#8221; border_type=&#8221;simple&#8221; column_border_width=&#8221;none&#8221; column_border_style=&#8221;solid&#8221;][vc_column_text css=&#8221;&#8221; text_direction=&#8221;default&#8221;]\n<p class=\"kerdes\"><span class=\"nev-int\">SA:<\/span> Vannak \u201ej\u00f3\u201d \u00e9s \u201erossz\u201d t\u00e1rgyak, illetve a hozz\u00e1juk val\u00f3 viszony alapj\u00e1n paranoi\u00e1s-skizoid helyzetek?<\/p>\n<p><span class=\"nev-int\">TH:<\/span> Nem l\u00e9tezik sz\u00e1momra j\u00f3 \u00e9s rossz, csak ilyen \u00e9s nem ilyen. Ismer\u0151s \u00e9s idegen. \u00c9rtett \u00e9s nem\u00e9rtett. A nem\u00e9rtett f\u00e9lelmetes, a nem\u00e9rtett-r\u0151l nem tudom mit tesz majd velem. De a paranoia m\u00e1r er\u0151s kifejez\u00e9s volna esetemben: ha a \u201edolog\u201d \u201ebemutatkozik\u201d, t\u00f6bbsz\u00f6r artikul\u00e1ltan elmondja a \u201enev\u00e9t\u201d, akkor elm\u00falik a f\u00e9lelem. A paranoia akkor k\u00e9pz\u0151dne meg, ha bemutatkoz\u00e1s ide vagy oda, \u00e9n ragaszkodn\u00e9k ahhoz, amit k\u00e9pzelek r\u00f3la. Nem ragaszkodom.<\/p>\n<p class=\"kerdes\"><span class=\"nev-int\">SA:<\/span> A j\u00f3 \u00e9s rossz \u00e9lm\u00e9nyek \u00f6sszekapcsol\u00e1s\u00e1val egy olyan eg\u00e9szs\u00e9ges \u00e1llapot alakulhat ki, ami azt mondja, van egy k\u00f6z\u00f6s emberi b\u00e1nat, miszerint nincs t\u00f6k\u00e9letes j\u00f3 a f\u00f6ld\u00f6n, s el kell engedn\u00fcnk a primit\u00edv omnipotencia ig\u00e9nyt?<\/p>\n<p><span class=\"nev-int\">TH:<\/span> Igen, ez a megismer\u00e9s l\u00e9nyege. De az \u00e9lm\u00e9nyeket sem j\u00f3-rossz oppoz\u00edci\u00f3ra bontan\u00e1m. Van egy mikroszk\u00f3punk, profi. N\u00e9gy \u00e9vesen n\u00e9ztem el\u0151sz\u00f6r mikroszk\u00f3pba \u2013 tudatm\u00f3dos\u00edt\u00f3 hat\u00e1ssal volt r\u00e1m. A romlott uborkal\u00e9 p\u00e9ld\u00e1ul sokszoros nagy\u00edt\u00e1sban olyan p\u00e1fr\u00e1nyokat mutat a benne l\u00e9v\u0151 s\u00f3krist\u00e1lyok miatt, hogy az ember \u00f3r\u00e1kig n\u00e9zn\u00e9. Am\u00edg egy adott dolgot formailag, szerkezetileg szeml\u00e9lsz, addig nem a jelent\u00e9s\u00e9vel vagy elfoglalva, ami \u00e9rzelmeket v\u00e1lt ki, ami alapj\u00e1n meg\u00edt\u00e9led j\u00f3nak vagy rossznak. Ez nem t\u00e1vol\u00edtja el az \u00edt\u00e9letet, csak el\u0151ker\u00fcl egy m\u00e1sik olvasat \u00e9s valamif\u00e9le kiegyenl\u00edt\u0151d\u00e9st tesz lehet\u0151v\u00e9, egy \u201eis-is\u201d dimenzi\u00f3t jelen\u00edt meg. A megismer\u00e9s minimum cs\u00f6kkenti, vagy ak\u00e1r el is t\u00e1vol\u00edtja a f\u00e9lelmet. Ez m\u00e1r \u00f6nmag\u00e1ban majdnem el\u00e9g. A megismer\u00e9s megengedi, hogy elengedjem az ismeretlens\u00e9gi faktorb\u00f3l ered\u0151 f\u00e9lelmet, majd ezt k\u00f6vet\u0151en elengedjem azt is, amit tudok arr\u00f3l a dologr\u00f3l, mert m\u00e1r nincs arra sz\u00fcks\u00e9gem, hogy tudjak r\u00f3la b\u00e1rmit is, kider\u00fclt hogy \u201eilyen\u201d. Onnant\u00f3l kezdve \u201eadott\u201d, \u201eadva van\u201d, teh\u00e1t ready made. Ready made a riadalom, a f\u00e1jdalom, a neur\u00f3zis, azaz minden bels\u0151 jelens\u00e9g, ahogy a k\u00fcls\u0151k is azok. Pr\u00f3b\u00e1lok az \u00e9let-elem ready made-ekb\u0151l egy ki\u00e1ll\u00edt\u00e1st kre\u00e1lni, amik k\u00f6z\u00f6tt otthonosan s\u00e9t\u00e1lhatok \u00e9s r\u00e1csod\u00e1lkozhatok v\u00e1ltozatoss\u00e1gukra.[\/vc_column_text][\/vc_column][vc_column column_padding=&#8221;no-extra-padding&#8221; column_padding_tablet=&#8221;inherit&#8221; column_padding_phone=&#8221;inherit&#8221; column_padding_position=&#8221;all&#8221; top_margin=&#8221;0&#8243; bottom_margin=&#8221;0&#8243; column_element_direction_desktop=&#8221;default&#8221; column_element_spacing=&#8221;default&#8221; desktop_text_alignment=&#8221;default&#8221; tablet_text_alignment=&#8221;default&#8221; phone_text_alignment=&#8221;default&#8221; background_color_opacity=&#8221;1&#8243; background_hover_color_opacity=&#8221;1&#8243; column_backdrop_filter=&#8221;none&#8221; column_shadow=&#8221;none&#8221; column_border_radius=&#8221;none&#8221; column_link_target=&#8221;_self&#8221; column_position=&#8221;default&#8221; el_class=&#8221;box-l20&#8243; gradient_direction=&#8221;left_to_right&#8221; overlay_strength=&#8221;0.3&#8243; width=&#8221;1\/3&#8243; tablet_width_inherit=&#8221;default&#8221; animation_type=&#8221;default&#8221; bg_image_animation=&#8221;none&#8221; border_type=&#8221;simple&#8221; column_border_width=&#8221;none&#8221; column_border_style=&#8221;solid&#8221; offset=&#8221;vc_col-sm-offset-0 vc_hidden-sm vc_hidden-xs&#8221;][\/vc_column][\/vc_row][vc_row type=&#8221;full_width_content&#8221; full_screen_row_position=&#8221;middle&#8221; column_margin=&#8221;default&#8221; column_direction=&#8221;default&#8221; column_direction_tablet=&#8221;default&#8221; column_direction_phone=&#8221;default&#8221; scene_position=&#8221;center&#8221; text_color=&#8221;dark&#8221; text_align=&#8221;left&#8221; row_border_radius=&#8221;none&#8221; row_border_radius_applies=&#8221;bg&#8221; overflow=&#8221;visible&#8221; class=&#8221;full-5-40&#8243; overlay_strength=&#8221;0.3&#8243; gradient_direction=&#8221;left_to_right&#8221; shape_divider_position=&#8221;bottom&#8221; bg_image_animation=&#8221;none&#8221; shape_type=&#8221;&#8221;][vc_column column_padding=&#8221;no-extra-padding&#8221; column_padding_tablet=&#8221;inherit&#8221; column_padding_phone=&#8221;inherit&#8221; column_padding_position=&#8221;all&#8221; column_element_direction_desktop=&#8221;default&#8221; column_element_spacing=&#8221;default&#8221; desktop_text_alignment=&#8221;default&#8221; tablet_text_alignment=&#8221;default&#8221; phone_text_alignment=&#8221;default&#8221; background_color_opacity=&#8221;1&#8243; background_hover_color_opacity=&#8221;1&#8243; column_backdrop_filter=&#8221;none&#8221; column_shadow=&#8221;none&#8221; column_border_radius=&#8221;none&#8221; column_link_target=&#8221;_self&#8221; column_position=&#8221;default&#8221; gradient_direction=&#8221;left_to_right&#8221; overlay_strength=&#8221;0.3&#8243; width=&#8221;1\/1&#8243; tablet_width_inherit=&#8221;default&#8221; animation_type=&#8221;default&#8221; bg_image_animation=&#8221;none&#8221; border_type=&#8221;simple&#8221; column_border_width=&#8221;none&#8221; column_border_style=&#8221;solid&#8221;][divider line_type=&#8221;No Line&#8221; custom_height=&#8221;40&#8243;][image_with_animation image_url=&#8221;15919&#8243; image_size=&#8221;full&#8221; animation_type=&#8221;entrance&#8221; animation=&#8221;Fade In&#8221; animation_easing=&#8221;default&#8221; animation_movement_type=&#8221;transform_y&#8221; hover_animation=&#8221;none&#8221; alignment=&#8221;center&#8221; img_link_large=&#8221;yes&#8221; border_radius=&#8221;none&#8221; box_shadow=&#8221;none&#8221; image_loading=&#8221;default&#8221; max_width=&#8221;100%&#8221; max_width_mobile=&#8221;default&#8221; el_class=&#8221;full-img&#8221;][vc_column_text]\n<p class=\"kepalir-1r\">Tarr Hajnalka: <em>T\u00e1rgykapcsolat 22,<\/em> 2018, gicl\u00e9e print, sz\u00f6v\u00e9s, 56\u00d773 cm<\/p>\n[\/vc_column_text][divider line_type=&#8221;No Line&#8221; custom_height=&#8221;60&#8243;][\/vc_column][\/vc_row][vc_row type=&#8221;in_container&#8221; full_screen_row_position=&#8221;middle&#8221; column_margin=&#8221;default&#8221; column_direction=&#8221;default&#8221; column_direction_tablet=&#8221;default&#8221; column_direction_phone=&#8221;default&#8221; scene_position=&#8221;center&#8221; top_padding=&#8221;0&#8243; bottom_padding=&#8221;0&#8243; text_color=&#8221;dark&#8221; text_align=&#8221;left&#8221; row_border_radius=&#8221;none&#8221; row_border_radius_applies=&#8221;bg&#8221; overflow=&#8221;visible&#8221; overlay_strength=&#8221;0.3&#8243; gradient_direction=&#8221;left_to_right&#8221; shape_divider_position=&#8221;bottom&#8221; bg_image_animation=&#8221;none&#8221;][vc_column column_padding=&#8221;no-extra-padding&#8221; column_padding_tablet=&#8221;inherit&#8221; column_padding_phone=&#8221;inherit&#8221; column_padding_position=&#8221;all&#8221; column_element_direction_desktop=&#8221;default&#8221; column_element_spacing=&#8221;default&#8221; desktop_text_alignment=&#8221;default&#8221; tablet_text_alignment=&#8221;default&#8221; phone_text_alignment=&#8221;default&#8221; background_color_opacity=&#8221;1&#8243; background_hover_color_opacity=&#8221;1&#8243; column_backdrop_filter=&#8221;none&#8221; column_shadow=&#8221;none&#8221; column_border_radius=&#8221;none&#8221; column_link_target=&#8221;_self&#8221; column_position=&#8221;default&#8221; gradient_direction=&#8221;left_to_right&#8221; overlay_strength=&#8221;0.3&#8243; width=&#8221;2\/3&#8243; tablet_width_inherit=&#8221;default&#8221; animation_type=&#8221;default&#8221; bg_image_animation=&#8221;none&#8221; border_type=&#8221;simple&#8221; column_border_width=&#8221;none&#8221; column_border_style=&#8221;solid&#8221;][vc_column_text css=&#8221;&#8221; text_direction=&#8221;default&#8221;]\n<p class=\"kerdes\"><span class=\"nev-int\">SA:<\/span> Szinte gener\u00e1ci\u00f3k \u00f3ta megfigyelhet\u0151, hogy a fiatal m\u0171v\u00e9szek n\u00e9h\u00e1ny kiv\u00e9telt\u0151l eltekintve alig ny\u00falnak a performansz m\u0171fajhoz, \u00e9s ha m\u00e9gis, akkor is a leggyakoribb a klasszikus performanszok \u00fajraj\u00e1tsz\u00e1sa. Az \u00f6n performat\u00edv jelleg\u0171 gesztusai mennyiben \u00e9lesztik \u00fajra a neoavantgard m\u0171v\u00e9szeti praxist, illetve mennyiben vesznek \u00faj \u00e9s szokatlan ir\u00e1nyt?<\/p>\n<p><span class=\"nev-int\">TH:<\/span> Ez a k\u00e9rd\u00e9s el\u0151felt\u00e9telezi, hogy egy k\u00e9pz\u0151m\u0171v\u00e9sz olyan szempontb\u00f3l n\u00e9z saj\u00e1t praxis\u00e1ra, mint egy m\u0171v\u00e9szett\u00f6rt\u00e9n\u00e9sz: egyr\u00e9szt k\u00edv\u00fclr\u0151l, m\u00e1sr\u00e9szt a m\u0171v\u00e9szett\u00f6rt\u00e9net koordin\u00e1tarendszer\u00e9ben, mint els\u0151dleges kontextusban \u00e1llva. Nem tudom, egyes k\u00e9pz\u0151m\u0171v\u00e9szek eset\u00e9ben ez hogyan t\u00f6rt\u00e9nik, de felt\u00e9telezem, hogy a k\u00e9pz\u0151m\u0171v\u00e9szek els\u0151dleges kontextus\u00e1t sz\u00fcks\u00e9gszer\u0171en \u00f6nmaguk val\u00f3s\u00e1ga k\u00e9pezi. Bel\u00fclr\u0151l n\u00e9znek kifel\u00e9 a m\u0171v\u00e9szett\u00f6rt\u00e9netre, amiben elhelyezik saj\u00e1t gondolatmenet\u00fcket dokument\u00e1l\u00f3 t\u00e1rgyaikat. Technika \u00e9s forma ment\u00e9n k\u00f6nnyed\u00e9n kapcsolhatunk t\u00e1rgyat t\u00e1rgyhoz: ez is cs\u00edkos, az is cs\u00edkos, ezen is fekete-feh\u00e9r n\u0151i aktot l\u00e1tunk, azon is. Egy m\u0171v\u00e9sz a munkafolyamat alatt valamilyen formai v\u00e9geredm\u00e9nyre jut, viszont maga a munkafolyamat, a m\u0171v\u00e9szb\u0151l fakad\u00f3 okok, amelyek ment\u00e9n bizonyos formai megold\u00e1sokra jut, sokkal l\u00e9nyegesebbek, mint a v\u00e9geredm\u00e9ny. Vagyis az, hogy a m\u0171 pontosan k\u00f6zvet\u00edti a m\u0171v\u00e9sz szeml\u00e9let\u00e9t, vagy sem. Egy m\u0171nek sz\u00e1momra a pontoss\u00e1g a m\u00e9rc\u00e9je. A m\u0171v\u00e9szet, mivel szakma is, l\u00e9nyeges, hogy az ember tiszt\u00e1ban legyen azzal, hogy az a t\u00e1rgy, ami gondolatdokument\u00e1ci\u00f3k\u00e9nt j\u00f6n l\u00e9tre, technikailag, formailag milyen referenci\u00e1kra utal. Hiszen a t\u00e1rgy onnant\u00f3l kezdve, hogy a ki\u00e1ll\u00edt\u00f3 t\u00e9rben megjelenik, aktiv\u00e1lja a befogad\u00f3ban a m\u00e1r ismert m\u0171v\u00e9szeti munk\u00e1k tartalmait, kontexusait a formai hasonl\u00f3s\u00e1gok ment\u00e9n, \u00e9s ezzel musz\u00e1j hogy sz\u00e1moljon, musz\u00e1j hogy tudjon arr\u00f3l, menynire viszi f\u00e9lre vagy \u00e9ppen hangs\u00falyozza a munka jelent\u00e9s\u00e9t, ha kor\u00e1bbi referenci\u00e1k jelent\u00e9s\u00e9t h\u00edvja el\u0151. Az hogy \u00faj \u00e9s szokatlan ir\u00e1nyt mutatnak-e gesztusaim vagy sem, \u00e9s ha igen, milyen m\u00e9rt\u00e9kben a neoavantgard praxisokhoz k\u00e9pest, l\u00e9nyegtelen szempont \u2013 sz\u00e1momra. Hacsak a munk\u00e1imnak nem ez volna a koncepci\u00f3ja, c\u00e9lja, de nem ez, \u00e9s elegend\u0151 egy\u00e9b inform\u00e1ci\u00f3 van a munk\u00e1kba belek\u00f3dolva ahhoz, hogy ez vil\u00e1gos is legyen: nem a neoavantgardhoz val\u00f3 viszonyomr\u00f3l sz\u00f3lnak a munk\u00e1k. A gesztusaim a neoavantgardban megismertekhez k\u00e9pest lehetnek vagy sem \u00fajszer\u0171ek, szokatlanok, sz\u00e1momra ezek a gesztusaim nagyon is alapvet\u0151ek \u00e9s a saj\u00e1t \u201e\u00fatvonalamon\u201d hangs\u00falyosabban \u00e9rintik p\u00e9ld\u00e1ul a balettben magam\u00e9v\u00e1 tett testtudatomat, vagy olyan festm\u00e9nyek tanulm\u00e1nyoz\u00e1s\u00e1t, melyek k\u00f6z\u00e9ppontj\u00e1ban egy n\u0151 van, aki tart valamit, mint a neoavantgard n\u0151i aktfot\u00f3it.<\/p>\n<p>Ha m\u00e1r m\u0171v\u00e9szett\u00f6rt\u00e9neti kapcsol\u00f3d\u00e1sokat szeml\u00e9l\u00fcnk, akkor Lucas Cranach 1532-ben festett <em>V\u00e9nusz<\/em>a a kiindul\u00f3pont, egy apr\u00f3 festm\u00e9ny, homog\u00e9n fekete h\u00e1tt\u00e9rrel: egy n\u0151 kontraposztban \u00e1ttetsz\u0151 leplet tart maga el\u00e9. Az \u00e9rdekelt, hogy a m\u0171v\u00e9szett\u00f6rt\u00e9netben megfestett n\u0151kh\u00f6z miket rendelnek, mi van a kez\u00fckben \u00e9s vajon az \u00e9n kezemben mi van. A matek ugyanaz: 3 elem kapcsol\u00f3dik \u00f6ssze a k\u00e9pen. Egy n\u0151, a tart\u00e1s, \u00e9s a tartott t\u00e1rgy. Ennek a h\u00e1rmasnak sz\u00e1mtalan tov\u00e1bbi referenci\u00e1ja van, sz\u00e1momra a fizik\u00e1ban bizony\u00edtott h\u00e1rmas a p\u00e1rhuzamok v\u00e9gpontja: a megfigyel\u0151, a megfigyel\u00e9s folyamata \u00e9s a megfigyelt t\u00e1rgy nem v\u00e1laszthat\u00f3 el egym\u00e1st\u00f3l. Egym\u00e1s kontextusai, egym\u00e1sra befoly\u00e1ssal b\u00edr\u00f3 elemek. K\u00e9t elemet \u00f6sszeragaszt\u00f3 cselekv\u00e9s, ige, a h\u00edd. Mi az \u00e9n identit\u00e1som, amikor kapcsol\u00f3dok? Ikonikus, valamit tart\u00f3 n\u0151k a m\u0171v\u00e9szett\u00f6rt\u00e9netben tartanak pl. hermelint, halott J\u00e9zust, \u00e9l\u0151 J\u00e9zust, tejeskann\u00e1t, z\u00e1szl\u00f3t, kardot\u2026 Az, amit tartunk, ebben az egys\u00e9gben visszahat r\u00e1nk, attrib\u00fatumunkk\u00e1 v\u00e1lik. Az foglalkoztatott, mi az akart attrib\u00fatumom, \u00e9s mi az, ami nem akart, de m\u00e9gis az, m\u00e9gis hozz\u00e1m rendelt. Hogyan tudom ezeket a k\u00fcl\u00f6nb\u00f6z\u0151 attrib\u00fatum\u00fa szem\u00e9lyis\u00e9geimet \u00f6sszeegyeztetni.<\/p>\n<p>Mutat vagy elvesz a n\u0151b\u0151l a maga el\u00e9 tartott t\u00e1rgy? Egy akt val\u00f3j\u00e1ban mit fejez ki? Felt\u00e1rulkoz\u00e1s\u00e1t? Vagy annak a lehetelens\u00e9g\u00e9t? Ha m\u00e1r neovantgard \u00e9s fot\u00f3 \u00e9s n\u0151i alkot\u00f3, nekem is felt\u0171nt, hogy sorozatomban n\u00e9gyzet-s\u00edkot tartok, \u00e9s egy olyannal sz\u00f6v\u00f6m \u00f6ssze, amelyben azt a s\u00edkot elforgatom, \u00edgy pedig egy nagyon j\u00f3l ismert Maurer D\u00f3ra munk\u00e1t id\u00e9z\u0151 sz\u0151tt k\u00e9p keletkezett. D\u00f3ra mesterem volt, \u00e9s m\u00e1ig is bar\u00e1ti kapcsolatban vagyunk, \u00e1t is k\u00fcldtem neki a fent eml\u00edtett k\u00e9pet, hogy n\u00e9zd csak D\u00f3ra, h\u00e1t nem \u00e9n is j\u00f3l megforgattam egy n\u00e9gyzet-s\u00edkot? Nem ez az els\u0151 eset, hogy csin\u00e1lok valamit, aminek formailag van el\u0151k\u00e9pe: Sol Lewitt, Kentridge, Mona Hatoum.<\/p>\n<p>A performansz sz\u00e1momra egy ambivalens m\u0171faj. Nagyon kev\u00e9s olyat l\u00e1ttam, amit nem \u00e9reztem patetikusnak, barokkosnak. Sok nekem. \u00c9vekig balettoztam, a mozdulatokkal val\u00f3 besz\u00e9d att\u00f3l f\u00fcggetlen\u00fcl, hogy nem vittem professzion\u00e1lis sz\u00ednt\u00e9rre, eszk\u00f6zt\u00e1ram elemei k\u00f6z\u00f6tt maradt, mint adotts\u00e1g.[\/vc_column_text][\/vc_column][vc_column column_padding=&#8221;no-extra-padding&#8221; column_padding_tablet=&#8221;inherit&#8221; column_padding_phone=&#8221;inherit&#8221; column_padding_position=&#8221;all&#8221; top_margin=&#8221;0&#8243; bottom_margin=&#8221;0&#8243; column_element_direction_desktop=&#8221;default&#8221; column_element_spacing=&#8221;default&#8221; desktop_text_alignment=&#8221;default&#8221; tablet_text_alignment=&#8221;default&#8221; phone_text_alignment=&#8221;default&#8221; background_color_opacity=&#8221;1&#8243; background_hover_color_opacity=&#8221;1&#8243; column_backdrop_filter=&#8221;none&#8221; column_shadow=&#8221;none&#8221; column_border_radius=&#8221;none&#8221; column_link_target=&#8221;_self&#8221; column_position=&#8221;default&#8221; el_class=&#8221;box-l20&#8243; gradient_direction=&#8221;left_to_right&#8221; overlay_strength=&#8221;0.3&#8243; width=&#8221;1\/3&#8243; tablet_width_inherit=&#8221;default&#8221; animation_type=&#8221;default&#8221; bg_image_animation=&#8221;none&#8221; border_type=&#8221;simple&#8221; column_border_width=&#8221;none&#8221; column_border_style=&#8221;solid&#8221; offset=&#8221;vc_col-sm-offset-0 vc_hidden-sm vc_hidden-xs&#8221;][\/vc_column][\/vc_row][vc_row type=&#8221;full_width_content&#8221; full_screen_row_position=&#8221;middle&#8221; column_margin=&#8221;default&#8221; column_direction=&#8221;default&#8221; column_direction_tablet=&#8221;default&#8221; column_direction_phone=&#8221;default&#8221; scene_position=&#8221;center&#8221; text_color=&#8221;dark&#8221; text_align=&#8221;left&#8221; row_border_radius=&#8221;none&#8221; row_border_radius_applies=&#8221;bg&#8221; overflow=&#8221;visible&#8221; class=&#8221;full-5-40&#8243; overlay_strength=&#8221;0.3&#8243; gradient_direction=&#8221;left_to_right&#8221; shape_divider_position=&#8221;bottom&#8221; bg_image_animation=&#8221;none&#8221; shape_type=&#8221;&#8221;][vc_column column_padding=&#8221;no-extra-padding&#8221; column_padding_tablet=&#8221;inherit&#8221; column_padding_phone=&#8221;inherit&#8221; column_padding_position=&#8221;all&#8221; column_element_direction_desktop=&#8221;default&#8221; column_element_spacing=&#8221;default&#8221; desktop_text_alignment=&#8221;default&#8221; tablet_text_alignment=&#8221;default&#8221; phone_text_alignment=&#8221;default&#8221; background_color_opacity=&#8221;1&#8243; background_hover_color_opacity=&#8221;1&#8243; column_backdrop_filter=&#8221;none&#8221; column_shadow=&#8221;none&#8221; column_border_radius=&#8221;none&#8221; column_link_target=&#8221;_self&#8221; column_position=&#8221;default&#8221; gradient_direction=&#8221;left_to_right&#8221; overlay_strength=&#8221;0.3&#8243; width=&#8221;1\/1&#8243; tablet_width_inherit=&#8221;default&#8221; animation_type=&#8221;default&#8221; bg_image_animation=&#8221;none&#8221; border_type=&#8221;simple&#8221; column_border_width=&#8221;none&#8221; column_border_style=&#8221;solid&#8221;][divider line_type=&#8221;No Line&#8221; custom_height=&#8221;40&#8243;][image_with_animation image_url=&#8221;15921&#8243; image_size=&#8221;full&#8221; animation_type=&#8221;entrance&#8221; animation=&#8221;Fade In&#8221; animation_easing=&#8221;default&#8221; animation_movement_type=&#8221;transform_y&#8221; hover_animation=&#8221;none&#8221; alignment=&#8221;center&#8221; img_link_large=&#8221;yes&#8221; border_radius=&#8221;none&#8221; box_shadow=&#8221;none&#8221; image_loading=&#8221;default&#8221; max_width=&#8221;100%&#8221; max_width_mobile=&#8221;default&#8221; el_class=&#8221;full-img&#8221;][vc_column_text]\n<p class=\"kepalir-1r\">Tarr Hajnalka: <em>T\u00e1rgykapcsolat 14,<\/em> 2018, gicl\u00e9e print, sz\u00f6v\u00e9s, 56\u00d773 cm<\/p>\n[\/vc_column_text][divider line_type=&#8221;No Line&#8221; custom_height=&#8221;60&#8243;][\/vc_column][\/vc_row][vc_row type=&#8221;in_container&#8221; full_screen_row_position=&#8221;middle&#8221; column_margin=&#8221;default&#8221; column_direction=&#8221;default&#8221; column_direction_tablet=&#8221;default&#8221; column_direction_phone=&#8221;default&#8221; scene_position=&#8221;center&#8221; top_padding=&#8221;0&#8243; bottom_padding=&#8221;0&#8243; text_color=&#8221;dark&#8221; text_align=&#8221;left&#8221; row_border_radius=&#8221;none&#8221; row_border_radius_applies=&#8221;bg&#8221; overflow=&#8221;visible&#8221; overlay_strength=&#8221;0.3&#8243; gradient_direction=&#8221;left_to_right&#8221; shape_divider_position=&#8221;bottom&#8221; bg_image_animation=&#8221;none&#8221;][vc_column column_padding=&#8221;no-extra-padding&#8221; column_padding_tablet=&#8221;inherit&#8221; column_padding_phone=&#8221;inherit&#8221; column_padding_position=&#8221;all&#8221; column_element_direction_desktop=&#8221;default&#8221; column_element_spacing=&#8221;default&#8221; desktop_text_alignment=&#8221;default&#8221; tablet_text_alignment=&#8221;default&#8221; phone_text_alignment=&#8221;default&#8221; background_color_opacity=&#8221;1&#8243; background_hover_color_opacity=&#8221;1&#8243; column_backdrop_filter=&#8221;none&#8221; column_shadow=&#8221;none&#8221; column_border_radius=&#8221;none&#8221; column_link_target=&#8221;_self&#8221; column_position=&#8221;default&#8221; gradient_direction=&#8221;left_to_right&#8221; overlay_strength=&#8221;0.3&#8243; width=&#8221;2\/3&#8243; tablet_width_inherit=&#8221;default&#8221; animation_type=&#8221;default&#8221; bg_image_animation=&#8221;none&#8221; border_type=&#8221;simple&#8221; column_border_width=&#8221;none&#8221; column_border_style=&#8221;solid&#8221;][vc_column_text css=&#8221;&#8221; text_direction=&#8221;default&#8221;]\n<p class=\"kerdes\"><span class=\"nev-int\">SA:<\/span> Ill\u00fazi\u00f3 \u00e9s ki\u00e1br\u00e1ndults\u00e1g egy cip\u0151ben j\u00e1rnak? Ahogyan a pszichoanal\u00edzisnek, \u00fagy a m\u0171v\u00e9szetnek is lehet c\u00e9lja az, hogy megszabad\u00edtsa a szabads\u00e1got az ill\u00fazi\u00f3kt\u00f3l?<\/p>\n<p><span class=\"nev-int\">TH:<\/span> Nem tudom, hogy a m\u0171v\u00e9szetnek van-e c\u00e9lja \u00e1ltal\u00e1ban \u00e9s az mif\u00e9le. Az \u00e9n m\u0171v\u00e9szetem egy eszk\u00f6z, egy em\u00e9szt\u0151 rendszer, esetemben c\u00e9lja nincs, mert nekem sincs c\u00e9lom. Az \u00e9rt\u00e9s sem c\u00e9l, az \u00e9rt\u00e9s l\u00e9tsz\u00fcks\u00e9glet, a m\u0171v\u00e9szetem az \u00e9rt\u00e9si folyamatban seg\u00edt \u2013 nekem, vagyis l\u00e9tezni seg\u00edt. Van, aki fut\u00f3g\u00e9pet haszn\u00e1l, hogy fogyjon, van aki m\u0171ves\u00e9t, hogy kiv\u00e1lasszon, van aki m\u0171v\u00e9szetet, hogy \u00e9rtsen, napr\u00f3l napra meg ne bolonduljon. A szabads\u00e1g maga az ill\u00fazi\u00f3kt\u00f3l val\u00f3 megszabadul\u00e1s, annak \u00e9rt\u00e9se, hogy a dolgok vannak is meg nem is, hogy v\u00e9gs\u0151 form\u00e1jukban nincs form\u00e1juk. Nem c\u00e9lom ezen a szinten l\u00e1tni a jelens\u00e9geket, mert akkor egy kolostorban kellene medit\u00e1lnom eg\u00e9sz \u00e9letemben, ez nem izgat, de m\u00e9gis ebbe az ir\u00e1nyba tartok, mert nincs m\u00e1s ir\u00e1ny. Persze k\u00f6zben sz\u00e1molva azzal is, hogy egyszer\u0171en es\u00e9ly\u00fcnk sincs nem ill\u00fazi\u00f3t l\u00e1tni. Ak\u00e1rhonnan n\u00e9zz\u00fck \u2013 \u00e9rz\u00e9kszerveink, idegrendszer\u00fcnk, vagyis minden, amire t\u00e1maszkodunk \u2013, amikor a val\u00f3s\u00e1got pr\u00f3b\u00e1ljuk meg\u00e9rteni, mint vegytiszta valamit \u2013 alkalmatlanok arra, amire haszn\u00e1lni adatottak, alkalmatlanok a val\u00f3s\u00e1g tot\u00e1lis \u00e9s direkt, nyers form\u00e1j\u00fa \u00e9rz\u00e9kel\u00e9s\u00e9re.[\/vc_column_text][\/vc_column][vc_column column_padding=&#8221;no-extra-padding&#8221; column_padding_tablet=&#8221;inherit&#8221; column_padding_phone=&#8221;inherit&#8221; column_padding_position=&#8221;all&#8221; top_margin=&#8221;0&#8243; bottom_margin=&#8221;0&#8243; column_element_direction_desktop=&#8221;default&#8221; column_element_spacing=&#8221;default&#8221; desktop_text_alignment=&#8221;default&#8221; tablet_text_alignment=&#8221;default&#8221; phone_text_alignment=&#8221;default&#8221; background_color_opacity=&#8221;1&#8243; background_hover_color_opacity=&#8221;1&#8243; column_backdrop_filter=&#8221;none&#8221; column_shadow=&#8221;none&#8221; column_border_radius=&#8221;none&#8221; column_link_target=&#8221;_self&#8221; column_position=&#8221;default&#8221; el_class=&#8221;box-l20&#8243; gradient_direction=&#8221;left_to_right&#8221; overlay_strength=&#8221;0.3&#8243; width=&#8221;1\/3&#8243; tablet_width_inherit=&#8221;default&#8221; animation_type=&#8221;default&#8221; bg_image_animation=&#8221;none&#8221; border_type=&#8221;simple&#8221; column_border_width=&#8221;none&#8221; column_border_style=&#8221;solid&#8221; offset=&#8221;vc_col-sm-offset-0 vc_hidden-sm vc_hidden-xs&#8221;][\/vc_column][\/vc_row][vc_row type=&#8221;full_width_content&#8221; full_screen_row_position=&#8221;middle&#8221; column_margin=&#8221;default&#8221; column_direction=&#8221;default&#8221; column_direction_tablet=&#8221;default&#8221; column_direction_phone=&#8221;default&#8221; scene_position=&#8221;center&#8221; text_color=&#8221;dark&#8221; text_align=&#8221;left&#8221; row_border_radius=&#8221;none&#8221; row_border_radius_applies=&#8221;bg&#8221; overflow=&#8221;visible&#8221; class=&#8221;full-5-40&#8243; overlay_strength=&#8221;0.3&#8243; gradient_direction=&#8221;left_to_right&#8221; shape_divider_position=&#8221;bottom&#8221; bg_image_animation=&#8221;none&#8221; shape_type=&#8221;&#8221;][vc_column column_padding=&#8221;no-extra-padding&#8221; column_padding_tablet=&#8221;inherit&#8221; column_padding_phone=&#8221;inherit&#8221; column_padding_position=&#8221;all&#8221; column_element_direction_desktop=&#8221;default&#8221; column_element_spacing=&#8221;default&#8221; desktop_text_alignment=&#8221;default&#8221; tablet_text_alignment=&#8221;default&#8221; phone_text_alignment=&#8221;default&#8221; background_color_opacity=&#8221;1&#8243; background_hover_color_opacity=&#8221;1&#8243; column_backdrop_filter=&#8221;none&#8221; column_shadow=&#8221;none&#8221; column_border_radius=&#8221;none&#8221; column_link_target=&#8221;_self&#8221; column_position=&#8221;default&#8221; gradient_direction=&#8221;left_to_right&#8221; overlay_strength=&#8221;0.3&#8243; width=&#8221;1\/1&#8243; tablet_width_inherit=&#8221;default&#8221; animation_type=&#8221;default&#8221; bg_image_animation=&#8221;none&#8221; border_type=&#8221;simple&#8221; column_border_width=&#8221;none&#8221; column_border_style=&#8221;solid&#8221;][divider line_type=&#8221;No Line&#8221; custom_height=&#8221;40&#8243;][image_with_animation image_url=&#8221;15923&#8243; image_size=&#8221;full&#8221; animation_type=&#8221;entrance&#8221; animation=&#8221;Fade In&#8221; animation_easing=&#8221;default&#8221; animation_movement_type=&#8221;transform_y&#8221; hover_animation=&#8221;none&#8221; alignment=&#8221;center&#8221; img_link_large=&#8221;yes&#8221; border_radius=&#8221;none&#8221; box_shadow=&#8221;none&#8221; image_loading=&#8221;default&#8221; max_width=&#8221;100%&#8221; max_width_mobile=&#8221;default&#8221; el_class=&#8221;full-img&#8221;][vc_column_text]\n<p class=\"kepalir-1r\">Tarr Hajnalka: <em>T\u00e1rgykapcsolat 66,<\/em> 2018, gicl\u00e9e print, sz\u00f6v\u00e9s, 56\u00d773 cm<\/p>\n[\/vc_column_text][divider line_type=&#8221;No Line&#8221; custom_height=&#8221;60&#8243;][\/vc_column][\/vc_row][vc_row type=&#8221;in_container&#8221; full_screen_row_position=&#8221;middle&#8221; column_margin=&#8221;default&#8221; column_direction=&#8221;default&#8221; column_direction_tablet=&#8221;default&#8221; column_direction_phone=&#8221;default&#8221; scene_position=&#8221;center&#8221; top_padding=&#8221;0&#8243; bottom_padding=&#8221;0&#8243; text_color=&#8221;dark&#8221; text_align=&#8221;left&#8221; row_border_radius=&#8221;none&#8221; row_border_radius_applies=&#8221;bg&#8221; overflow=&#8221;visible&#8221; overlay_strength=&#8221;0.3&#8243; gradient_direction=&#8221;left_to_right&#8221; shape_divider_position=&#8221;bottom&#8221; bg_image_animation=&#8221;none&#8221;][vc_column column_padding=&#8221;no-extra-padding&#8221; column_padding_tablet=&#8221;inherit&#8221; column_padding_phone=&#8221;inherit&#8221; column_padding_position=&#8221;all&#8221; column_element_direction_desktop=&#8221;default&#8221; column_element_spacing=&#8221;default&#8221; desktop_text_alignment=&#8221;default&#8221; tablet_text_alignment=&#8221;default&#8221; phone_text_alignment=&#8221;default&#8221; background_color_opacity=&#8221;1&#8243; background_hover_color_opacity=&#8221;1&#8243; column_backdrop_filter=&#8221;none&#8221; column_shadow=&#8221;none&#8221; column_border_radius=&#8221;none&#8221; column_link_target=&#8221;_self&#8221; column_position=&#8221;default&#8221; gradient_direction=&#8221;left_to_right&#8221; overlay_strength=&#8221;0.3&#8243; width=&#8221;2\/3&#8243; tablet_width_inherit=&#8221;default&#8221; animation_type=&#8221;default&#8221; bg_image_animation=&#8221;none&#8221; border_type=&#8221;simple&#8221; column_border_width=&#8221;none&#8221; column_border_style=&#8221;solid&#8221;][vc_column_text css=&#8221;&#8221; text_direction=&#8221;default&#8221;]\n<p class=\"kerdes\"><span class=\"nev-int\">SA:<\/span> A val\u00f3s\u00e1g hiteles \u00e9szlel\u00e9se egybetartja az \u00e9lm\u00e9ny fesz\u00fclts\u00e9gekkel terhes komplexit\u00e1s\u00e1t? \u00c9rett t\u00e1rgykapcsolatok h\u00edj\u00e1n ez a fesz\u00fclts\u00e9g elviselhetetlen, s a val\u00f3s\u00e1g meghamis\u00edt\u00e1sa j\u00f3 es\u00e9llyel bek\u00f6vetkezik?<\/p>\n<p><span class=\"nev-int\">TH:<\/span> Szerencs\u00e9re vagy sem, de ahogy azt m\u00e1r mondtam, a val\u00f3s\u00e1got k\u00e9ptelens\u00e9g hitelesen \u00e9rteni\/\u00e9szlelni, nevezz\u00fck b\u00e1rhogy. Att\u00f3l f\u00fcggetlen\u00fcl igen, \u00e9rett t\u00e1rgykapcsolatokat kinevelni sz\u00fcks\u00e9gszer\u0171, egy\u00e9bk\u00e9nt a fesz\u00fclts\u00e9g puszt\u00edt\u00f3. Mindig is hamis\u00edtani fogunk, hamis\u00edt\u00f3 idegrendszer\u00fcnk van. K\u00e9t l\u00e1bon j\u00e1r\u00f3 hamis\u00edt\u00f3k vagyunk. \u00cdgy a komplexit\u00e1s megmarad. A fesz\u00fclts\u00e9g enyh\u00fclhet a hamis\u00edt\u00e1si folyamatok megismer\u00e9s\u00e9vel. Vagyis \u00f6nmagunk \u00e9s annak megismer\u00e9s\u00e9vel, hogy meddig ismerhet\u00fcnk meg mi sz\u00fcletett hamis\u00edt\u00f3k b\u00e1rmit is.<\/p>\n<p>Sz\u00e1momra mindig is fej-fej mellett haladt a val\u00f3s\u00e1g vegytiszta form\u00e1ban val\u00f3 l\u00e1t\u00e1s\u00e1nak \u00e9ltet\u0151 v\u00e1gya \u00e9s a val\u00f3s\u00e1gt\u00f3l val\u00f3 \u00f6szt\u00f6n\u00f6s f\u00e9lelem\/inkompetencia gy\u00e1rtotta ill\u00fazi\u00f3k elbuk\u00e1s\u00e1b\u00f3l fakad\u00f3 (vagy \u00e9pp a szubjekt\u00edv ill\u00fazi\u00f3k \u00e9s \u2013 nevezz\u00fck \u00edgy \u2013 objekt\u00edv ill\u00fazi\u00f3k k\u00fcl\u00f6nbs\u00e9g\u00e9b\u0151l fakad\u00f3 frusztr\u00e1ci\u00f3) f\u00e1jdalom elker\u00fcl\u00e9s\u00e9nek reflexe. Kezdetben nagyobb volt a val\u00f3s\u00e1g megismer\u00e9s\u00e9vel j\u00e1r\u00f3 ill\u00fazi\u00f3veszt\u00e9s k\u00ednja, mint a megismer\u00e9s \u00e1ltal meg\u00e9lt pillanatnyi kiel\u00e9g\u00fcl\u00e9s, \u00f6r\u00f6m. Sok\u00e1ig \u00e9reztem azt, hogy lehet, belepusztulok. Olyan hat\u00e9vesen kezdtem, \u00e9s nagyj\u00e1b\u00f3l 35 \u00e9ves koromig sz\u00edntiszta, lassan-lassan enyh\u00fcl\u0151 f\u00e1j\u00e1s volt. 400 \u00f3r\u00e1t t\u00f6lt\u00f6ttem anal\u00edzisben, ami\u00f3ta az eszemet tudom a megismer\u00e9ssel j\u00e1r\u00f3 szabads\u00e1g, megmenek\u00fcl\u00e9s a programom. Mindent ebbe forgatok bele, minden ennek a labornak a \u201et\u00e1rgya\u201d. Minden pillanat, minden \u00e9szlel\u00e9s. Mostanra azt \u00e9rzem, a megismer\u00e9s elh\u00fazott a f\u00e1jdalom mellett, \u00e9s a megismer\u00e9sb\u0151l fakad\u00f3 nyugalom v\u00e9gre lehet\u0151v\u00e9 teszi, hogy \u00e1t is \u00e9lhessem azt, beengedhessem azt, ami k\u00f6zeledik fel\u00e9m, mert ismerem, nem kell rajta kattogni, megk\u00fczdeni az idegens\u00e9g\u00e9vel. Azt hiszem 80 \u00e9ves koromban m\u00e1r nagyon j\u00f3l fogom magam \u00e9rezni.[\/vc_column_text][\/vc_column][vc_column column_padding=&#8221;no-extra-padding&#8221; column_padding_tablet=&#8221;inherit&#8221; column_padding_phone=&#8221;inherit&#8221; column_padding_position=&#8221;all&#8221; top_margin=&#8221;0&#8243; bottom_margin=&#8221;0&#8243; column_element_direction_desktop=&#8221;default&#8221; column_element_spacing=&#8221;default&#8221; desktop_text_alignment=&#8221;default&#8221; tablet_text_alignment=&#8221;default&#8221; phone_text_alignment=&#8221;default&#8221; background_color_opacity=&#8221;1&#8243; background_hover_color_opacity=&#8221;1&#8243; column_backdrop_filter=&#8221;none&#8221; column_shadow=&#8221;none&#8221; column_border_radius=&#8221;none&#8221; column_link_target=&#8221;_self&#8221; column_position=&#8221;default&#8221; el_class=&#8221;box-l20&#8243; gradient_direction=&#8221;left_to_right&#8221; overlay_strength=&#8221;0.3&#8243; width=&#8221;1\/3&#8243; tablet_width_inherit=&#8221;default&#8221; animation_type=&#8221;default&#8221; bg_image_animation=&#8221;none&#8221; border_type=&#8221;simple&#8221; column_border_width=&#8221;none&#8221; column_border_style=&#8221;solid&#8221; offset=&#8221;vc_col-sm-offset-0 vc_hidden-sm vc_hidden-xs&#8221;][\/vc_column][\/vc_row][vc_row type=&#8221;full_width_content&#8221; full_screen_row_position=&#8221;middle&#8221; column_margin=&#8221;default&#8221; column_direction=&#8221;default&#8221; column_direction_tablet=&#8221;default&#8221; column_direction_phone=&#8221;default&#8221; scene_position=&#8221;center&#8221; text_color=&#8221;dark&#8221; text_align=&#8221;left&#8221; row_border_radius=&#8221;none&#8221; row_border_radius_applies=&#8221;bg&#8221; overflow=&#8221;visible&#8221; class=&#8221;full-5-25&#8243; overlay_strength=&#8221;0.3&#8243; gradient_direction=&#8221;left_to_right&#8221; shape_divider_position=&#8221;bottom&#8221; bg_image_animation=&#8221;none&#8221; shape_type=&#8221;&#8221;][vc_column column_padding=&#8221;no-extra-padding&#8221; column_padding_tablet=&#8221;inherit&#8221; column_padding_phone=&#8221;inherit&#8221; column_padding_position=&#8221;all&#8221; column_element_direction_desktop=&#8221;default&#8221; column_element_spacing=&#8221;default&#8221; desktop_text_alignment=&#8221;default&#8221; tablet_text_alignment=&#8221;default&#8221; phone_text_alignment=&#8221;default&#8221; background_color_opacity=&#8221;1&#8243; background_hover_color_opacity=&#8221;1&#8243; column_backdrop_filter=&#8221;none&#8221; column_shadow=&#8221;none&#8221; column_border_radius=&#8221;none&#8221; column_link_target=&#8221;_self&#8221; column_position=&#8221;default&#8221; gradient_direction=&#8221;left_to_right&#8221; overlay_strength=&#8221;0.3&#8243; width=&#8221;1\/1&#8243; tablet_width_inherit=&#8221;default&#8221; animation_type=&#8221;default&#8221; bg_image_animation=&#8221;none&#8221; border_type=&#8221;simple&#8221; column_border_width=&#8221;none&#8221; column_border_style=&#8221;solid&#8221;][divider line_type=&#8221;No Line&#8221; custom_height=&#8221;40&#8243;][image_with_animation image_url=&#8221;15925&#8243; image_size=&#8221;full&#8221; animation_type=&#8221;entrance&#8221; animation=&#8221;Fade In&#8221; animation_easing=&#8221;default&#8221; animation_movement_type=&#8221;transform_y&#8221; hover_animation=&#8221;none&#8221; alignment=&#8221;center&#8221; img_link_large=&#8221;yes&#8221; border_radius=&#8221;none&#8221; box_shadow=&#8221;none&#8221; image_loading=&#8221;default&#8221; max_width=&#8221;100%&#8221; max_width_mobile=&#8221;default&#8221; el_class=&#8221;full-img&#8221;][vc_column_text]\n<p class=\"kepalir-1r\">Tarr Hajnalka: <em>A nagy s\u00edktart\u00f3,<\/em> 2018, gicl\u00e9e print, sz\u00f6v\u00e9s, 103\u00d7120 cm<\/p>\n[\/vc_column_text][\/vc_column][\/vc_row][vc_row type=&#8221;full_width_content&#8221; full_screen_row_position=&#8221;middle&#8221; column_margin=&#8221;default&#8221; vertically_center_columns=&#8221;true&#8221; column_direction=&#8221;default&#8221; column_direction_tablet=&#8221;default&#8221; column_direction_phone=&#8221;default&#8221; scene_position=&#8221;center&#8221; text_color=&#8221;dark&#8221; text_align=&#8221;left&#8221; row_border_radius=&#8221;none&#8221; row_border_radius_applies=&#8221;bg&#8221; overflow=&#8221;visible&#8221; overlay_strength=&#8221;0.3&#8243; gradient_direction=&#8221;left_to_right&#8221; shape_divider_position=&#8221;bottom&#8221; bg_image_animation=&#8221;none&#8221; shape_type=&#8221;&#8221;][vc_column column_padding=&#8221;no-extra-padding&#8221; column_padding_tablet=&#8221;inherit&#8221; column_padding_phone=&#8221;inherit&#8221; column_padding_position=&#8221;all&#8221; column_element_direction_desktop=&#8221;default&#8221; column_element_spacing=&#8221;default&#8221; desktop_text_alignment=&#8221;default&#8221; tablet_text_alignment=&#8221;default&#8221; phone_text_alignment=&#8221;default&#8221; background_color_opacity=&#8221;1&#8243; background_hover_color_opacity=&#8221;1&#8243; column_backdrop_filter=&#8221;none&#8221; column_shadow=&#8221;none&#8221; column_border_radius=&#8221;none&#8221; column_link_target=&#8221;_self&#8221; column_position=&#8221;default&#8221; el_class=&#8221;p-3-0&#8243; gradient_direction=&#8221;left_to_right&#8221; overlay_strength=&#8221;0.3&#8243; width=&#8221;1\/1&#8243; tablet_width_inherit=&#8221;default&#8221; animation_type=&#8221;default&#8221; bg_image_animation=&#8221;none&#8221; border_type=&#8221;simple&#8221; column_border_width=&#8221;none&#8221; column_border_style=&#8221;solid&#8221;]<div class=\"sharing-default-minimal\"><div class=\"nectar-social default\" data-position=\"left\" data-color-override=\"override\"><div class=\"nectar-social-inner\"><a class='facebook-share nectar-sharing' href='#' title='Share this'>  <i class='fa fa-facebook'><\/i> <span class='social-text'>Share<\/span> <\/a><a class='twitter-share nectar-sharing' href='#' title='Share this'> <i class='fa icon-salient-x-twitter'><\/i> <span class='social-text'>Share<\/span> <\/a><a class='pinterest-share nectar-sharing' href='#' title='Pin this'> <i class='fa fa-pinterest'><\/i> <span class='social-text'>Pin<\/span> <\/a><\/div><\/div><\/div>[\/vc_column][\/vc_row]\n","protected":false},"excerpt":{"rendered":"<p>[vc_row type=&#8221;in_container&#8221; full_screen_row_position=&#8221;middle&#8221; column_margin=&#8221;default&#8221; column_direction=&#8221;default&#8221; column_direction_tablet=&#8221;default&#8221; column_direction_phone=&#8221;default&#8221; scene_position=&#8221;center&#8221; text_color=&#8221;dark&#8221; text_align=&#8221;left&#8221; row_border_radius=&#8221;none&#8221; row_border_radius_applies=&#8221;bg&#8221; overflow=&#8221;visible&#8221; class=&#8221;p-2-0&#8243; overlay_strength=&#8221;0.3&#8243; gradient_direction=&#8221;left_to_right&#8221; shape_divider_position=&#8221;bottom&#8221; bg_image_animation=&#8221;none&#8221; gradient_type=&#8221;default&#8221; shape_type=&#8221;&#8221;][vc_column column_padding=&#8221;no-extra-padding&#8221; column_padding_tablet=&#8221;inherit&#8221; column_padding_phone=&#8221;inherit&#8221; column_padding_position=&#8221;all&#8221; column_element_direction_desktop=&#8221;default&#8221; column_element_spacing=&#8221;default&#8221; desktop_text_alignment=&#8221;default&#8221; tablet_text_alignment=&#8221;default&#8221; phone_text_alignment=&#8221;default&#8221; background_color_opacity=&#8221;1&#8243;&#8230;<\/p>\n","protected":false},"author":46,"featured_media":15931,"comment_status":"closed","ping_status":"closed","sticky":false,"template":"","format":"standard","meta":{"_acf_changed":false,"h5ap_radio_sources":[],"footnotes":""},"categories":[25,51],"tags":[],"post_kiemeles":[],"class_list":{"0":"post-15893","1":"post","2":"type-post","3":"status-publish","4":"format-standard","5":"has-post-thumbnail","7":"category-interjuk","8":"category-interjuk-2019"},"acf":[],"_links":{"self":[{"href":"https:\/\/balkon.art\/home\/wp-json\/wp\/v2\/posts\/15893","targetHints":{"allow":["GET"]}}],"collection":[{"href":"https:\/\/balkon.art\/home\/wp-json\/wp\/v2\/posts"}],"about":[{"href":"https:\/\/balkon.art\/home\/wp-json\/wp\/v2\/types\/post"}],"author":[{"embeddable":true,"href":"https:\/\/balkon.art\/home\/wp-json\/wp\/v2\/users\/46"}],"replies":[{"embeddable":true,"href":"https:\/\/balkon.art\/home\/wp-json\/wp\/v2\/comments?post=15893"}],"version-history":[{"count":0,"href":"https:\/\/balkon.art\/home\/wp-json\/wp\/v2\/posts\/15893\/revisions"}],"wp:featuredmedia":[{"embeddable":true,"href":"https:\/\/balkon.art\/home\/wp-json\/wp\/v2\/media\/15931"}],"wp:attachment":[{"href":"https:\/\/balkon.art\/home\/wp-json\/wp\/v2\/media?parent=15893"}],"wp:term":[{"taxonomy":"category","embeddable":true,"href":"https:\/\/balkon.art\/home\/wp-json\/wp\/v2\/categories?post=15893"},{"taxonomy":"post_tag","embeddable":true,"href":"https:\/\/balkon.art\/home\/wp-json\/wp\/v2\/tags?post=15893"},{"taxonomy":"post_kiemeles","embeddable":true,"href":"https:\/\/balkon.art\/home\/wp-json\/wp\/v2\/post_kiemeles?post=15893"}],"curies":[{"name":"wp","href":"https:\/\/api.w.org\/{rel}","templated":true}]}}